{"id":26025,"date":"2019-10-17T09:51:00","date_gmt":"2019-10-17T13:51:00","guid":{"rendered":"http:\/\/folhaderondonianews.com\/news\/?p=26025"},"modified":"2019-10-17T09:51:00","modified_gmt":"2019-10-17T13:51:00","slug":"mpf-apresenta-numeros-da-forca-tarefa-amazonia-em-rondonia","status":"publish","type":"post","link":"https:\/\/folhaderondonianews.com\/news\/2019\/10\/17\/mpf-apresenta-numeros-da-forca-tarefa-amazonia-em-rondonia\/","title":{"rendered":"MPF apresenta n\u00fameros da For\u00e7a-tarefa Amaz\u00f4nia em Rond\u00f4nia"},"content":{"rendered":"<p><span style=\"font-family: Arial, sans-serif;\"><span style=\"font-size: medium;\"><span style=\"font-size: small;\">A For\u00e7a-<\/span><span style=\"font-size: small;\">t<\/span><span style=\"font-size: small;\">arefa Amaz\u00f4nia, do <strong>Minist\u00e9rio P\u00fablico Federal<\/strong> (MPF),\u00a0<\/span><span style=\"font-size: small;\">articulou,\u00a0<\/span><span style=\"font-size: small;\">nos \u00faltimos<\/span><span style=\"font-size: small;\">\u00a0seis meses, quatro grandes opera\u00e7\u00f5es para prote\u00e7\u00e3o de terras ind\u00edgenas\u00a0<\/span><span style=\"font-size: small;\">e unidades de conserva\u00e7\u00e3o<\/span><span style=\"font-size: small;\">\u00a0em Rond\u00f4nia.\u00a0<\/span><span style=\"font-size: small;\">Duas<\/span><span style=\"font-size: small;\">\u00a0<\/span><span style=\"font-size: small;\">das opera\u00e7\u00f5es s\u00e3o referentes \u00e0 terra ind\u00edgena <strong>Karipuna<\/strong>,\u00a0<\/span><span style=\"font-size: small;\">uma foi na <strong>Floresta Nacional do Bom Futuro<\/strong><\/span><span style=\"font-size: small;\">\u00a0e\u00a0<\/span><span style=\"font-size: small;\">a\u00a0<\/span><span style=\"font-size: small;\">outra\u00a0<\/span><span style=\"font-size: small;\">refere-se \u00e0<\/span><span style=\"font-size: small;\">\u00a0terra ind\u00edgena<strong> Uru-Eu-Wau-Wau<\/strong>. Ao todo foram 30 pessoas e oito empresas denunciadas por\u00a0<\/span><span style=\"font-size: small;\">crimes como invas\u00e3o de terras ind\u00edgenas, lavagem de dinheiro, organiza\u00e7\u00e3o criminosa, dano ambiental, entre outros.<\/span><\/span><\/span><\/p>\n<p><span style=\"font-family: Arial, sans-serif;\"><span style=\"font-size: medium;\"><span style=\"font-size: small;\">Na<\/span><span style=\"font-size: small;\">\u00a0Opera\u00e7\u00e3o Floresta Virtual\u00a0<\/span><span style=\"font-size: small;\">o foco foi a<\/span><span style=\"font-size: small;\">\u00a0explora\u00e7\u00e3o predat\u00f3ria de madeiras\u00a0<\/span><span style=\"font-size: small;\">n<\/span><span style=\"font-size: small;\">a\u00a0<\/span><span style=\"font-size: small;\">t<\/span><span style=\"font-size: small;\">erra\u00a0<\/span><span style=\"font-size: small;\">i<\/span><span style=\"font-size: small;\">nd\u00edgena <strong>Karipuna<\/strong> e os m\u00e9todos de lavagem empregados pelas serrarias de Uni\u00e3o Bandeirantes,\u00a0<\/span><span style=\"font-size: small;\">localidade que \u00e9 um dis<\/span><span style=\"font-size: small;\">trito\u00a0<\/span><span style=\"font-size: small;\">de<\/span><span style=\"font-size: small;\">\u00a0Porto Velho.\u00a0<\/span><span style=\"font-size: small;\">Descobriu-se durante as investiga\u00e7\u00f5es que\u00a0<\/span><span style=\"font-size: small;\">o<\/span><span style=\"font-size: small;\">s respons\u00e1veis pelas madeireiras desenvolveram um\u00a0<\/span><span style=\"font-size: small;\">grande<\/span><span style=\"font-size: small;\">\u00a0esquema de <strong>falsifica\u00e7\u00e3o<\/strong> de documentos de origem florestal (DOFs), com inser\u00e7\u00e3o de informa\u00e7\u00f5es falsas no Sistema DOF,\u00a0<\/span><span style=\"font-size: small;\">sistema informatizado administrado<\/span><span style=\"font-size: small;\">\u00a0pelo\u00a0<\/span><span style=\"font-size: small;\">Ibama.<\/span><\/span><\/span><\/p>\n<p><span style=\"font-family: Arial, sans-serif;\"><span style=\"font-size: medium;\"><span style=\"font-size: small;\">Com base em informa\u00e7\u00f5es de intelig\u00eancia da F<\/span><span style=\"font-size: small;\">unai<\/span><span style=\"font-size: small;\">, do Batalh\u00e3o de Pol\u00edcia Ambiental e da Pol\u00edcia Federal e de relatos colhidos pelo MPF,\u00a0<\/span><span style=\"font-size: small;\">verificou<\/span><span style=\"font-size: small;\">-se que madeiras extra\u00eddas da\u00a0<\/span><span style=\"font-size: small;\">terra ind\u00edgena<\/span><span style=\"font-size: small;\">\u00a0eram comercializadas para consumidor<\/span><span style=\"font-size: small;\">es<\/span><span style=\"font-size: small;\">\u00a0fina<\/span><span style=\"font-size: small;\">is<\/span><span style=\"font-size: small;\">, lastreadas com DOFs que continham informa\u00e7\u00f5es falsas\u00a0<\/span><span style=\"font-size: small;\">sobre<\/span><span style=\"font-size: small;\">\u00a0sua origem.\u00a0<\/span><span style=\"font-size: small;\">Foi tamb\u00e9m feita uma<\/span><span style=\"font-size: small;\">\u00a0an\u00e1lise de bancos de dados do Sistema DOF, no \u00e2mbito do <strong>Projeto Prometheus\u00a0<\/strong><\/span><span style=\"font-size: small;\">(programa informatizado desenvolvido pelo Ibama). Com isso foi poss\u00edvel rastrear a<\/span><span style=\"font-size: small;\">\u00a0movimenta\u00e7\u00e3o falsa de madeira\u00a0<\/span><span style=\"font-size: small;\">(<\/span><span style=\"font-size: small;\">com pre\u00e7os irreais, rotas de transporte falhas e transa\u00e7\u00f5es que fogem \u00e0 l\u00f3gica comercial<\/span><span style=\"font-size: small;\">)<\/span><span style=\"font-size: small;\">\u00a0<\/span><span style=\"font-size: small;\">e<\/span><span style=\"font-size: small;\">\u00a0identificou-<\/span><span style=\"font-size: small;\">se<\/span><span style=\"font-size: small;\">\u00a0as principais serrarias envolvidas na lavagem das <strong>madeiras<\/strong> oriundas da\u00a0<\/span><span style=\"font-size: small;\">terra ind\u00edgena<\/span><span style=\"font-size: small;\">\u00a0<strong>Karipuna<\/strong>.<\/span><\/span><\/span><\/p>\n<p><span style=\"font-family: Arial, sans-serif;\"><span style=\"font-size: small;\">As madeireiras simulavam vendas de madeira entre si, fazendo movimenta\u00e7\u00f5es fraudulentas de cr\u00e9ditos florestais virtuais, com a finalidade de equalizar o estoque de madeira ilegal em seus p\u00e1tios ao saldo de cr\u00e9ditos de <strong>madeira<\/strong> constante do Sistema DOF. Na pr\u00e1tica, essas madeireiras recebiam madeira ilegal extra\u00edda da terra ind\u00edgena Karipuna e \u201cesquentavam\u201d a madeira, girando entre si os cr\u00e9ditos dispon\u00edveis no Sistema DOF. Entre 2012 e 2019, quase 70% das opera\u00e7\u00f5es das madeireiras investigadas foram dentro de Rond\u00f4nia, caracterizando movimenta\u00e7\u00f5es fraudulentas de cr\u00e9ditos virtuais.<\/span><\/span><\/p>\n<p><span style=\"font-family: Arial, sans-serif;\"><span style=\"font-size: small;\"><b>Den\u00fancias<\/b><b>\u00a0<\/b>&#8211;<b>\u00a0<\/b>A\u00a0Opera\u00e7\u00e3o Floresta Virtual\u00a0teve como resultado\u00a0quatro den\u00fancias\u00a0(a\u00e7\u00f5es penais)\u00a0feitas pelo MPF\u00a0contra 21 pessoas f\u00edsicas e seis\u00a0empresas (madeireiras\u00a0Universal Blue, Teka, Rio Madeira, MBL, DF de Oliveira e JW)\u00a0pelos crimes de recepta\u00e7\u00e3o qualificada, falsidade ideol\u00f3gica, lavagem de dinheiro e organiza\u00e7\u00e3o criminosa.\u00a0O MPF pediu que o\u00a0valor m\u00ednimo de indeniza\u00e7\u00e3o\u00a0de pelo menos\u00a0R$ 57\u00a0milh\u00f5es, nas quatro a\u00e7\u00f5es penais propostas.<\/span><\/span><\/p>\n<p><span style=\"font-family: Arial, sans-serif;\"><span style=\"font-size: small;\">Na Opera\u00e7\u00e3o Karipuna, a FT Amaz\u00f4nia ofereceu den\u00fancia contra nove pessoas f\u00edsicas e duas empresas, pelos crimes de organiza\u00e7\u00e3o criminosa, estelionato, invas\u00e3o de terra da Uni\u00e3o, explora\u00e7\u00e3o econ\u00f4mica de floresta em terras de dom\u00ednio p\u00fablico, sem autoriza\u00e7\u00e3o do \u00f3rg\u00e3o competente, e lavagem de dinheiro.<\/span><\/span><\/p>\n<p><span style=\"font-family: Arial, sans-serif;\"><span style=\"font-size: small;\"><b>Floresta Nacional<\/b><b>\u00a0<\/b>&#8211; J\u00e1 na Opera\u00e7\u00e3o Bom Futuro o objetivo foi desmantelar a organiza\u00e7\u00e3o criminosa que atuava na invas\u00e3o, ocupa\u00e7\u00e3o e desmatamento da Floresta Nacional (Flona) do Bom Futuro, unidade de conserva\u00e7\u00e3o federal. Os invasores implantaram o \u201cAcampamento <strong>Boa Esperan\u00e7a,<\/strong><\/span><\/span><span style=\"font-family: Arial, sans-serif;\"><span style=\"font-size: small;\">\u201d, com cerca de 200 fam\u00edlias em \u00e1rea de 500 hectares, de acordo levantamento da Pol\u00edcia Militar de Rond\u00f4nia.<\/span><\/span><\/p>\n<p><span style=\"font-family: Arial, sans-serif;\"><span style=\"font-size: small;\">Os l\u00edderes das invas\u00f5es fizeram loteamento da \u00e1rea do acampamento ilegal, com a confec\u00e7\u00e3o de mapas e croquis, demarcando os limites de cada lote. Eram fornecidos, pelo grupo criminoso, servi\u00e7os de georreferenciamento, com apoio de profissional na \u00e1rea. Eles cobravam mensalidades dos cadastrados e davam suporte material aos acampados. H\u00e1 evid\u00eancias de que cerca de 420 fam\u00edlias cadastradas pagavam, cada uma, 250 reais de mensalidade, valores que custeavam as fam\u00edlias acampadas. O grupo tinha o apoio de um advogado que dava apar\u00eancia de legalidade \u00e0s atividades do grupo criminoso.<\/span><\/span><\/p>\n<blockquote><p><span style=\"font-family: Arial, sans-serif;\"><span style=\"font-size: small;\">A Opera\u00e7\u00e3o Bom Futuro foi deflagrada em 10 de setembro deste ano, paralelamente ao cumprimento da medida de reintegra\u00e7\u00e3o de posse, determinada pela Justi\u00e7a Federal.\u00a0Foram cumpridos quatro mandados de pris\u00e3o e quatro\u00a0mandados\u00a0de busca e apreens\u00e3o.<\/span><\/span><\/p><\/blockquote>\n<p><span style=\"font-family: Arial, sans-serif;\"><span style=\"font-size: small;\"><b>Loteamento<\/b><b>\u00a0<\/b>&#8211;<b>\u00a0<\/b>Tamb\u00e9m para desarticular outra organiza\u00e7\u00e3o criminosa, foi feita a Opera\u00e7\u00e3o Terra Protegida para apurar invas\u00f5es, grilagem e desmatamentos na terra ind\u00edgena Uru Eu Wau Wau e no Parque Nacional Paca\u00e1s Novos, unidade de conserva\u00e7\u00e3o sobreposta \u00e0 terra ind\u00edgena, em Nova Mamor\u00e9 e em Campo Novo, na regi\u00e3o de Tr\u00eas Coqueiros.<\/span><\/span><\/p>\n<p><span style=\"font-family: Arial, sans-serif;\"><span style=\"font-size: small;\">O alvo da Opera\u00e7\u00e3o era a Associa\u00e7\u00e3o dos Produtores Rurais do Rio Bonito (Asprorib), que arregimentava, cadastrava e cobrava mensalidades de pessoas com o objetivo de ocupar e lotear a terra ind\u00edgena Uru Eu Wau Wau e construir uma vila com nome de \u201cRio Bonito\u201d. Os l\u00edderes das invas\u00f5es iludiam essas pessoas apresentando um contrato de compra e venda de \u00e1rea total de 62 mil hectares, celebrado com suposta posseira chamada Vict\u00f3ria Pando. Eles usavam esse documento prec\u00e1rio e inv\u00e1lido para induzir as invas\u00f5es e lucrar com contribui\u00e7\u00f5es dos associados e venda de lotes.<\/span><\/span><\/p>\n<p><span style=\"font-family: Arial, sans-serif;\"><span style=\"font-size: small;\">O loteamento ilegal j\u00e1 tinha 14 mil hectares desmatados, queimados ou j\u00e1 com pasto. Nesse local, na terra ind\u00edgena, a Asprorib construiu a sede da associa\u00e7\u00e3o. Servidores do ICMBio receberam amea\u00e7as da Associa\u00e7\u00e3o. H\u00e1 relatos de poss\u00edveis amea\u00e7as tamb\u00e9m contra \u00edndios isolados, que vivem e perambulam na regi\u00e3o afetada.<\/span><\/span><\/p>\n<p><span style=\"font-family: Arial, sans-serif;\"><span style=\"font-size: small;\">A fase ostensiva da opera\u00e7\u00e3o foi deflagrada em 17 de setembro e foram decretadas pris\u00f5es de quatro l\u00edderes da Associa\u00e7\u00e3o, mandados de busca e apreens\u00e3o em oito locais e autorizado o bloqueio de valores de contas banc\u00e1rias e ativos financeiros em nome de cinco investigados e da Asprorib.<\/span><\/span><\/p>\n<p><span style=\"font-family: Arial, sans-serif;\"><span style=\"font-size: small;\"><b>Consulta processual<\/b>\u00a0&#8211; Os r\u00e9us ser\u00e3o julgadas pela Justi\u00e7a Federal em Porto Velho. As den\u00fancias podem ser consultadas no Protocolo Judicial Eletr\u00f4nico (PJe) da Justi\u00e7a Federal.<\/span><\/span><\/p>\n<table width=\"100%\" cellspacing=\"0\" cellpadding=\"4\">\n<colgroup>\n<col width=\"60\" \/>\n<col width=\"196\" \/><\/colgroup>\n<tbody>\n<tr valign=\"top\">\n<td width=\"24%\"><span style=\"font-family: Arial, sans-serif;\">Opera\u00e7\u00e3o<\/span><\/td>\n<td width=\"76%\"><span style=\"font-family: Arial, sans-serif;\">Den\u00fancia(s)<\/span><\/td>\n<\/tr>\n<tr valign=\"top\">\n<td width=\"24%\"><span style=\"font-family: Arial, sans-serif;\"><span style=\"font-size: small;\">Floresta Virtual<\/span><\/span><\/td>\n<td width=\"76%\"><span style=\"font-family: Arial, sans-serif;\"><span style=\"font-size: small;\">1003358-43.2019.4.01.4100<\/span><\/span><span style=\"font-family: Arial, sans-serif;\"><span style=\"font-size: small;\">1003833-96.2019.4.01.4100<\/span><\/span><span style=\"font-family: Arial, sans-serif;\"><span style=\"font-size: small;\">1003997-61.2019.4.01.4100<\/span><\/span><span style=\"font-family: Arial, sans-serif;\"><span style=\"font-size: small;\">1005846-68.2019.4.01.4100<\/span><\/span><\/td>\n<\/tr>\n<tr valign=\"top\">\n<td width=\"24%\"><span style=\"font-family: Arial, sans-serif;\"><span style=\"font-size: small;\">Karipuna<\/span><\/span><\/td>\n<td width=\"76%\"><span style=\"font-family: Arial, sans-serif;\"><span style=\"font-size: small;\">1003295-18.2019.4.01.4100<\/span><\/span><\/td>\n<\/tr>\n<\/tbody>\n<\/table>\n<p><span style=\"font-family: Arial, sans-serif;\"><span style=\"font-size: small;\"><b>For\u00e7a-tarefa Amaz\u00f4nia<\/b>\u00a0\u2013 O Minist\u00e9rio P\u00fablico Federal criou em agosto de 2018 a For\u00e7a-tarefa Amaz\u00f4nia (Portaria PGR\/MPF n\u00ba 675\/ 2018), formada para atuar no combate \u00e0 minera\u00e7\u00e3o ilegal, ao desmatamento, \u00e0 grilagem de terras p\u00fablicas, \u00e0 viol\u00eancia agr\u00e1ria e ao tr\u00e1fico de animais silvestres na Amaz\u00f4nia. A FT Amaz\u00f4nia tem o prazo de dura\u00e7\u00e3o de 18 meses e o objetivo de promover a troca de experi\u00eancias e aperfei\u00e7oar o trabalho do MPF no combate aos crimes na Amaz\u00f4nia, al\u00e9m de articular e aprimorar o di\u00e1logo do MPF com institui\u00e7\u00f5es como Ibama, Pol\u00edcia Federal e Ex\u00e9rcito.<\/span><\/span><\/p>\n<p><span style=\"font-family: Arial, sans-serif;\"><span style=\"font-size: small;\">Atualmente, a FT Amaz\u00f4nia \u00e9 formada por 15 procuradores da Rep\u00fablica, sem dedica\u00e7\u00e3o exclusiva. Em Rond\u00f4nia, fazem parte da FT Amaz\u00f4nia duas procuradoras e um procurador.<\/span><\/span><\/p>\n<p><a href=\"https:\/\/www.facebook.com\/recopapetshop\/?ref=br_rs\"><img decoding=\"async\" class=\"alignnone size-full wp-image-25616 lazyload\" data-src=\"https:\/\/folhaderondonianews.com\/news\/wp-content\/uploads\/2019\/10\/rondobras01.jpg\" data-sizes=\"(max-width: 640px) 100vw, 640px\" data-srcset=\"https:\/\/folhaderondonianews.com\/news\/wp-content\/uploads\/2019\/10\/rondobras01.jpg 640w, https:\/\/folhaderondonianews.com\/news\/wp-content\/uploads\/2019\/10\/rondobras01-150x150.jpg 150w, https:\/\/folhaderondonianews.com\/news\/wp-content\/uploads\/2019\/10\/rondobras01-300x300.jpg 300w\" alt=\"\" width=\"640\" height=\"640\" src=\"data:image\/svg+xml;base64,PHN2ZyB3aWR0aD0iMSIgaGVpZ2h0PSIxIiB4bWxucz0iaHR0cDovL3d3dy53My5vcmcvMjAwMC9zdmciPjwvc3ZnPg==\" style=\"--smush-placeholder-width: 640px; --smush-placeholder-aspect-ratio: 640\/640;\" \/><\/a><a href=\"https:\/\/www.facebook.com\/recopapetshop\/\"><img decoding=\"async\" class=\"alignnone size-full wp-image-25569 lazyload\" data-src=\"https:\/\/folhaderondonianews.com\/news\/wp-content\/uploads\/2019\/10\/recopa.jpg\" data-sizes=\"(max-width: 800px) 100vw, 800px\" data-srcset=\"https:\/\/folhaderondonianews.com\/news\/wp-content\/uploads\/2019\/10\/recopa.jpg 800w, https:\/\/folhaderondonianews.com\/news\/wp-content\/uploads\/2019\/10\/recopa-300x111.jpg 300w\" alt=\"\" width=\"800\" height=\"296\" src=\"data:image\/svg+xml;base64,PHN2ZyB3aWR0aD0iMSIgaGVpZ2h0PSIxIiB4bWxucz0iaHR0cDovL3d3dy53My5vcmcvMjAwMC9zdmciPjwvc3ZnPg==\" style=\"--smush-placeholder-width: 800px; --smush-placeholder-aspect-ratio: 800\/296;\" \/><\/a><\/p>\n<div id=\"quads-ad1\" class=\"quads-location quads-ad1\"><\/div>\n<p><iframe title=\"Speed Travel\" data-src=\"https:\/\/www.youtube.com\/embed\/KadgFgGh-ms?feature=oembed\" width=\"678\" height=\"381\" frameborder=\"0\" allowfullscreen=\"allowfullscreen\" data-mce-fragment=\"1\" src=\"data:image\/svg+xml;base64,PHN2ZyB3aWR0aD0iMSIgaGVpZ2h0PSIxIiB4bWxucz0iaHR0cDovL3d3dy53My5vcmcvMjAwMC9zdmciPjwvc3ZnPg==\" class=\"lazyload\" data-load-mode=\"1\"><\/iframe><\/p>\n<div id=\"quads-ad1\" class=\"quads-location quads-ad1\"><\/div>\n<div id=\"quads-ad1\" class=\"quads-location quads-ad1\"><img decoding=\"async\" class=\"alignnone size-full wp-image-24069 lazyload\" data-src=\"https:\/\/folhaderondonianews.com\/news\/wp-content\/uploads\/2019\/08\/novo-carvalho-salao-e-barbearia-divulgar.jpg\" data-sizes=\"(max-width: 640px) 100vw, 640px\" data-srcset=\"https:\/\/folhaderondonianews.com\/news\/wp-content\/uploads\/2019\/08\/novo-carvalho-salao-e-barbearia-divulgar.jpg 640w, https:\/\/folhaderondonianews.com\/news\/wp-content\/uploads\/2019\/08\/novo-carvalho-salao-e-barbearia-divulgar-300x196.jpg 300w\" alt=\"\" width=\"640\" height=\"418\" src=\"data:image\/svg+xml;base64,PHN2ZyB3aWR0aD0iMSIgaGVpZ2h0PSIxIiB4bWxucz0iaHR0cDovL3d3dy53My5vcmcvMjAwMC9zdmciPjwvc3ZnPg==\" style=\"--smush-placeholder-width: 640px; --smush-placeholder-aspect-ratio: 640\/418;\" \/><\/div>\n<div id=\"quads-ad1\" class=\"quads-location quads-ad1\"><\/div>\n<p><a href=\"https:\/\/www.facebook.com\/guaporeveiculos.jipa\"><img decoding=\"async\" class=\"alignnone size-full wp-image-25577 lazyload\" data-src=\"https:\/\/folhaderondonianews.com\/news\/wp-content\/uploads\/2019\/10\/guapore-veiculos-ji-parana.jpg\" data-sizes=\"(max-width: 540px) 100vw, 540px\" data-srcset=\"https:\/\/folhaderondonianews.com\/news\/wp-content\/uploads\/2019\/10\/guapore-veiculos-ji-parana.jpg 540w, https:\/\/folhaderondonianews.com\/news\/wp-content\/uploads\/2019\/10\/guapore-veiculos-ji-parana-169x300.jpg 169w\" alt=\"\" width=\"540\" height=\"960\" src=\"data:image\/svg+xml;base64,PHN2ZyB3aWR0aD0iMSIgaGVpZ2h0PSIxIiB4bWxucz0iaHR0cDovL3d3dy53My5vcmcvMjAwMC9zdmciPjwvc3ZnPg==\" style=\"--smush-placeholder-width: 540px; --smush-placeholder-aspect-ratio: 540\/960;\" \/><\/a><\/p>\n","protected":false},"excerpt":{"rendered":"<div class=\"mh-excerpt\"><p>For\u00e7a-tarefa Amaz\u00f4nia\u00a0fez quatro opera\u00e7\u00f5es e denunciou\u00a030 pessoas e\u00a0oito\u00a0madeireiras\u00a0por crimes em Rond\u00f4nia. R\u00e9us responder\u00e3o pelos crimes de falsidade ideol\u00f3gica, lavagem de dinheiro, organiza\u00e7\u00e3o criminosa e danos ambientais.<\/p>\n<\/div>","protected":false},"author":1,"featured_media":26026,"comment_status":"open","ping_status":"closed","sticky":false,"template":"","format":"standard","meta":{"footnotes":""},"categories":[5],"tags":[3679,5772,5774,538,5239,5773,3054,5771],"class_list":["post-26025","post","type-post","status-publish","format-standard","has-post-thumbnail","hentry","category-brasil","tag-amazonia","tag-falsificacao","tag-floresta-nacional-do-bom-futuro","tag-forca-tarefa","tag-karipuna","tag-madeiras","tag-ministerio-publico-federal","tag-projeto-prometheus"],"_links":{"self":[{"href":"https:\/\/folhaderondonianews.com\/news\/wp-json\/wp\/v2\/posts\/26025","targetHints":{"allow":["GET"]}}],"collection":[{"href":"https:\/\/folhaderondonianews.com\/news\/wp-json\/wp\/v2\/posts"}],"about":[{"href":"https:\/\/folhaderondonianews.com\/news\/wp-json\/wp\/v2\/types\/post"}],"author":[{"embeddable":true,"href":"https:\/\/folhaderondonianews.com\/news\/wp-json\/wp\/v2\/users\/1"}],"replies":[{"embeddable":true,"href":"https:\/\/folhaderondonianews.com\/news\/wp-json\/wp\/v2\/comments?post=26025"}],"version-history":[{"count":0,"href":"https:\/\/folhaderondonianews.com\/news\/wp-json\/wp\/v2\/posts\/26025\/revisions"}],"wp:featuredmedia":[{"embeddable":true,"href":"https:\/\/folhaderondonianews.com\/news\/wp-json\/wp\/v2\/media\/26026"}],"wp:attachment":[{"href":"https:\/\/folhaderondonianews.com\/news\/wp-json\/wp\/v2\/media?parent=26025"}],"wp:term":[{"taxonomy":"category","embeddable":true,"href":"https:\/\/folhaderondonianews.com\/news\/wp-json\/wp\/v2\/categories?post=26025"},{"taxonomy":"post_tag","embeddable":true,"href":"https:\/\/folhaderondonianews.com\/news\/wp-json\/wp\/v2\/tags?post=26025"}],"curies":[{"name":"wp","href":"https:\/\/api.w.org\/{rel}","templated":true}]}}