{"id":26365,"date":"2019-11-03T10:33:11","date_gmt":"2019-11-03T14:33:11","guid":{"rendered":"http:\/\/folhaderondonianews.com\/news\/?p=26365"},"modified":"2019-11-03T10:36:19","modified_gmt":"2019-11-03T14:36:19","slug":"ji-parana-completa-42-anos-em-novembro","status":"publish","type":"post","link":"https:\/\/folhaderondonianews.com\/news\/2019\/11\/03\/ji-parana-completa-42-anos-em-novembro\/","title":{"rendered":"Ji-Paran\u00e1 nos preparativos para a festa dos 42 anos"},"content":{"rendered":"<p><strong>Ji-Paran\u00e1<\/strong> comemora <strong>42 anos<\/strong> no pr\u00f3ximo dia 22 de novembro. A data ter\u00e1 como comemora\u00e7\u00e3o o tradicional passeio cicl\u00edstico e a festa com shows locais e regionais, queima de fogos e o acionamento das luzes da decora\u00e7\u00e3o de natal nas ruas e avenidas do munic\u00edpio. As comemora\u00e7\u00f5es ser\u00e3o realizadas ao lado do Gin\u00e1sio Gerivald\u00e3o, no centro da cidade.<\/p>\n<p>Nesta sexta-feira (1\u00ba de novembro), a comiss\u00e3o organizadora realizou uma reuni\u00e3o para definir os \u00faltimos preparativos. Participaram representantes do Corpo de Bombeiros, Pol\u00edcia Militar, Pol\u00edcia Rodovi\u00e1ria Federal (PRF), Pol\u00edcia Ambiental, Secretarias de Obras e Servi\u00e7os P\u00fablicos, de Sa\u00fade e Esporte e Turismo, Autarquia Municipal de Tr\u00e2nsito, Funda\u00e7\u00e3o Cultural e os empres\u00e1rios que organizar\u00e3o o palco, som e queima de fogos.<\/p>\n<p>\u201cO objetivo \u00e9 que a festa tenha toda a seguran\u00e7a poss\u00edvel. N\u00f3s estamos esperando aproximadamente 15 mil pessoas, al\u00e9m das mais de outras 700 que devem participar do passeio cicl\u00edstico\u201d, acrescentou a secret\u00e1ria municipal de Esporte e Turismo, Seloi Totti.<\/p>\n<p>A programa\u00e7\u00e3o do dia 22 de novembro come\u00e7a logo cedo com a concentra\u00e7\u00e3o dos ciclistas no Gin\u00e1sio Gerivald\u00e3o. A sa\u00edda est\u00e1 marcada para 7 horas. Os participantes v\u00e3o percorrer as principais ruas da cidade para comemorar mais um <strong>anivers\u00e1rio<\/strong> do munic\u00edpio.<\/p>\n<p>As atividades continuam \u00e0s 20h com a esperada queima de fogos para marcar o acionamento das luzes de Natal. Artistas locais e regionais apresentar\u00e3o v\u00e1rios estilos de m\u00fasica no palco at\u00e9 1 hora da manh\u00e3.<\/p>\n<p>Segundo a organiza\u00e7\u00e3o da festa, a ilumina\u00e7\u00e3o e a decora\u00e7\u00e3o da cidade para as festividades de final de ano j\u00e1 come\u00e7am a ser instaladas, por meio do conv\u00eanio entre a Prefeitura e C\u00e2mara de Dirigentes Lojistas (CDL).<\/p>\n<p>Outro assunto definido na reuni\u00e3o foi o bloqueio de algumas ruas pr\u00f3ximas a festa para garantir a seguran\u00e7a. A AMT e PRF ir\u00e3o fechar alguns pontos como a Rua J\u00falio Guerra com a Seis de Maio e a avenida Transcontinental.<\/p>\n<p>\u201cAno passado a festa muito tranquila e bem organizada. Este ano a expectativa \u00e9 que tudo corra bem. Nossa ideia \u00e9 convocar um efetivo extra para dar um refor\u00e7o nos trabalhos antes, durante e depois da festa. Vamos fiscalizar os condutores que insistirem em beber e dirigir. Nossa orienta\u00e7\u00e3o \u00e9 que as pessoas que estiverem viajando neste dia, desviem do centro da cidade pelo anel vi\u00e1rio. Isso vai diminuir o tr\u00e2nsito e os riscos de acidente\u201d, ressaltou o chefe de policiamento da PRF, Jussigl\u00ea Rodrigues.<\/p>\n<p>Para o respons\u00e1vel pelas opera\u00e7\u00f5es da Pol\u00edcia Militar, capit\u00e3o PM Edimar, a festa sempre \u00e9 bem tranquila, mesmo assim o efetivo ser\u00e1 refor\u00e7ado. \u201cN\u00f3s vamos investir na seguran\u00e7a para que a festa de <strong>anivers\u00e1rio<\/strong> da cidade continue agradando a todos. E que as fam\u00edlias sintam seguran\u00e7a em comemorar este dia num evento como este\u201d, finalizou.<\/p>\n<p>&nbsp;<\/p>\n<p><a href=\"https:\/\/www.facebook.com\/recopapetshop\/?ref=br_rs\"><img decoding=\"async\" class=\"alignnone size-full wp-image-25616 lazyload\" data-src=\"https:\/\/folhaderondonianews.com\/news\/wp-content\/uploads\/2019\/10\/rondobras01.jpg\" data-sizes=\"(max-width: 640px) 100vw, 640px\" data-srcset=\"https:\/\/folhaderondonianews.com\/news\/wp-content\/uploads\/2019\/10\/rondobras01.jpg 640w, https:\/\/folhaderondonianews.com\/news\/wp-content\/uploads\/2019\/10\/rondobras01-150x150.jpg 150w, https:\/\/folhaderondonianews.com\/news\/wp-content\/uploads\/2019\/10\/rondobras01-300x300.jpg 300w\" alt=\"\" width=\"640\" height=\"640\" src=\"data:image\/svg+xml;base64,PHN2ZyB3aWR0aD0iMSIgaGVpZ2h0PSIxIiB4bWxucz0iaHR0cDovL3d3dy53My5vcmcvMjAwMC9zdmciPjwvc3ZnPg==\" style=\"--smush-placeholder-width: 640px; --smush-placeholder-aspect-ratio: 640\/640;\" \/><\/a><a href=\"https:\/\/www.facebook.com\/recopapetshop\/\"><img decoding=\"async\" class=\"alignnone size-full wp-image-25569 lazyload\" data-src=\"https:\/\/folhaderondonianews.com\/news\/wp-content\/uploads\/2019\/10\/recopa.jpg\" data-sizes=\"(max-width: 800px) 100vw, 800px\" data-srcset=\"https:\/\/folhaderondonianews.com\/news\/wp-content\/uploads\/2019\/10\/recopa.jpg 800w, https:\/\/folhaderondonianews.com\/news\/wp-content\/uploads\/2019\/10\/recopa-300x111.jpg 300w\" alt=\"\" width=\"800\" height=\"296\" src=\"data:image\/svg+xml;base64,PHN2ZyB3aWR0aD0iMSIgaGVpZ2h0PSIxIiB4bWxucz0iaHR0cDovL3d3dy53My5vcmcvMjAwMC9zdmciPjwvc3ZnPg==\" style=\"--smush-placeholder-width: 800px; --smush-placeholder-aspect-ratio: 800\/296;\" \/><\/a><\/p>\n<div id=\"quads-ad1\" class=\"quads-location quads-ad1\"><\/div>\n<p><iframe title=\"Speed Travel\" data-src=\"https:\/\/www.youtube.com\/embed\/KadgFgGh-ms?feature=oembed\" width=\"678\" height=\"381\" frameborder=\"0\" allowfullscreen=\"allowfullscreen\" data-mce-fragment=\"1\" src=\"data:image\/svg+xml;base64,PHN2ZyB3aWR0aD0iMSIgaGVpZ2h0PSIxIiB4bWxucz0iaHR0cDovL3d3dy53My5vcmcvMjAwMC9zdmciPjwvc3ZnPg==\" class=\"lazyload\" data-load-mode=\"1\"><\/iframe><\/p>\n<div id=\"quads-ad1\" class=\"quads-location quads-ad1\"><ins class=\"adsbygoogle\" data-ad-client=\"ca-pub-4635162416767534\" data-ad-slot=\"1869823607\" data-ad-format=\"auto\" data-adsbygoogle-status=\"done\"><ins id=\"aswift_3_expand\"><ins id=\"aswift_3_anchor\"><iframe id=\"aswift_3\" name=\"aswift_3\" width=\"678\" height=\"280\" frameborder=\"0\" marginwidth=\"0\" marginheight=\"0\" scrolling=\"no\" allowfullscreen=\"allowfullscreen\" data-mce-fragment=\"1\"><\/iframe><\/ins><\/ins><\/ins><\/div>\n<div id=\"quads-ad1\" class=\"quads-location quads-ad1\"><\/div>\n<div><a href=\"https:\/\/www.facebook.com\/guaporeveiculos.jipa\"><img decoding=\"async\" data-src=\"https:\/\/scontent.fpbq1-1.fna.fbcdn.net\/v\/t1.0-9\/72368296_925328431199630_2320798965806661632_o.jpg?_nc_cat=109&amp;_nc_oc=AQnIG-t6dvuWty4UVHXu05tmIl-vmpryIkMi5VrkATV5pS7Xu9iNnTqNvXKzRqk9EJU&amp;_nc_ht=scontent.fpbq1-1.fna&amp;oh=5c2d8fbc814c40991f80d529e84dd726&amp;oe=5E4AA08F\" alt=\"A imagem pode conter: carro e atividades ao ar livre\" width=\"686\" height=\"515\" src=\"data:image\/svg+xml;base64,PHN2ZyB3aWR0aD0iMSIgaGVpZ2h0PSIxIiB4bWxucz0iaHR0cDovL3d3dy53My5vcmcvMjAwMC9zdmciPjwvc3ZnPg==\" class=\"lazyload\" style=\"--smush-placeholder-width: 686px; --smush-placeholder-aspect-ratio: 686\/515;\" \/><\/a><\/div>\n","protected":false},"excerpt":{"rendered":"<div class=\"mh-excerpt\"><p>Comiss\u00e3o organizadora em reuni\u00e3o para definir os \u00faltimos preparativos,<\/p>\n<\/div>","protected":false},"author":1,"featured_media":26366,"comment_status":"open","ping_status":"closed","sticky":false,"template":"","format":"standard","meta":{"footnotes":""},"categories":[5],"tags":[2299,5852],"class_list":["post-26365","post","type-post","status-publish","format-standard","has-post-thumbnail","hentry","category-brasil","tag-aniversario","tag-ji-parana-42-anos"],"_links":{"self":[{"href":"https:\/\/folhaderondonianews.com\/news\/wp-json\/wp\/v2\/posts\/26365","targetHints":{"allow":["GET"]}}],"collection":[{"href":"https:\/\/folhaderondonianews.com\/news\/wp-json\/wp\/v2\/posts"}],"about":[{"href":"https:\/\/folhaderondonianews.com\/news\/wp-json\/wp\/v2\/types\/post"}],"author":[{"embeddable":true,"href":"https:\/\/folhaderondonianews.com\/news\/wp-json\/wp\/v2\/users\/1"}],"replies":[{"embeddable":true,"href":"https:\/\/folhaderondonianews.com\/news\/wp-json\/wp\/v2\/comments?post=26365"}],"version-history":[{"count":0,"href":"https:\/\/folhaderondonianews.com\/news\/wp-json\/wp\/v2\/posts\/26365\/revisions"}],"wp:featuredmedia":[{"embeddable":true,"href":"https:\/\/folhaderondonianews.com\/news\/wp-json\/wp\/v2\/media\/26366"}],"wp:attachment":[{"href":"https:\/\/folhaderondonianews.com\/news\/wp-json\/wp\/v2\/media?parent=26365"}],"wp:term":[{"taxonomy":"category","embeddable":true,"href":"https:\/\/folhaderondonianews.com\/news\/wp-json\/wp\/v2\/categories?post=26365"},{"taxonomy":"post_tag","embeddable":true,"href":"https:\/\/folhaderondonianews.com\/news\/wp-json\/wp\/v2\/tags?post=26365"}],"curies":[{"name":"wp","href":"https:\/\/api.w.org\/{rel}","templated":true}]}}