{"id":26657,"date":"2019-11-27T10:17:06","date_gmt":"2019-11-27T14:17:06","guid":{"rendered":"http:\/\/folhaderondonianews.com\/news\/?p=26657"},"modified":"2019-11-27T10:17:06","modified_gmt":"2019-11-27T14:17:06","slug":"escolinha-da-semetur-e-destaque-em-natacao","status":"publish","type":"post","link":"https:\/\/folhaderondonianews.com\/news\/2019\/11\/27\/escolinha-da-semetur-e-destaque-em-natacao\/","title":{"rendered":"Escolinha da Semetur \u00e9 destaque no Campeonato de Nata\u00e7\u00e3o"},"content":{"rendered":"<p class=\"x_gmail-MsoNoSpacing\">A realiza\u00e7\u00e3o do 2\u00ba Campeonato de <strong>Nata\u00e7\u00e3o<\/strong> \u2018Anivers\u00e1rio de Ji-Paran\u00e1\u2019 em comemora\u00e7\u00e3o ao anivers\u00e1rio de Ji-Paran\u00e1 foi um sucesso. O evento reuniu mais de 140 atletas dos munic\u00edpios de Ji-Paran\u00e1, Ouro Preto do Oeste e Ariquemes, com destaque para os alunos da <strong>Escolinha<\/strong> de Inicia\u00e7\u00e3o Esportiva da Secretaria Municipal de Esportes e Turismo de Ji-Paran\u00e1 (Semetur). Foram 117 atletas da cidade representando a Golfinho, AABB e <strong>Semetur<\/strong> com 60 atletas.<\/p>\n<p class=\"x_gmail-MsoNoSpacing\">\u00a0\u201cO n\u00famero de participantes mais que dobrou comparando com 2018\u201d, disse Weverton Oliveira Duarte, coordenador do evento.<\/p>\n<p class=\"x_gmail-MsoNoSpacing\">O professor Weverton iniciou o trabalho na Escolinha de Inicia\u00e7\u00e3o Esportiva para atender 40 alunos, e atualmente recebe mais de 60 atletas todas as quartas e sextas-feiras na AABB.<\/p>\n<p><img decoding=\"async\" class=\"alignnone size-full wp-image-26658 lazyload\" data-src=\"https:\/\/folhaderondonianews.com\/news\/wp-content\/uploads\/2019\/11\/natacao3.jpg\" alt=\"\" width=\"387\" height=\"360\" data-srcset=\"https:\/\/folhaderondonianews.com\/news\/wp-content\/uploads\/2019\/11\/natacao3.jpg 387w, https:\/\/folhaderondonianews.com\/news\/wp-content\/uploads\/2019\/11\/natacao3-300x279.jpg 300w\" data-sizes=\"(max-width: 387px) 100vw, 387px\" src=\"data:image\/svg+xml;base64,PHN2ZyB3aWR0aD0iMSIgaGVpZ2h0PSIxIiB4bWxucz0iaHR0cDovL3d3dy53My5vcmcvMjAwMC9zdmciPjwvc3ZnPg==\" style=\"--smush-placeholder-width: 387px; --smush-placeholder-aspect-ratio: 387\/360;\" \/> <img decoding=\"async\" class=\"alignnone size-full wp-image-26659 lazyload\" data-src=\"https:\/\/folhaderondonianews.com\/news\/wp-content\/uploads\/2019\/11\/natacao2.jpg\" alt=\"\" width=\"438\" height=\"360\" data-srcset=\"https:\/\/folhaderondonianews.com\/news\/wp-content\/uploads\/2019\/11\/natacao2.jpg 438w, https:\/\/folhaderondonianews.com\/news\/wp-content\/uploads\/2019\/11\/natacao2-300x247.jpg 300w\" data-sizes=\"(max-width: 438px) 100vw, 438px\" src=\"data:image\/svg+xml;base64,PHN2ZyB3aWR0aD0iMSIgaGVpZ2h0PSIxIiB4bWxucz0iaHR0cDovL3d3dy53My5vcmcvMjAwMC9zdmciPjwvc3ZnPg==\" style=\"--smush-placeholder-width: 438px; --smush-placeholder-aspect-ratio: 438\/360;\" \/><\/p>\n<p class=\"x_gmail-MsoNoSpacing\">\u201cA Associa\u00e7\u00e3o do Bando do Brasil \u00e9 nossa parceria neste n\u00facleo\u201d, afirmou Seloi Toti, secret\u00e1ria Municipal de Esportes e Turismo. A equipe da Semetur trabalhou durante todo o domingo no suporte da competi\u00e7\u00e3o, organizando as cinco categorias, incluindo m\u00e1ster e os quatro estilos disputados (borboleta, costa, peito e livre).<\/p>\n<p class=\"x_gmail-MsoNoSpacing\">O resultado positivo dos alunos da Escolinha de Inicia\u00e7\u00e3o Esportiva foi comemorado por Weverton. \u201cEstamos no caminho certo e j\u00e1 visualizamos competidores no JOER 2020\u201d, vibrou o professor. O prefeito Marcito Pinto (PDT) comentou que a prefeitura vem fazendo a sua parte, incentivando a pr\u00e1tica esportiva, e formando mais que atletas, verdadeiros cidad\u00e3os.\u00a0\u00a0\u201cNosso objetivo \u00e9 o esporte de inclus\u00e3o e estamos proporcionando isso atrav\u00e9s das Unidades espalhadas pelo munic\u00edpio\u201d, concluiu Marcito.<\/p>\n<p class=\"x_gmail-MsoNoSpacing\">A Secret\u00e1ria Municipal de Esportes e Turismo, Seloi Toti, agradeceu a confian\u00e7a do prefeito e destacou o excelente final de semana para a comunidade. \u201cAl\u00e9m dos competidores, tivemos uma excelente participa\u00e7\u00e3o dos pais e familiares\u201d, comemorou Seloi. A Semetur tem uma vasta programa\u00e7\u00e3o que continua at\u00e9 dezembro, nos diversos setores esportivos. No pr\u00f3ximo final de semana tem o Ta\u00e7a Ji-Paran\u00e1 de Voleibol in door, e nos dias 6,7 e 8 de dezembro a tradicional Ta\u00e7a Ji-Paran\u00e1 de Jud\u00f4, tamb\u00e9m com competi\u00e7\u00f5es de karat\u00ea, jiu-jitso, taekendoo e apresenta\u00e7\u00f5es de capoeira, tudo no Gin\u00e1sio de Esportes Gerivald\u00e3o.<\/p>\n<p class=\"x_gmail-MsoNoSpacing\">A competi\u00e7\u00e3o de nata\u00e7\u00e3o inicia o t\u00e9rmino das atividades da Escolinha em 2019, informou Weverton, afirmando que o trabalho recome\u00e7a em fevereiro do pr\u00f3ximo ano. A Escolinha de Inicia\u00e7\u00e3o Esportiva da Semetur atende atletas de sete \u00e0 17 anos todas as quartas e sextas-feiras. Os hor\u00e1rios de atendimento n\u00e3o ser\u00e3o divulgados, pois poder\u00e1 haver altera\u00e7\u00f5es em 2020.<\/p>\n<p><img decoding=\"async\" data-src=\"https:\/\/scontent.fpbq1-1.fna.fbcdn.net\/v\/t1.0-9\/36297794_1751764228277088_3351738047677857792_n.png?_nc_cat=102&amp;_nc_eui2=AeH_2Lts776DdZ8ph8WUN1Ep8emmsdjNE5V0IuZKUHjx8SksEwDzR4qRm8qQrfQtd06BL28sm1IRLQT5iQSomSlVcHc2KEc_2lt7cOiF2345bQ&amp;_nc_ohc=ihF3naljE0MAQmJCURjZmwc5LK3vH3IrInp6ZAy1OKsJg3ixP6xWRxwHQ&amp;_nc_ht=scontent.fpbq1-1.fna&amp;oh=ec790a70819d132f644b944c651813bb&amp;oe=5E87289B\" alt=\"A imagem pode conter: texto\" src=\"data:image\/svg+xml;base64,PHN2ZyB3aWR0aD0iMSIgaGVpZ2h0PSIxIiB4bWxucz0iaHR0cDovL3d3dy53My5vcmcvMjAwMC9zdmciPjwvc3ZnPg==\" class=\"lazyload\" \/><\/p>\n<p>&nbsp;<\/p>\n<p><iframe title=\"Speed Travel\" data-src=\"https:\/\/www.youtube.com\/embed\/KadgFgGh-ms?feature=oembed\" width=\"678\" height=\"381\" frameborder=\"0\" allowfullscreen=\"allowfullscreen\" data-mce-fragment=\"1\" src=\"data:image\/svg+xml;base64,PHN2ZyB3aWR0aD0iMSIgaGVpZ2h0PSIxIiB4bWxucz0iaHR0cDovL3d3dy53My5vcmcvMjAwMC9zdmciPjwvc3ZnPg==\" class=\"lazyload\" data-load-mode=\"1\"><\/iframe><\/p>\n<div id=\"quads-ad1\" class=\"quads-location quads-ad1\"><\/div>\n<div id=\"quads-ad1\" class=\"quads-location quads-ad1\"><\/div>\n<div><a href=\"https:\/\/www.facebook.com\/guaporeveiculos.jipa\"><img decoding=\"async\" data-src=\"https:\/\/scontent.fpbq1-1.fna.fbcdn.net\/v\/t1.0-9\/72368296_925328431199630_2320798965806661632_o.jpg?_nc_cat=109&amp;_nc_oc=AQnIG-t6dvuWty4UVHXu05tmIl-vmpryIkMi5VrkATV5pS7Xu9iNnTqNvXKzRqk9EJU&amp;_nc_ht=scontent.fpbq1-1.fna&amp;oh=5c2d8fbc814c40991f80d529e84dd726&amp;oe=5E4AA08F\" alt=\"A imagem pode conter: carro e atividades ao ar livre\" width=\"686\" height=\"515\" src=\"data:image\/svg+xml;base64,PHN2ZyB3aWR0aD0iMSIgaGVpZ2h0PSIxIiB4bWxucz0iaHR0cDovL3d3dy53My5vcmcvMjAwMC9zdmciPjwvc3ZnPg==\" class=\"lazyload\" style=\"--smush-placeholder-width: 686px; --smush-placeholder-aspect-ratio: 686\/515;\" \/><\/a><\/div>\n","protected":false},"excerpt":{"rendered":"<div class=\"mh-excerpt\"><p>A realiza\u00e7\u00e3o do 2\u00ba Campeonato de Nata\u00e7\u00e3o \u2018Anivers\u00e1rio de Ji-Paran\u00e1\u2019 em comemora\u00e7\u00e3o ao anivers\u00e1rio de Ji-Paran\u00e1 foi um sucesso. O evento reuniu mais de 140 <a class=\"mh-excerpt-more\" href=\"https:\/\/folhaderondonianews.com\/news\/2019\/11\/27\/escolinha-da-semetur-e-destaque-em-natacao\/\" title=\"Escolinha da Semetur \u00e9 destaque no Campeonato de Nata\u00e7\u00e3o\">[&#8230;]<\/a><\/p>\n<\/div>","protected":false},"author":1,"featured_media":26660,"comment_status":"open","ping_status":"closed","sticky":false,"template":"","format":"standard","meta":{"footnotes":""},"categories":[4965],"tags":[5960,5961],"class_list":["post-26657","post","type-post","status-publish","format-standard","has-post-thumbnail","hentry","category-esporte","tag-campeonato","tag-natacao"],"_links":{"self":[{"href":"https:\/\/folhaderondonianews.com\/news\/wp-json\/wp\/v2\/posts\/26657","targetHints":{"allow":["GET"]}}],"collection":[{"href":"https:\/\/folhaderondonianews.com\/news\/wp-json\/wp\/v2\/posts"}],"about":[{"href":"https:\/\/folhaderondonianews.com\/news\/wp-json\/wp\/v2\/types\/post"}],"author":[{"embeddable":true,"href":"https:\/\/folhaderondonianews.com\/news\/wp-json\/wp\/v2\/users\/1"}],"replies":[{"embeddable":true,"href":"https:\/\/folhaderondonianews.com\/news\/wp-json\/wp\/v2\/comments?post=26657"}],"version-history":[{"count":0,"href":"https:\/\/folhaderondonianews.com\/news\/wp-json\/wp\/v2\/posts\/26657\/revisions"}],"wp:featuredmedia":[{"embeddable":true,"href":"https:\/\/folhaderondonianews.com\/news\/wp-json\/wp\/v2\/media\/26660"}],"wp:attachment":[{"href":"https:\/\/folhaderondonianews.com\/news\/wp-json\/wp\/v2\/media?parent=26657"}],"wp:term":[{"taxonomy":"category","embeddable":true,"href":"https:\/\/folhaderondonianews.com\/news\/wp-json\/wp\/v2\/categories?post=26657"},{"taxonomy":"post_tag","embeddable":true,"href":"https:\/\/folhaderondonianews.com\/news\/wp-json\/wp\/v2\/tags?post=26657"}],"curies":[{"name":"wp","href":"https:\/\/api.w.org\/{rel}","templated":true}]}}