{"id":26817,"date":"2019-12-11T17:45:31","date_gmt":"2019-12-11T21:45:31","guid":{"rendered":"http:\/\/folhaderondonianews.com\/news\/?p=26817"},"modified":"2019-12-11T17:45:31","modified_gmt":"2019-12-11T21:45:31","slug":"moro-pediu-absolvicao-da-ex-juiza-selma","status":"publish","type":"post","link":"https:\/\/folhaderondonianews.com\/news\/2019\/12\/11\/moro-pediu-absolvicao-da-ex-juiza-selma\/","title":{"rendered":"Moro pediu absolvi\u00e7\u00e3o da ex-ju\u00edza Selma"},"content":{"rendered":"<p>Conhecida como \u201cMoro de saias\u201d, a<strong> ex-ju\u00edza Selma<\/strong> Arruda perdeu o mandato de senadora na \u00faltima ter\u00e7a-feira por decis\u00e3o do Tribunal Superior Eleitoral (<strong>TSE<\/strong>) \u2013 mas tem vaga cativa no cora\u00e7\u00e3o de seu amigo de cal\u00e7as. Antes do julgamento, o ministro da Justi\u00e7a, <strong>S\u00e9rgio Moro,<\/strong> visitou integrantes da Corte para tentar convenc\u00ea-los de que <strong>Selma Arruda<\/strong> era pessoa s\u00e9ria e honesta.<\/p>\n<div class=\"block__advertising block__advertising-in-text\">\n<div id=\"pub-in-text-1\" class=\"advertising advertising--teads outstream advertising--loaded\" data-oglobo-advertising-format=\"in-text\" data-oglobo-advertising-index=\"1\" data-google-query-id=\"CM6dwL_FruYCFZLI4wcdWoIPrw\">\n<div id=\"google_ads_iframe_\/85042905\/edepoca\/carolina-brigido_5__container__\">Segundo Moro, os ind\u00edcios contra ela n\u00e3o passavam de equ\u00edvocos e, portanto, ela n\u00e3o merecia perder o mandato. O chefe da pasta da Justi\u00e7a chegou a argumentar que, diante do perfil reprov\u00e1vel de boa parte dos parlamentares, a ex-magistrada era um alento no Congresso Nacional.<\/div>\n<\/div>\n<\/div>\n<p>Mesmo diante do apelo incisivo, o TSE cassou por seis votos a um o mandato da senadora do Podemos de Mato Grosso, bem como o de seus suplentes.<\/p>\n<p>A acusa\u00e7\u00e3o era de abuso de poder econ\u00f4mico e pr\u00e1tica de caixa dois nas elei\u00e7\u00f5es de 2018. A Corte tamb\u00e9m determinou que ela fique ineleg\u00edvel por oito anos.<\/p>\n<p>Segundo o processo, a senadora recebeu R$ 1,2 milh\u00e3o em transfer\u00eancias banc\u00e1rias de um de seus suplentes, Gilberto Possamai, em abril e julho de 2018. Ela n\u00e3o teria declarado o dinheiro \u00e0<strong> Justi\u00e7a Eleitoral<\/strong>.<\/p>\n<p>Com isso, na pr\u00e1tica, ela gastou mais do que seus concorrentes na campanha. Para a maioria dos ministros do TSE, a irregularidade cont\u00e1bil caracterizou caixa dois.<\/p>\n<p>No julgamento, o ministro Lu\u00eds Roberto Barroso chegou a demonstrar apre\u00e7o pela ex-ju\u00edza. Mas, por fim, somou-se ao time favor\u00e1vel \u00e0 cassa\u00e7\u00e3o.<\/p>\n<p>\u201cEu recebi diversas manifesta\u00e7\u00f5es que exaltavam as virtudes pessoais da senadora Selma Arruda, com \u00eanfase na sua integridade pessoal, na sua coragem e na sua trajet\u00f3ria como magistrada. Na verdade, no entanto, n\u00e3o est\u00e1 aqui em discuss\u00e3o nem seu curr\u00edculo, nem sua atua\u00e7\u00e3o pret\u00e9rita como ju\u00edza. Aqui se discute pura e simplesmente uma quest\u00e3o eleitoral\u201d, explicou.<\/p>\n<div class=\"block block--advertising\">\n<div class=\"block__advertising\">\n<div class=\"block__advertising-header\">Barroso tamb\u00e9m ponderou que Selma Arruda pode ter sido alvo de um compl\u00f4. Mas, ainda assim, estava convicto de que houve crime: \u201cEu n\u00e3o duvido que muitos interesses contrariados tenham se articulado para engendrar a perda do mandato da senadora conquistado nas urnas\u201d, afirmou, concluindo: \u201cMe parece imposs\u00edvel negar que esses fatos contrariam a legisla\u00e7\u00e3o e contrariam a jurisprud\u00eancia deste tribunal, caracterizando abuso de poder econ\u00f4mico\u201d.<\/div>\n<\/div>\n<\/div>\n","protected":false},"excerpt":{"rendered":"<div class=\"mh-excerpt\"><p>Ministro da Justi\u00e7a n\u00e3o obteve sucesso na abordagem: ex-ju\u00edza teve mandato de senadora cassado.<\/p>\n<\/div>","protected":false},"author":1,"featured_media":26818,"comment_status":"open","ping_status":"closed","sticky":false,"template":"","format":"standard","meta":{"footnotes":""},"categories":[9],"tags":[5998,5999,1259,514],"class_list":["post-26817","post","type-post","status-publish","format-standard","has-post-thumbnail","hentry","category-politica","tag-ex-juiza-selma","tag-justica-eleitoral","tag-sergio-moro","tag-tse"],"_links":{"self":[{"href":"https:\/\/folhaderondonianews.com\/news\/wp-json\/wp\/v2\/posts\/26817","targetHints":{"allow":["GET"]}}],"collection":[{"href":"https:\/\/folhaderondonianews.com\/news\/wp-json\/wp\/v2\/posts"}],"about":[{"href":"https:\/\/folhaderondonianews.com\/news\/wp-json\/wp\/v2\/types\/post"}],"author":[{"embeddable":true,"href":"https:\/\/folhaderondonianews.com\/news\/wp-json\/wp\/v2\/users\/1"}],"replies":[{"embeddable":true,"href":"https:\/\/folhaderondonianews.com\/news\/wp-json\/wp\/v2\/comments?post=26817"}],"version-history":[{"count":0,"href":"https:\/\/folhaderondonianews.com\/news\/wp-json\/wp\/v2\/posts\/26817\/revisions"}],"wp:featuredmedia":[{"embeddable":true,"href":"https:\/\/folhaderondonianews.com\/news\/wp-json\/wp\/v2\/media\/26818"}],"wp:attachment":[{"href":"https:\/\/folhaderondonianews.com\/news\/wp-json\/wp\/v2\/media?parent=26817"}],"wp:term":[{"taxonomy":"category","embeddable":true,"href":"https:\/\/folhaderondonianews.com\/news\/wp-json\/wp\/v2\/categories?post=26817"},{"taxonomy":"post_tag","embeddable":true,"href":"https:\/\/folhaderondonianews.com\/news\/wp-json\/wp\/v2\/tags?post=26817"}],"curies":[{"name":"wp","href":"https:\/\/api.w.org\/{rel}","templated":true}]}}