{"id":27267,"date":"2020-01-21T11:09:58","date_gmt":"2020-01-21T15:09:58","guid":{"rendered":"http:\/\/folhaderondonianews.com\/news\/?p=27267"},"modified":"2020-01-21T11:09:58","modified_gmt":"2020-01-21T15:09:58","slug":"juiz-escreve-merdocracia-neoliberal-neofascista-em-decisao","status":"publish","type":"post","link":"https:\/\/folhaderondonianews.com\/news\/2020\/01\/21\/juiz-escreve-merdocracia-neoliberal-neofascista-em-decisao\/","title":{"rendered":"Juiz escreve \u2018merdocracia neoliberal neofascista\u2019 em decis\u00e3o e \u00e9 alvo de representa\u00e7\u00e3o"},"content":{"rendered":"<p><a href=\"https:\/\/www.jota.info\/tributos-e-empresas\/trabalho\/merdocracia-juiz-decisao-20012020\">Jota.info &#8211;<\/a> \u201cA merdocracia neoliberal neofascista est\u00e1 a\u00ed para quem quiser ou puder ver [\u2026] Em suma, merdocracia vem a sintetizar o poder que se atribui aos seres humanos que fazem merdas\u201d. Com essa cr\u00edtica \u00e0 \u201cmerdocracia\u201d e ao presidente Jair Bolsonaro e seus ministros, o juiz do trabalho Jeronimo Azambuja Franco Neto, da 18\u00aa Vara do Trabalho de S\u00e3o Paulo, proferiu <a href=\"https:\/\/www.jota.info\/wp-content\/uploads\/2020\/01\/merdocracia-neoliberal-neofacista-decisao.pdf\">decis\u00e3o<\/a> para condenar o Restaurante Recanto da XV a pagar indeniza\u00e7\u00e3o de R$ 10 mil por danos morais e demonstrar o pagamento do piso salarial, seguro de vida e de acidentes aos funcion\u00e1rios do estabelecimento. <a href=\"https:\/\/www.jota.info\/tributos-e-empresas\/trabalho\/merdocracia-juiz-decisao-20012020\">Continue lendo &#8211; site Jota<\/a><\/p>\n<p>O corregedor nacional de Justi\u00e7a em exerc\u00edcio, ministro Emmanoel Pereira, determinou a abertura de pedido de provid\u00eancias para apurar se a conduta do magistrado \u00e9 vedada pelo C\u00f3digo de \u00c9tica da Magistratura e pela Lei Org\u00e2nica da Magistratura Nacional (Loman).\u00a0O juiz ter\u00e1 um prazo de 15 dias para apresentar informa\u00e7\u00f5es a respeito dos fatos narrados na not\u00edcia.<\/p>\n<p>Parte da decis\u00e3o, que foi copiada em pelo menos outra senten\u00e7a, foi proferida para criticar membros e a\u00e7\u00f5es do governo de Jair Bolsonaro. \u201cO ser humano Weintraub no cargo de Ministro da Educa\u00e7\u00e3o escreve \u201cimprecionante\u201d. O ser humano Moro no cargo de Ministro da Justi\u00e7a foi chamado de \u201cjuizeco fascista\u201d e abomin\u00e1vel pela neta do coronel Alexandrino\u201d, afirmou o juiz em sua senten\u00e7a.\u00a0 <a href=\"https:\/\/www.jota.info\/tributos-e-empresas\/trabalho\/merdocracia-juiz-decisao-20012020\">Continue lendo &#8211; site Jota<\/a><\/p>\n<p>Na decis\u00e3o, o magistrado tamb\u00e9m afirmou que o ministro da Economia, Paulo Guedes, \u201camea\u00e7a com AI-5 (persegui\u00e7\u00e3o, desaparecimentos, torturas, assassinatos)\u201d e que teria afirmado que \u201cgostaria de vender tudo\u201d, em rela\u00e7\u00e3o a privatiza\u00e7\u00f5es.<\/p>\n<p>Azambuja tamb\u00e9m declarou em sua decis\u00e3o que \u201co ser humano Damares no cargo de Ministro da Fam\u00edlia defende \u2018abstin\u00eancia sexual como pol\u00edtica p\u00fablica\u2019. O ser humano Bolsonaro no cargo de presidente da Rep\u00fablica \u00e9 acusado de \u2018incita\u00e7\u00e3o ao genoc\u00eddio ind\u00edgena\u2019 no Tribunal Penal Internacional\u201d. <a href=\"https:\/\/www.jota.info\/tributos-e-empresas\/trabalho\/merdocracia-juiz-decisao-20012020\">Continue lendo &#8211; site Jota<\/a><\/p>\n<p>Para o magistrado, os atos do governo acontecem em nome de uma pauta neoliberal que pretende \u201clibertinar a economia para que as merdas sejam feitas\u201d.<\/p>\n<p>\u201cDepois do Golpe de 2016, o Brasil passou \u00e0 2\u00aa posi\u00e7\u00e3o de pa\u00eds mais desigual do mundo, o 1% mais rico aqui \u00e9 mais rico comparativamente a todos os demais 1% do mundo, houve uma explos\u00e3o da letalidade policial em um sistema penal fracassado e racista\u201d, assevera o magistrado. <a href=\"https:\/\/www.jota.info\/tributos-e-empresas\/trabalho\/merdocracia-juiz-decisao-20012020\">Continue lendo &#8211; site Jota<\/a><\/p>\n<p>Segundo Azambuja, a pauta neoliberal \u00e9 a perpetua\u00e7\u00e3o das \u201cpuls\u00f5es escravistas t\u00e3o preponderantes em pa\u00edses como Brasil e EUA. Neoliberalismo e escravismo acabam sendo coisas que se retroalimentam\u201d.<\/p>\n<p>\u201cPor conta dessa prolifera\u00e7\u00e3o neofascista facilitada pelo bilion\u00e1rio mercado das m\u00eddias sociais, h\u00e1 exilados pol\u00edticos (Jean Wyllys, M\u00e1rcia Tiburi) e at\u00e9 mesmo assassinato com implica\u00e7\u00f5es pol\u00edticas (Marielle Franco, brasileira negra defensora da igualdade e dos direitos humanos)\u201d, afirmou o juiz. <a href=\"https:\/\/www.jota.info\/tributos-e-empresas\/trabalho\/merdocracia-juiz-decisao-20012020\">Continue lendo &#8211; site Jota<\/a><\/p>\n<p>Ele tamb\u00e9m criticou a reforma Trabalhista, feita no governo de Michel Temer (MDB), e a Lei de Liberdade Econ\u00f4mica. Para ele, trata-se de uma \u201cverdadeira deforma\u00e7\u00e3o precarizante do trabalho humano digno\u201d e a \u201cdestrui\u00e7\u00e3o da Seguridade Social enquanto trilh\u00f5es dos tributos regressivos s\u00e3o destinados a bilion\u00e1rios do mercado financeiro rentista\u201d. <a href=\"https:\/\/www.jota.info\/tributos-e-empresas\/trabalho\/merdocracia-juiz-decisao-20012020\">Continue lendo &#8211; site Jota<\/a><\/p>\n<p>O juiz trabalhista tamb\u00e9m criticou o \u201cser humano Dallagnol no cargo de procurador da Rep\u00fablica\u201d por causa da suposta \u201clucratividade com suas palestras e holofotes\u201d e pela afirma\u00e7\u00e3o do procurador de que faria um jejum durante o julgamento do habeas corpus preventivo do ex-presidente Lula, em abril de 2018. <a href=\"https:\/\/www.jota.info\/tributos-e-empresas\/trabalho\/merdocracia-juiz-decisao-20012020\">Continue lendo &#8211; site Jota<\/a><\/p>\n<p>\u201cA merdocracia neoliberal neofascista est\u00e1 a\u00ed para quem quiser ou puder ver. A ela esta decis\u00e3o n\u00e3o serve, pelo contr\u00e1rio, visa a contribuir para sua derrocada\u201d, concluiu o magistrado.<\/p>\n<p>O magistrado tamb\u00e9m afirma que o lugar de fala decis\u00e3o \u201cn\u00e3o \u00e9 voltado ao mercado nem ao lucro, os quais j\u00e1 t\u00eam seus bilion\u00e1rios, sabujos e asseclas de estima\u00e7\u00e3o. O lugar de fala da presente decis\u00e3o \u00e9 o trabalho humano digno voltado \u00e0 igualdade e aos direitos humanos fundamentais\u201d. <a href=\"https:\/\/www.jota.info\/tributos-e-empresas\/trabalho\/merdocracia-juiz-decisao-20012020\">Continue lendo &#8211; site Jota<\/a><\/p>\n<p>O advogado-geral da Uni\u00e3o, Andr\u00e9 Mendon\u00e7a, afirmou pelo Twitter que a Advoacia-Geral da Uni\u00e3o (AGU) representar\u00e1 contra o magistrado no Conselho Nacional de Justi\u00e7a (CNJ). \u201cO linguajar utilizado na senten\u00e7a \u2013 caracter\u00edstico de um militante partid\u00e1rio, n\u00e3o de um juiz \u2013 foge da t\u00e9cnica jur\u00eddica e claramente viola o C\u00f3digo de \u00c9tica da Magistratura\u201d, disse Mendon\u00e7a. <a href=\"https:\/\/www.jota.info\/tributos-e-empresas\/trabalho\/merdocracia-juiz-decisao-20012020\">Continue lendo &#8211; site Jota<\/a><\/p>\n<p>O Instituto Nacional de Advocacia (Inad) apresentou nesta segunda-feira (20\/1) uma\u00a0<a href=\"https:\/\/www.jota.info\/wp-content\/uploads\/2020\/01\/inad-jota.pdf\" target=\"_blank\" rel=\"noopener noreferrer\">representa\u00e7\u00e3o<\/a>\u00a0no CNJ contra o juiz do trabalho. O documento, assinado pelo presidente do instituto, Rodrigo Salgado Martins, assevera que o magistrado atacou \u201ccovardemente\u201d autoridades publicas com base somente em reprodu\u00e7\u00f5es da imprensa.<\/p>\n<p>A representa\u00e7\u00e3o tamb\u00e9m alega que, segundo o C\u00f3digo de\u00a0 Processo Civil (CPC), \u00e9 proibido a ado\u00e7\u00e3o de palavras de cunho ofensivo dentro dos autos, seja em refer\u00eancia a um fato ou a uma pessoa. \u201cA lei pro\u00edbe este tipo de adjetiva\u00e7\u00e3o que se valha de palavras de baixo cal\u00e3o\u201d, diz a representa\u00e7\u00e3o, que requer a<br \/>\naposentadoria compuls\u00f3ria do magistrado. <a href=\"https:\/\/www.jota.info\/tributos-e-empresas\/trabalho\/merdocracia-juiz-decisao-20012020\">Continue lendo &#8211; site Jota<\/a><\/p>\n<p>Azambuja Franco Neto mencionou a \u201cmerdocracia neoliberal neofascista\u201d nos processos de n\u00famero 1001132-78.2019.5.02.0018 e 1000920-57.2019.5.02.0018.<\/p>\n<p class=\"jota-article__byline\"><strong>ALEXANDRE LEORATTI<\/strong>\u00a0\u2013 Rep\u00f3rter em Bras\u00edlia<br \/>\n<strong>HYNDARA FREITAS<\/strong>\u00a0\u2013 Rep\u00f3rter<\/p>\n<div class=\"row\">\n<div class=\"col-sm-10 col-sm-offset-1\">\n<div><\/div>\n<\/div>\n<\/div>\n<p><a href=\"https:\/\/folhaderondonianews.com\/news\/wp-content\/uploads\/2020\/01\/duovet-hospital-veterinario.jpg\"><img decoding=\"async\" class=\"alignnone size-full wp-image-27239 lazyload\" data-src=\"https:\/\/folhaderondonianews.com\/news\/wp-content\/uploads\/2020\/01\/duovet-hospital-veterinario.jpg\" alt=\"duovet hospital veterinario\" width=\"828\" height=\"601\" data-srcset=\"https:\/\/folhaderondonianews.com\/news\/wp-content\/uploads\/2020\/01\/duovet-hospital-veterinario.jpg 828w, https:\/\/folhaderondonianews.com\/news\/wp-content\/uploads\/2020\/01\/duovet-hospital-veterinario-300x218.jpg 300w\" data-sizes=\"(max-width: 828px) 100vw, 828px\" src=\"data:image\/svg+xml;base64,PHN2ZyB3aWR0aD0iMSIgaGVpZ2h0PSIxIiB4bWxucz0iaHR0cDovL3d3dy53My5vcmcvMjAwMC9zdmciPjwvc3ZnPg==\" style=\"--smush-placeholder-width: 828px; --smush-placeholder-aspect-ratio: 828\/601;\" \/><\/a><\/p>\n<div><a href=\"https:\/\/www.facebook.com\/recopapetshop\/\"><img decoding=\"async\" class=\"alignnone wp-image-26879 size-full lazyload\" data-src=\"https:\/\/folhaderondonianews.com\/news\/wp-content\/uploads\/2019\/12\/recopa3.jpg\" data-sizes=\"(max-width: 800px) 100vw, 800px\" data-srcset=\"https:\/\/folhaderondonianews.com\/news\/wp-content\/uploads\/2019\/12\/recopa3.jpg 800w, https:\/\/folhaderondonianews.com\/news\/wp-content\/uploads\/2019\/12\/recopa3-300x111.jpg 300w\" alt=\"Recopa Pet Shop\" width=\"800\" height=\"296\" src=\"data:image\/svg+xml;base64,PHN2ZyB3aWR0aD0iMSIgaGVpZ2h0PSIxIiB4bWxucz0iaHR0cDovL3d3dy53My5vcmcvMjAwMC9zdmciPjwvc3ZnPg==\" style=\"--smush-placeholder-width: 800px; --smush-placeholder-aspect-ratio: 800\/296;\" \/><\/a><\/div>\n<div>\n<p><a href=\"https:\/\/folhaderondonianews.com\/news\/wp-content\/uploads\/2019\/12\/credisis-2-1.jpg\"><img decoding=\"async\" class=\"alignnone wp-image-26970 size-full lazyload\" data-src=\"https:\/\/folhaderondonianews.com\/news\/wp-content\/uploads\/2019\/12\/credisis-2-1.jpg\" data-sizes=\"(max-width: 600px) 100vw, 600px\" data-srcset=\"https:\/\/folhaderondonianews.com\/news\/wp-content\/uploads\/2019\/12\/credisis-2-1.jpg 600w, https:\/\/folhaderondonianews.com\/news\/wp-content\/uploads\/2019\/12\/credisis-2-1-150x150.jpg 150w, https:\/\/folhaderondonianews.com\/news\/wp-content\/uploads\/2019\/12\/credisis-2-1-300x300.jpg 300w\" alt=\"Credisis\" width=\"600\" height=\"600\" src=\"data:image\/svg+xml;base64,PHN2ZyB3aWR0aD0iMSIgaGVpZ2h0PSIxIiB4bWxucz0iaHR0cDovL3d3dy53My5vcmcvMjAwMC9zdmciPjwvc3ZnPg==\" style=\"--smush-placeholder-width: 600px; --smush-placeholder-aspect-ratio: 600\/600;\" \/><\/a><\/p>\n<div>\n<div id=\"r7ad-teads\" class=\"r7ad-mobile\" data-google-query-id=\"CMe2v5f-xuYCFdAFuQYdMK0Jag\">\n<div id=\"google_ads_iframe_\/7542\/r7noticias\/saopaulo\/internas_4__container__\">\n<div class=\"wall protected-content\">\n<div class=\"content-ads content-ads--reveal\" data-block-type=\"ads\" data-block-id=\"5\">\n<div class=\"tag-manager-publicidade-container mc-has-reveal mc-has-ad-lazyload tag-manager-publicidade-banner_materia2 tag-manager-publicidade-container--carregado tag-manager-publicidade-container--visivel\" data-id=\"banner_materia2\" data-google-query-id=\"CP6B2ZOryeYCFckFuQYd0xgDnQ\" data-cid=\"138298187253\" data-lid=\"5249530212\"><\/div>\n<\/div>\n<\/div>\n<\/div>\n<\/div>\n<p><iframe title=\"fb:video Facebook Social Plugin\" data-src=\"https:\/\/www.facebook.com\/v5.0\/plugins\/video.php?app_id=&amp;channel=https%3A%2F%2Fstaticxx.facebook.com%2Fconnect%2Fxd_arbiter.php%3Fversion%3D44%23cb%3Df31151a11a63d2c%26domain%3Dfolhaderondonianews.com%26origin%3Dhttp%253A%252F%252Ffolhaderondonianews.com%252Ff158201f6ca098%26relation%3Dparent.parent&amp;container_width=0&amp;href=https%3A%2F%2Fwww.facebook.com%2Fspeedfibra%2Fvideos%2F510337982863286%2F&amp;locale=pt_BR&amp;sdk=joey&amp;width=678\" name=\"f1fa64faf53f534\" width=\"678px\" height=\"1000px\" frameborder=\"0\" scrolling=\"no\" allowfullscreen=\"allowfullscreen\" data-mce-fragment=\"1\" src=\"data:image\/svg+xml;base64,PHN2ZyB3aWR0aD0iMSIgaGVpZ2h0PSIxIiB4bWxucz0iaHR0cDovL3d3dy53My5vcmcvMjAwMC9zdmciPjwvc3ZnPg==\" class=\"lazyload\" data-load-mode=\"1\"><\/iframe><\/p>\n<\/div>\n<\/div>\n<div id=\"quads-ad1\" class=\"quads-location quads-ad1\"><ins class=\"adsbygoogle\" data-ad-client=\"ca-pub-4635162416767534\" data-ad-slot=\"1869823607\" data-ad-format=\"auto\" data-adsbygoogle-status=\"done\"><ins id=\"aswift_1_expand\"><ins id=\"aswift_1_anchor\"><iframe id=\"aswift_1\" name=\"aswift_1\" width=\"678\" height=\"280\" frameborder=\"0\" marginwidth=\"0\" marginheight=\"0\" scrolling=\"no\" allowfullscreen=\"allowfullscreen\" data-mce-fragment=\"1\"><\/iframe><\/ins><\/ins><\/ins><\/div>\n<div id=\"quads-ad1\" class=\"quads-location quads-ad1\"><\/div>\n","protected":false},"excerpt":{"rendered":"<div class=\"mh-excerpt\"><p>\u201cA merdocracia neoliberal neofascista est\u00e1 a\u00ed para quem quiser ou puder ver [\u2026] diz juiz em senten\u00e7a e torna-se alvo de representa\u00e7\u00e3o<\/p>\n<\/div>","protected":false},"author":1,"featured_media":27268,"comment_status":"open","ping_status":"closed","sticky":false,"template":"","format":"standard","meta":{"footnotes":""},"categories":[1],"tags":[261,6160,6161,6162],"class_list":["post-27267","post","type-post","status-publish","format-standard","has-post-thumbnail","hentry","category-sem-categoria","tag-juiz","tag-merdocracia-neoliberal","tag-neofascist","tag-azambuja"],"_links":{"self":[{"href":"https:\/\/folhaderondonianews.com\/news\/wp-json\/wp\/v2\/posts\/27267","targetHints":{"allow":["GET"]}}],"collection":[{"href":"https:\/\/folhaderondonianews.com\/news\/wp-json\/wp\/v2\/posts"}],"about":[{"href":"https:\/\/folhaderondonianews.com\/news\/wp-json\/wp\/v2\/types\/post"}],"author":[{"embeddable":true,"href":"https:\/\/folhaderondonianews.com\/news\/wp-json\/wp\/v2\/users\/1"}],"replies":[{"embeddable":true,"href":"https:\/\/folhaderondonianews.com\/news\/wp-json\/wp\/v2\/comments?post=27267"}],"version-history":[{"count":0,"href":"https:\/\/folhaderondonianews.com\/news\/wp-json\/wp\/v2\/posts\/27267\/revisions"}],"wp:featuredmedia":[{"embeddable":true,"href":"https:\/\/folhaderondonianews.com\/news\/wp-json\/wp\/v2\/media\/27268"}],"wp:attachment":[{"href":"https:\/\/folhaderondonianews.com\/news\/wp-json\/wp\/v2\/media?parent=27267"}],"wp:term":[{"taxonomy":"category","embeddable":true,"href":"https:\/\/folhaderondonianews.com\/news\/wp-json\/wp\/v2\/categories?post=27267"},{"taxonomy":"post_tag","embeddable":true,"href":"https:\/\/folhaderondonianews.com\/news\/wp-json\/wp\/v2\/tags?post=27267"}],"curies":[{"name":"wp","href":"https:\/\/api.w.org\/{rel}","templated":true}]}}