{"id":27365,"date":"2020-02-06T18:39:39","date_gmt":"2020-02-06T22:39:39","guid":{"rendered":"http:\/\/folhaderondonianews.com\/news\/?p=27365"},"modified":"2020-02-07T02:55:09","modified_gmt":"2020-02-07T06:55:09","slug":"beira-rio-cultural-de-ji-parana-volta-a-funcionar","status":"publish","type":"post","link":"https:\/\/folhaderondonianews.com\/news\/2020\/02\/06\/beira-rio-cultural-de-ji-parana-volta-a-funcionar\/","title":{"rendered":"Beira-Rio Cultural de Ji-Paran\u00e1 volta a funcionar"},"content":{"rendered":"<p class=\"x_MsoNormal\">A cidade de Ji-Paran\u00e1 voltou a ter orgulho de um dos seus principais pontos tur\u00edsticos. O Beira-Rio Cultural, constru\u00eddo na d\u00e9cada de 1990 e que ficou desativado por v\u00e1rios anos, foi todo revitalizado, e agora j\u00e1 pode oficialmente ser utilizado pela popula\u00e7\u00e3o.<\/p>\n<p class=\"x_MsoNormal\">A cerim\u00f4nia de reinaugura\u00e7\u00e3o aconteceu na tarde desta quinta-feira com a presen\u00e7a do Governador do Estado Marcos Rocha, do Prefeito de Ji-Paran\u00e1 Marcito Pinto, Presidente da Assembleia Legislativa Laerte Gomes, deputada federal Silvia Cristina, deputados estaduais, secret\u00e1rios\u00a0 e vereadores.<\/p>\n<p class=\"x_MsoNormal\">A revitaliza\u00e7\u00e3o custou cerca de R$ 1,6 milh\u00e3o aos cofres p\u00fablicos e para ser finalizada contou com uma parceria, com a\u00e7\u00f5es do Governo do Estado, Prefeitura de Ji-Paran\u00e1 e do Legislativo Estadual.\u00a0 O projeto de engenharia foi elaborado pela Secretaria de Planejamento da Prefeitura no final ano de 2014 e desde ent\u00e3o, criou-se uma grande expectativa na popula\u00e7\u00e3o para o recebimento da obra.<\/p>\n<blockquote><p>Beira-Rio Cultural de Ji-Paran\u00e1 volta a funcionar<\/p><\/blockquote>\n<p class=\"x_MsoNormal\">Com o recurso, o Governo do Estado executou a obra numa \u00e1rea de 6 mil m\u00b2, com dois quiosques novos, um restaurante, academia de gin\u00e1stica ao ar livre, espa\u00e7o gramado, Playground, muro de conten\u00e7\u00e3o pr\u00f3ximo ao leito do Rio Machado, estacionamento cal\u00e7ado e paisagismo.<\/p>\n<p class=\"x_MsoNormal\">A prefeitura, atrav\u00e9s das equipes da Secretaria de Obras, executou nas \u00faltimas duas semanas, a recupera\u00e7\u00e3o da pista de caminhada, recupera\u00e7\u00e3o de meio fio, bancos da pra\u00e7a, limpeza da lagoa, reforma do palco de shows e eventos, cal\u00e7amento das vias, plantio de \u00e1rvores e reparos na ilumina\u00e7\u00e3o.<\/p>\n<p class=\"x_MsoNormal\">Uma informa\u00e7\u00e3o importante prestada pelo Prefeito Marcito Pinto \u00e9 que todo o espa\u00e7o ser\u00e1 incorporado ao Parque Ecol\u00f3gico Municipal, transformando toda aquela regi\u00e3o num grande polo tur\u00edstico.<\/p>\n<p class=\"x_MsoNormal\">Marcito tamb\u00e9m enalteceu o trabalho pol\u00edtico do presidente da Assembleia Legislativa, Laerte Gomes, para libera\u00e7\u00e3o dos recursos e o empenho do Governador Marcos Rocha para concluir a obra.<\/p>\n<p><a href=\"https:\/\/folhaderondonianews.com\/news\/wp-content\/uploads\/2020\/02\/Beira-Rio-Cultural-de-Ji-Parana-volta-a-funcionar.jpg\"><img decoding=\"async\" class=\"alignnone size-full wp-image-27367 lazyload\" data-src=\"https:\/\/folhaderondonianews.com\/news\/wp-content\/uploads\/2020\/02\/Beira-Rio-Cultural-de-Ji-Parana-volta-a-funcionar.jpg\" alt=\"\" width=\"640\" height=\"427\" data-srcset=\"https:\/\/folhaderondonianews.com\/news\/wp-content\/uploads\/2020\/02\/Beira-Rio-Cultural-de-Ji-Parana-volta-a-funcionar.jpg 640w, https:\/\/folhaderondonianews.com\/news\/wp-content\/uploads\/2020\/02\/Beira-Rio-Cultural-de-Ji-Parana-volta-a-funcionar-300x200.jpg 300w\" data-sizes=\"(max-width: 640px) 100vw, 640px\" src=\"data:image\/svg+xml;base64,PHN2ZyB3aWR0aD0iMSIgaGVpZ2h0PSIxIiB4bWxucz0iaHR0cDovL3d3dy53My5vcmcvMjAwMC9zdmciPjwvc3ZnPg==\" style=\"--smush-placeholder-width: 640px; --smush-placeholder-aspect-ratio: 640\/427;\" \/><\/a><\/p>\n<p class=\"x_MsoNormal\">\u201cTemos aqui o fruto do trabalho de v\u00e1rias m\u00e3os. Este projeto de revitaliza\u00e7\u00e3o teve in\u00edcio ainda no ano de 2014 e, desde ent\u00e3o, foram in\u00fameros obst\u00e1culos superados. Por isso, quero agradecer a todos aqueles que de alguma forma contribu\u00edram para que esta revitaliza\u00e7\u00e3o se tornasse realidade, especialmente as equipes da prefeitura, do governador Marcos Rocha e do Gabinete do deputado Laerte, todos que ajudaram foram importantes\u201d, concluiu.<\/p>\n<p class=\"x_MsoNormal\">A prefeitura tamb\u00e9m iniciou nesta semana o processo licitat\u00f3rio para concess\u00e3o dos espa\u00e7os comerciais. A inten\u00e7\u00e3o \u00e9 que a pra\u00e7a volte a receber os grandes eventos que s\u00e3o realizados no munic\u00edpio.<\/p>\n<p class=\"x_MsoNormal\"><b>Equipamentos \u2013<\/b>\u00a0Durante a cerim\u00f4nia, o Governo do Estado realizou a entrega de m\u00e1quinas para as resid\u00eancias do Departamento Estadual de Estradas e Rodagens (DER-RO). Foram investidos R$ 3.450.260,00 (Tr\u00eas Milh\u00f5es, Quatrocentos e Cinquenta Mil e Duzentos e Sessenta Reais), na compra de dois Caminh\u00f5es Pipa, uma mini carregadeira, duas Motoniveladoras, tr\u00eas retroescavadeiras, quatro motobombas e cinco camionetes Hilux.<\/p>\n<div><a href=\"https:\/\/www.facebook.com\/recopapetshop\/\"><img decoding=\"async\" class=\"alignnone wp-image-26879 size-full lazyload\" data-src=\"https:\/\/folhaderondonianews.com\/news\/wp-content\/uploads\/2019\/12\/recopa3.jpg\" data-sizes=\"(max-width: 800px) 100vw, 800px\" data-srcset=\"https:\/\/folhaderondonianews.com\/news\/wp-content\/uploads\/2019\/12\/recopa3.jpg 800w, https:\/\/folhaderondonianews.com\/news\/wp-content\/uploads\/2019\/12\/recopa3-300x111.jpg 300w\" alt=\"Recopa Pet Shop\" width=\"800\" height=\"296\" src=\"data:image\/svg+xml;base64,PHN2ZyB3aWR0aD0iMSIgaGVpZ2h0PSIxIiB4bWxucz0iaHR0cDovL3d3dy53My5vcmcvMjAwMC9zdmciPjwvc3ZnPg==\" style=\"--smush-placeholder-width: 800px; --smush-placeholder-aspect-ratio: 800\/296;\" \/><\/a><\/div>\n<div>\n<p><a href=\"https:\/\/folhaderondonianews.com\/news\/wp-content\/uploads\/2019\/12\/credisis-2-1.jpg\"><img decoding=\"async\" class=\"alignnone wp-image-26970 size-full lazyload\" data-src=\"https:\/\/folhaderondonianews.com\/news\/wp-content\/uploads\/2019\/12\/credisis-2-1.jpg\" data-sizes=\"(max-width: 600px) 100vw, 600px\" data-srcset=\"https:\/\/folhaderondonianews.com\/news\/wp-content\/uploads\/2019\/12\/credisis-2-1.jpg 600w, https:\/\/folhaderondonianews.com\/news\/wp-content\/uploads\/2019\/12\/credisis-2-1-150x150.jpg 150w, https:\/\/folhaderondonianews.com\/news\/wp-content\/uploads\/2019\/12\/credisis-2-1-300x300.jpg 300w\" alt=\"Credisis\" width=\"600\" height=\"600\" src=\"data:image\/svg+xml;base64,PHN2ZyB3aWR0aD0iMSIgaGVpZ2h0PSIxIiB4bWxucz0iaHR0cDovL3d3dy53My5vcmcvMjAwMC9zdmciPjwvc3ZnPg==\" style=\"--smush-placeholder-width: 600px; --smush-placeholder-aspect-ratio: 600\/600;\" \/><\/a><\/p>\n<div>\n<div id=\"r7ad-teads\" class=\"r7ad-mobile\" data-google-query-id=\"CMe2v5f-xuYCFdAFuQYdMK0Jag\">\n<div id=\"google_ads_iframe_\/7542\/r7noticias\/saopaulo\/internas_4__container__\">\n<div class=\"wall protected-content\">\n<div class=\"content-ads content-ads--reveal\" data-block-type=\"ads\" data-block-id=\"5\">\n<div class=\"tag-manager-publicidade-container mc-has-reveal mc-has-ad-lazyload tag-manager-publicidade-banner_materia2 tag-manager-publicidade-container--carregado tag-manager-publicidade-container--visivel\" data-id=\"banner_materia2\" data-google-query-id=\"CP6B2ZOryeYCFckFuQYd0xgDnQ\" data-cid=\"138298187253\" data-lid=\"5249530212\"><\/div>\n<\/div>\n<\/div>\n<\/div>\n<\/div>\n<p><iframe title=\"fb:video Facebook Social Plugin\" data-src=\"https:\/\/www.facebook.com\/v5.0\/plugins\/video.php?app_id=&amp;channel=https%3A%2F%2Fstaticxx.facebook.com%2Fconnect%2Fxd_arbiter.php%3Fversion%3D44%23cb%3Df31151a11a63d2c%26domain%3Dfolhaderondonianews.com%26origin%3Dhttp%253A%252F%252Ffolhaderondonianews.com%252Ff158201f6ca098%26relation%3Dparent.parent&amp;container_width=0&amp;href=https%3A%2F%2Fwww.facebook.com%2Fspeedfibra%2Fvideos%2F510337982863286%2F&amp;locale=pt_BR&amp;sdk=joey&amp;width=678\" name=\"f1fa64faf53f534\" width=\"678px\" height=\"1000px\" frameborder=\"0\" scrolling=\"no\" allowfullscreen=\"allowfullscreen\" data-mce-fragment=\"1\" src=\"data:image\/svg+xml;base64,PHN2ZyB3aWR0aD0iMSIgaGVpZ2h0PSIxIiB4bWxucz0iaHR0cDovL3d3dy53My5vcmcvMjAwMC9zdmciPjwvc3ZnPg==\" class=\"lazyload\" data-load-mode=\"1\"><\/iframe><\/p>\n<\/div>\n<\/div>\n<div id=\"quads-ad1\" class=\"quads-location quads-ad1\"><ins class=\"adsbygoogle\" data-ad-client=\"ca-pub-4635162416767534\" data-ad-slot=\"1869823607\" data-ad-format=\"auto\" data-adsbygoogle-status=\"done\"><ins id=\"aswift_1_expand\"><ins id=\"aswift_1_anchor\"><iframe id=\"aswift_1\" name=\"aswift_1\" width=\"678\" height=\"280\" frameborder=\"0\" marginwidth=\"0\" marginheight=\"0\" scrolling=\"no\" allowfullscreen=\"allowfullscreen\" data-mce-fragment=\"1\"><\/iframe><\/ins><\/ins><\/ins><\/div>\n<div id=\"quads-ad1\" class=\"quads-location quads-ad1\"><\/div>\n<p>&nbsp;<\/p>\n","protected":false},"excerpt":{"rendered":"<div class=\"mh-excerpt\"><p>Beira-Rio Cultural de Ji-Paran\u00e1 volta a funcionar ap\u00f3s mais de uma d\u00e9cada desativado. A cerim\u00f4nia de reinaugura\u00e7\u00e3o aconteceu na tarde desta quinta-feira.<\/p>\n<\/div>","protected":false},"author":1,"featured_media":27366,"comment_status":"open","ping_status":"closed","sticky":false,"template":"","format":"standard","meta":{"footnotes":""},"categories":[3],"tags":[5989],"class_list":["post-27365","post","type-post","status-publish","format-standard","has-post-thumbnail","hentry","category-cotidiano","tag-beira-rio-cultural"],"_links":{"self":[{"href":"https:\/\/folhaderondonianews.com\/news\/wp-json\/wp\/v2\/posts\/27365","targetHints":{"allow":["GET"]}}],"collection":[{"href":"https:\/\/folhaderondonianews.com\/news\/wp-json\/wp\/v2\/posts"}],"about":[{"href":"https:\/\/folhaderondonianews.com\/news\/wp-json\/wp\/v2\/types\/post"}],"author":[{"embeddable":true,"href":"https:\/\/folhaderondonianews.com\/news\/wp-json\/wp\/v2\/users\/1"}],"replies":[{"embeddable":true,"href":"https:\/\/folhaderondonianews.com\/news\/wp-json\/wp\/v2\/comments?post=27365"}],"version-history":[{"count":0,"href":"https:\/\/folhaderondonianews.com\/news\/wp-json\/wp\/v2\/posts\/27365\/revisions"}],"wp:featuredmedia":[{"embeddable":true,"href":"https:\/\/folhaderondonianews.com\/news\/wp-json\/wp\/v2\/media\/27366"}],"wp:attachment":[{"href":"https:\/\/folhaderondonianews.com\/news\/wp-json\/wp\/v2\/media?parent=27365"}],"wp:term":[{"taxonomy":"category","embeddable":true,"href":"https:\/\/folhaderondonianews.com\/news\/wp-json\/wp\/v2\/categories?post=27365"},{"taxonomy":"post_tag","embeddable":true,"href":"https:\/\/folhaderondonianews.com\/news\/wp-json\/wp\/v2\/tags?post=27365"}],"curies":[{"name":"wp","href":"https:\/\/api.w.org\/{rel}","templated":true}]}}