{"id":27530,"date":"2020-03-09T09:50:53","date_gmt":"2020-03-09T13:50:53","guid":{"rendered":"http:\/\/folhaderondonianews.com\/news\/?p=27530"},"modified":"2020-03-09T09:50:53","modified_gmt":"2020-03-09T13:50:53","slug":"edivaldo-gomes-apresenta-anteprojeto-que-estabelece-prazos-para-a-caerd-o-contrato-vigente-nao-preve-prazos-para-a-prestacao-de-servicos-em-ji-parana","status":"publish","type":"post","link":"https:\/\/folhaderondonianews.com\/news\/2020\/03\/09\/edivaldo-gomes-apresenta-anteprojeto-que-estabelece-prazos-para-a-caerd-o-contrato-vigente-nao-preve-prazos-para-a-prestacao-de-servicos-em-ji-parana\/","title":{"rendered":"Edivaldo Gomes apresenta anteprojeto que estabelece prazos para a Caerd"},"content":{"rendered":"<p class=\"x_MsoNormal\">Edivaldo Gomes apresenta anteprojeto que estabelece prazos para a Caerd. O contrato vigente n\u00e3o prev\u00ea prazos para a presta\u00e7\u00e3o de servi\u00e7os em Ji-Paran\u00e1.<\/p>\n<p class=\"x_MsoNormal\">O vereador Edivaldo Gomes (PSB) apresentou anteprojeto de lei na C\u00e2mara Municipal de Ji-Paran\u00e1 que estabelece prazos para que a Companhia de \u00c1guas e Esgotos de Rond\u00f4nia (Caerd) cumpra na liga\u00e7\u00e3o e religa\u00e7\u00e3o do fornecimento de \u00e1gua aos consumidores da cidade.\u00a0<span class=\"x_e24kjd\">Um\u00a0anteprojeto\u00a0\u00e9 o estudo preliminar ou esbo\u00e7o que se faz para a elabora\u00e7\u00e3o de um\u00a0projeto.<\/span><\/p>\n<p class=\"x_MsoNormal\">\u201cInfelizmente, o contrato entre o munic\u00edpio e a Caerd n\u00e3o estabelece prazos para a presta\u00e7\u00e3o dos servi\u00e7os, assim tamb\u00e9m como n\u00e3o h\u00e1, na legisla\u00e7\u00e3o que rege essa concess\u00e3o, nenhum prazo espec\u00edfico, baseando-se na fiscaliza\u00e7\u00e3o do termo de presta\u00e7\u00e3o de bons servi\u00e7os\u201d, garantiu Edivaldo Gomes.<\/p>\n<p class=\"x_MsoNormal\">\n<p class=\"x_MsoNormal\">De acordo com o vereador, a determina\u00e7\u00e3o de prazos, que deve ser obedecida na primeira liga\u00e7\u00e3o, religa\u00e7\u00e3o, v\u00e9speras de feriados, sextas-feiras e pontos facultativos, \u00e9 de responsabilidade do munic\u00edpio, com compet\u00eancia exclusiva do prefeito, conforme o Artigo 25 da Lei Org\u00e2nica Municipal.<\/p>\n<p class=\"x_MsoNormal\">\n<p class=\"x_MsoNormal\">\u201cPor\u00e9m, cabe a n\u00f3s vereadores provocar essa situa\u00e7\u00e3o. Trazer \u00e0 luz a necessidade para que o mun\u00edcipe seja atendido. Atualmente, s\u00e3o centenas de pessoas aguardando, por um longo tempo, a primeira liga\u00e7\u00e3o. Houve, inclusive, o caso de um consumidor em que a justi\u00e7a determinou uma indeniza\u00e7\u00e3o de R$ 3 mil por causa da demora de quatro meses\u201d, frisou.<\/p>\n<blockquote>\n<p class=\"x_MsoNormal\">Edivaldo Gomes apresenta anteprojeto que estabelece prazos para a Caerd<\/p>\n<\/blockquote>\n<p class=\"x_MsoNormal\">Sobre a falta de uma legisla\u00e7\u00e3o espec\u00edfica, Gomes afirmou que \u201cToda vez que deixamos o judici\u00e1rio decidir por n\u00f3s, estamos pesando a atividade judici\u00e1ria e transferindo a ela [justi\u00e7a] um poder conferido exclusivamente ao parlamento. \u00c9 o que estamos fazendo em rela\u00e7\u00e3o \u00e0 Caerd\u201d.<\/p>\n<p class=\"x_MsoNormal\">\n<p class=\"x_MsoNormal\">O anteprojeto prev\u00ea prazo de 10 dias \u00fateis para que a Caerd efetive a primeira liga\u00e7\u00e3o para o fornecimento de \u00e1gua ao consumidor, caso atendidas as normas t\u00e9cnicas de instala\u00e7\u00e3o e de seguran\u00e7a por parte do solicitante. Caso precise corrigir alguma falha, a Caerd tem 5 dias \u00fateis para comunicar oficialmente ao consumidor os problemas a serem reparados.<\/p>\n<p class=\"x_MsoNormal\">\n<p class=\"x_MsoNormal\">Corrigido o problema, fica estabelecido prazo m\u00e1ximo de mais 5 dias \u00fateis para efetivar a liga\u00e7\u00e3o do abastecimento. A companhia poder\u00e1 ser multada em 20 UPFs (Unidade Padr\u00e3o Fiscal do Estado de Rond\u00f4nia) por descumprir os prazos, acrescida do dobro, caso seja notificada pela\u00a0<span class=\"x_e24kjd\">Ag\u00eancia Reguladora\u00a0de Servi\u00e7os P\u00fablicos Delegados de Ji-Paran\u00e1 (Agerji).<\/span><\/p>\n<p class=\"x_MsoNormal\"><span class=\"x_e24kjd\">\u00a0<\/span><\/p>\n<p class=\"x_MsoNormal\"><span class=\"x_e24kjd\">O texto ainda prev\u00ea que\u00a0<\/span>a interrup\u00e7\u00e3o no fornecimento de \u00e1gua por inadimpl\u00eancia s\u00f3 poder\u00e1 ser efetuado, ap\u00f3s 30 dias corridos do vencimento da fatura e, respeitado esse prazo, com aviso pr\u00e9vio, para outro prazo de 15 dias corridos, antecedentes \u00e0 data do corte.<\/p>\n<p>&nbsp;<\/p>\n<p>&nbsp;<\/p>\n<p><a href=\"https:\/\/www.facebook.com\/speedfibra\/photos\/rpp.175584725842815\/2898341546900439\/?type=3&amp;theater\"><img decoding=\"async\" data-src=\"https:\/\/scontent.fjpr1-1.fna.fbcdn.net\/v\/t1.0-9\/p960x960\/81602614_2898341553567105_6259376077517357056_o.jpg?_nc_cat=105&amp;_nc_ohc=cIj17R7O2cwAX9uGvbO&amp;_nc_ht=scontent.fjpr1-1.fna&amp;_nc_tp=6&amp;oh=dc3770fc8e89e58774005695ff2f60b0&amp;oe=5ECB9985\" alt=\"A imagem pode conter: 2 pessoas, pessoas sorrindo\" src=\"data:image\/svg+xml;base64,PHN2ZyB3aWR0aD0iMSIgaGVpZ2h0PSIxIiB4bWxucz0iaHR0cDovL3d3dy53My5vcmcvMjAwMC9zdmciPjwvc3ZnPg==\" class=\"lazyload\" \/><\/a><\/p>\n<div id=\"quads-ad1\" class=\"quads-location quads-ad1\"><\/div>\n<p><a href=\"https:\/\/folhaderondonianews.com\/news\/wp-content\/uploads\/2019\/08\/novo-carvalho-salao-e-barbearia-divulgar.jpg\"><img decoding=\"async\" class=\"alignnone size-full wp-image-24069 lazyload\" data-src=\"https:\/\/folhaderondonianews.com\/news\/wp-content\/uploads\/2019\/08\/novo-carvalho-salao-e-barbearia-divulgar.jpg\" data-sizes=\"(max-width: 640px) 100vw, 640px\" data-srcset=\"https:\/\/folhaderondonianews.com\/news\/wp-content\/uploads\/2019\/08\/novo-carvalho-salao-e-barbearia-divulgar.jpg 640w, https:\/\/folhaderondonianews.com\/news\/wp-content\/uploads\/2019\/08\/novo-carvalho-salao-e-barbearia-divulgar-300x196.jpg 300w\" alt=\"\" width=\"640\" height=\"418\" src=\"data:image\/svg+xml;base64,PHN2ZyB3aWR0aD0iMSIgaGVpZ2h0PSIxIiB4bWxucz0iaHR0cDovL3d3dy53My5vcmcvMjAwMC9zdmciPjwvc3ZnPg==\" style=\"--smush-placeholder-width: 640px; --smush-placeholder-aspect-ratio: 640\/418;\" \/><\/a><\/p>\n<div id=\"quads-ad1\" class=\"quads-location quads-ad1\"><\/div>\n<div id=\"quads-ad1\" class=\"quads-location quads-ad1\"><\/div>\n<div id=\"quads-ad1\" class=\"quads-location quads-ad1\"><\/div>\n<p><img decoding=\"async\" class=\"alignnone wp-image-26879 size-full lazyload\" data-src=\"https:\/\/folhaderondonianews.com\/news\/wp-content\/uploads\/2019\/12\/recopa3.jpg\" data-sizes=\"(max-width: 800px) 100vw, 800px\" data-srcset=\"https:\/\/folhaderondonianews.com\/news\/wp-content\/uploads\/2019\/12\/recopa3.jpg 800w, https:\/\/folhaderondonianews.com\/news\/wp-content\/uploads\/2019\/12\/recopa3-300x111.jpg 300w\" alt=\"Recopa Pet Shop\" width=\"800\" height=\"296\" src=\"data:image\/svg+xml;base64,PHN2ZyB3aWR0aD0iMSIgaGVpZ2h0PSIxIiB4bWxucz0iaHR0cDovL3d3dy53My5vcmcvMjAwMC9zdmciPjwvc3ZnPg==\" style=\"--smush-placeholder-width: 800px; --smush-placeholder-aspect-ratio: 800\/296;\" \/><\/p>\n","protected":false},"excerpt":{"rendered":"<div class=\"mh-excerpt\"><p>Edivaldo Gomes apresenta anteprojeto que estabelece prazos para a Caerd. O contrato vigente n\u00e3o prev\u00ea prazos para a presta\u00e7\u00e3o de servi\u00e7os em Ji-Paran\u00e1.<\/p>\n<\/div>","protected":false},"author":1,"featured_media":27531,"comment_status":"open","ping_status":"closed","sticky":false,"template":"","format":"standard","meta":{"footnotes":""},"categories":[9],"tags":[],"class_list":["post-27530","post","type-post","status-publish","format-standard","has-post-thumbnail","hentry","category-politica"],"_links":{"self":[{"href":"https:\/\/folhaderondonianews.com\/news\/wp-json\/wp\/v2\/posts\/27530","targetHints":{"allow":["GET"]}}],"collection":[{"href":"https:\/\/folhaderondonianews.com\/news\/wp-json\/wp\/v2\/posts"}],"about":[{"href":"https:\/\/folhaderondonianews.com\/news\/wp-json\/wp\/v2\/types\/post"}],"author":[{"embeddable":true,"href":"https:\/\/folhaderondonianews.com\/news\/wp-json\/wp\/v2\/users\/1"}],"replies":[{"embeddable":true,"href":"https:\/\/folhaderondonianews.com\/news\/wp-json\/wp\/v2\/comments?post=27530"}],"version-history":[{"count":0,"href":"https:\/\/folhaderondonianews.com\/news\/wp-json\/wp\/v2\/posts\/27530\/revisions"}],"wp:featuredmedia":[{"embeddable":true,"href":"https:\/\/folhaderondonianews.com\/news\/wp-json\/wp\/v2\/media\/27531"}],"wp:attachment":[{"href":"https:\/\/folhaderondonianews.com\/news\/wp-json\/wp\/v2\/media?parent=27530"}],"wp:term":[{"taxonomy":"category","embeddable":true,"href":"https:\/\/folhaderondonianews.com\/news\/wp-json\/wp\/v2\/categories?post=27530"},{"taxonomy":"post_tag","embeddable":true,"href":"https:\/\/folhaderondonianews.com\/news\/wp-json\/wp\/v2\/tags?post=27530"}],"curies":[{"name":"wp","href":"https:\/\/api.w.org\/{rel}","templated":true}]}}