{"id":27584,"date":"2020-03-21T13:25:56","date_gmt":"2020-03-21T17:25:56","guid":{"rendered":"http:\/\/folhaderondonianews.com\/news\/?p=27584"},"modified":"2020-03-21T13:27:15","modified_gmt":"2020-03-21T17:27:15","slug":"cancelamento-das-eleicoes-e-coronavirus-coluna-do-gutierrez","status":"publish","type":"post","link":"https:\/\/folhaderondonianews.com\/news\/2020\/03\/21\/cancelamento-das-eleicoes-e-coronavirus-coluna-do-gutierrez\/","title":{"rendered":"Cancelamento das elei\u00e7\u00f5es e coronav\u00edrus #Coluna do Gutierrez"},"content":{"rendered":"<p><strong>Decis\u00e3o corajosa &#8211;<\/strong><\/p>\n<p>A seriedade e as decis\u00f5es acertadas com as quais o prefeito de Ji-Paran\u00e1, Marcito Pinto,\u00a0 e sua equipe est\u00e3o conduzindo as medidas de preven\u00e7\u00e3o e prote\u00e7\u00e3o, em tempo de Coronav\u00edrus, s\u00e3o dignas de elogios.<\/p>\n<p>O prefeito Marcito Pinto j\u00e1 foi presidente da Associa\u00e7\u00e3o Comercial e Industrial de Ji-Paran\u00e1 e presidente da Federa\u00e7\u00e3o das Associa\u00e7\u00f5es Comerciais Empresariais de Rond\u00f4nia. Tente imaginar, ent\u00e3o, a press\u00e3o que ele deve ter sofrido ao decidir fechar o com\u00e9rcio por 15 dias?<\/p>\n<p><strong>Supermercados<\/strong><\/p>\n<p>A dire\u00e7\u00e3o do supermercado Irm\u00e3os Gon\u00e7alves (foto)\u00a0 est\u00e1 divulgando nas redes sociais que suas lojas v\u00e3o continuar abertas todos os dias, que n\u00e3o haver\u00e1 desabastecimento, que as pessoas evitem ir ao mercado em fam\u00edlia, ou seja, v\u00e1 sozinho. Por \u00faltimo, o comunicado pede que os clientes mantenham no m\u00ednimo um metro de dist\u00e2ncia de outras pessoas.<\/p>\n<p><strong>Adiamento das elei\u00e7\u00f5es<\/strong><\/p>\n<p>A pandemia de coronav\u00edrus reascende uma discuss\u00e3o que vai causar muita pol\u00eamica: o cancelamento das elei\u00e7\u00f5es municipais deste ano e que elas ocorram em 2022, unificando todas as elei\u00e7\u00f5es. Assim voc\u00ea poderia votar de vereador a presidente da Rep\u00fablica.<\/p>\n<p><strong>Elei\u00e7\u00e3o unificada<\/strong><\/p>\n<p>Em 1982 eleitor votou em vereador, prefeito, deputado estadual, deputado federal, Senador e Governador. \u00a0S\u00f3 n\u00e3o teve elei\u00e7\u00e3o para presidente da Republica, coisa que aconteceu em 1989 com a vit\u00f3ria de Fernando Color.<\/p>\n<p><strong>Curiosidade<\/strong><\/p>\n<p>O curioso \u00e9 que os vereadores e prefeitos eleitos em 1982 tiveram seis anos de mandato. J\u00e1 os deputados, governadores e dois, dos tr\u00eas senadores eleitos em 1982 tiveram um mandato de 4 anos. Ou seja, a reelei\u00e7\u00e3o aconteceu em 1986, mas, desta vez, sem a participa\u00e7\u00e3o de vereadores e prefeitos.<\/p>\n<p><strong>Janela s\u00f3 para vereador e prefeito<\/strong><\/p>\n<p>Os vereadores e prefeitos que pretendem disputar reelei\u00e7\u00e3o podem trocar de partido at\u00e9 o dia 3 de abril, seis meses antes das elei\u00e7\u00f5es. A janela partid\u00e1ria s\u00f3 protege a troca de partido neste ano para quem tem mandato de vereador e prefeito. J\u00e1 a janela partid\u00e1ria para mudan\u00e7a de partido de deputados estadual e federal, s\u00f3 dever\u00e1 ocorrem no in\u00edcio de 2022.<\/p>\n<p><strong>Aqueles que n\u00e3o concordam&#8230;<\/strong><\/p>\n<p>O presidente da Assembleia Legislativa de Rond\u00f4nia, deputado Laerte Gomes (PSDB), que conduziu a vota\u00e7\u00e3o que aprovou o decreto de calamidade p\u00fablica em Rond\u00f4nia, no momento da vota\u00e7\u00e3o, poderia ter dito: \u201caqueles que concordam, permane\u00e7am como est\u00e3o; os que n\u00e3o concordam, tirem a m\u00e1scara de prote\u00e7\u00e3o\u201d. \u00a0O decreto foi aprovado por unanimidade.<\/p>\n<p><strong>Pre\u00e7o do Caf\u00e9<\/strong><\/p>\n<p>O Minist\u00e9rio da Agricultura vai rever a base de c\u00e1lculo do pre\u00e7o do caf\u00e9 em Rond\u00f4nia. O esfor\u00e7o para essa conquista \u00e9 da bancada federal.\u00a0 Segundo o senador Acir Gurgacz (PDT-RO), nos \u00faltimos quatro anos, a produ\u00e7\u00e3o do caf\u00e9 em Rond\u00f4nia saltou de 600 mil sacas\/ano para 2 milh\u00f5es e 300 mil sacas. \u00c9 um crescimento de quase 400%.\u00a0 Nenhum outro Estado a produ\u00e7\u00e3o de caf\u00e9 cresceu tanto.<\/p>\n<div class=\"mc-column content-text active-extra-styles\" data-block-type=\"raw\" data-block-weight=\"1\" data-block-id=\"5\">\n<div class=\"content-intertitle\">\n<p><strong>Coronav\u00edrus &#8211; Transportes<\/strong><\/p>\n<\/div>\n<\/div>\n<div class=\"mc-column content-text active-extra-styles\" data-block-type=\"raw\" data-block-weight=\"65\" data-block-id=\"6\">\n<ul class=\"content-unordered-list\">\n<li>Est\u00e3o proibidos \u00f4nibus e voos (em aeroportos estaduais) vindos de outros estados ou pa\u00edses;<\/li>\n<li>Suspensa a entrada no estado de ve\u00edculos, p\u00fablicos ou privados, vindos de territ\u00f3rio internacional;<\/li>\n<li>Est\u00e1 proibido o transporte por motot\u00e1xi;<\/li>\n<li>Transporte coletivo de passageiros da \u00e1rea urbana e rural devem ser realizados sem exceder a capacidade de passageiros sentados;<\/li>\n<li>T\u00e1xis e motoristas de aplicativos podem transportar apenas dois passageiros por ve\u00edculo.<\/li>\n<\/ul>\n<div class=\"mc-column content-text active-extra-styles\" data-block-type=\"raw\" data-block-weight=\"1\" data-block-id=\"7\">\n<div class=\"content-intertitle\">\n<p><strong>Coronav\u00edrus &#8211; Com\u00e9rcio<\/strong><\/p>\n<\/div>\n<\/div>\n<div class=\"mc-column content-text active-extra-styles\" data-block-type=\"raw\" data-block-weight=\"152\" data-block-id=\"8\">\n<ul class=\"content-unordered-list\">\n<li>Fornecedores de alimentos e itens de higiene devem estabelecer limite de produtos por cliente, para evitar o esvaziamento dos estoques;<\/li>\n<li>Ser\u00e1 considerado abuso do poder econ\u00f4mico a eleva\u00e7\u00e3o de pre\u00e7os, sem justa causa, com o objetivo de aumentar, arbitrariamente, os pre\u00e7os dos insumos e servi\u00e7os relacionados ao enfrentamento do COVID-19.<\/li>\n<li>Proibido o funcionamento de bares, teatros, cinemas, clubes, academias, balne\u00e1rios, al\u00e9m de restaurantes e lanchonetes com possibilidade de retirada de alimentos no pr\u00f3prio estabelecimento;<\/li>\n<li>Proibido o funcionamento de galerias de lojas e com\u00e9rcios n\u00e3o essenciais;<\/li>\n<li>Os com\u00e9rcios que puderem permanecer abertos precisam estabelecer hor\u00e1rio para o atendimento exclusivo de idosos e pessoas em grupo de risco;<\/li>\n<li>Para a realiza\u00e7\u00e3o de entrega de produtos a domic\u00edlio \u00e9 necess\u00e1rio que o entregador esteja utilizando m\u00e1scara, luvas e realize a higieniza\u00e7\u00e3o no ve\u00edculo ou ba\u00fa da moto com \u00e1lcool em gel 70%;<\/li>\n<li>Deve ser mantida uma dist\u00e2ncia m\u00ednima de 2 metros entre funcion\u00e1rios e clientes.<\/li>\n<\/ul>\n<\/div>\n<\/div>\n","protected":false},"excerpt":{"rendered":"<div class=\"mh-excerpt\"><p>Decis\u00e3o corajosa &#8211; A seriedade e as decis\u00f5es acertadas com as quais o prefeito de Ji-Paran\u00e1, Marcito Pinto,\u00a0 e sua equipe est\u00e3o conduzindo as medidas <a class=\"mh-excerpt-more\" href=\"https:\/\/folhaderondonianews.com\/news\/2020\/03\/21\/cancelamento-das-eleicoes-e-coronavirus-coluna-do-gutierrez\/\" title=\"Cancelamento das elei\u00e7\u00f5es e coronav\u00edrus #Coluna do Gutierrez\">[&#8230;]<\/a><\/p>\n<\/div>","protected":false},"author":1,"featured_media":27585,"comment_status":"open","ping_status":"closed","sticky":false,"template":"","format":"standard","meta":{"footnotes":""},"categories":[8],"tags":[],"class_list":["post-27584","post","type-post","status-publish","format-standard","has-post-thumbnail","hentry","category-coluna-do-gutierrez"],"_links":{"self":[{"href":"https:\/\/folhaderondonianews.com\/news\/wp-json\/wp\/v2\/posts\/27584","targetHints":{"allow":["GET"]}}],"collection":[{"href":"https:\/\/folhaderondonianews.com\/news\/wp-json\/wp\/v2\/posts"}],"about":[{"href":"https:\/\/folhaderondonianews.com\/news\/wp-json\/wp\/v2\/types\/post"}],"author":[{"embeddable":true,"href":"https:\/\/folhaderondonianews.com\/news\/wp-json\/wp\/v2\/users\/1"}],"replies":[{"embeddable":true,"href":"https:\/\/folhaderondonianews.com\/news\/wp-json\/wp\/v2\/comments?post=27584"}],"version-history":[{"count":0,"href":"https:\/\/folhaderondonianews.com\/news\/wp-json\/wp\/v2\/posts\/27584\/revisions"}],"wp:featuredmedia":[{"embeddable":true,"href":"https:\/\/folhaderondonianews.com\/news\/wp-json\/wp\/v2\/media\/27585"}],"wp:attachment":[{"href":"https:\/\/folhaderondonianews.com\/news\/wp-json\/wp\/v2\/media?parent=27584"}],"wp:term":[{"taxonomy":"category","embeddable":true,"href":"https:\/\/folhaderondonianews.com\/news\/wp-json\/wp\/v2\/categories?post=27584"},{"taxonomy":"post_tag","embeddable":true,"href":"https:\/\/folhaderondonianews.com\/news\/wp-json\/wp\/v2\/tags?post=27584"}],"curies":[{"name":"wp","href":"https:\/\/api.w.org\/{rel}","templated":true}]}}