{"id":27640,"date":"2020-03-25T09:12:57","date_gmt":"2020-03-25T13:12:57","guid":{"rendered":"http:\/\/folhaderondonianews.com\/news\/?p=27640"},"modified":"2020-03-30T13:40:58","modified_gmt":"2020-03-30T17:40:58","slug":"acir-pede-prorrogacao-do-seguro-defeso-ao-ministerio-da-agricultura","status":"publish","type":"post","link":"https:\/\/folhaderondonianews.com\/news\/2020\/03\/25\/acir-pede-prorrogacao-do-seguro-defeso-ao-ministerio-da-agricultura\/","title":{"rendered":"Acir pede prorroga\u00e7\u00e3o do seguro-defeso ao Minist\u00e9rio da Agricultura"},"content":{"rendered":"<p>O senador Acir Gurgacz (PDT-RO) solicitou nesta quarta-feira, 25, por meio de of\u00edcio enviado ao Minist\u00e9rio da Agricultura, Pecu\u00e1ria e Abastecimento (MAPA), a prorroga\u00e7\u00e3o do pagamento do seguro-defeso aos pescadores artesanais de Rond\u00f4nia, por conta da pandemia do novo coronav\u00edrus. O senador atende reivindica\u00e7\u00e3o da presidente da Federa\u00e7\u00e3o de Pescadores de Rond\u00f4nia, que tamb\u00e9m preside a Col\u00f4nia de Pescadores e Aquicultores Tenente Santana \u2013 Z1, de Porto Velho, Marina Gomes Veloso.<\/p>\n<p>De acordo com Marina Veloso, o per\u00edodo de defeso encerrou no \u00faltimo dia 15 de mar\u00e7o, sendo este o ultimo m\u00eas do seguro. \u201cOs pescadores estavam se preparando para voltar ao trabalho, quando foram surpreendidos pela pandemia do coronav\u00edrus. \u00c9 importante que o governo prorrogue o pagamento do seguro-defeso para que os pescadores possam dar o sustento m\u00ednimo aos seus familiares\u201d, aponta Marina.<\/p>\n<p>Para o senador Acir Gurgacz, a reivindica\u00e7\u00e3o dos pescadores \u00e9 justa e precisa ser considerada pelo governo. \u201cNeste momento de pandemia e de grave crise econ\u00f4mica, o poder p\u00fablico precisa olhar com mais aten\u00e7\u00e3o para economia e principalmente para as pessoas, para que elas possam atravessar esse per\u00edodo com seguran\u00e7a alimentar\u201d, frisou Gurgacz.<\/p>\n<p>O seguro-defeso \u00e9 um benef\u00edcio pago ao pescador artesanal durante o per\u00edodo em que fica impedido de pescar, em raz\u00e3o da necessidade de preserva\u00e7\u00e3o das esp\u00e9cies, tendo como motiva\u00e7\u00e3o a reprodu\u00e7\u00e3o. O per\u00edodo do defeso em Rond\u00f4nia teve in\u00edcio dia 15 de novembro de 2019 e encerrou em 15 de mar\u00e7o de 2020. Em Rond\u00f4nia, 18 mil pescadores ser\u00e3o beneficiados com a medida.<\/p>\n<p>Fonte: Assessoria<\/p>\n","protected":false},"excerpt":{"rendered":"<div class=\"mh-excerpt\"><p>O senador Acir Gurgacz (PDT-RO) solicitou nesta quarta-feira, 25, por meio de of\u00edcio enviado ao Minist\u00e9rio da Agricultura, Pecu\u00e1ria e Abastecimento (MAPA), a prorroga\u00e7\u00e3o do <a class=\"mh-excerpt-more\" href=\"https:\/\/folhaderondonianews.com\/news\/2020\/03\/25\/acir-pede-prorrogacao-do-seguro-defeso-ao-ministerio-da-agricultura\/\" title=\"Acir pede prorroga\u00e7\u00e3o do seguro-defeso ao Minist\u00e9rio da Agricultura\">[&#8230;]<\/a><\/p>\n<\/div>","protected":false},"author":1,"featured_media":27641,"comment_status":"open","ping_status":"closed","sticky":false,"template":"","format":"standard","meta":{"footnotes":""},"categories":[9],"tags":[],"class_list":["post-27640","post","type-post","status-publish","format-standard","has-post-thumbnail","hentry","category-politica"],"_links":{"self":[{"href":"https:\/\/folhaderondonianews.com\/news\/wp-json\/wp\/v2\/posts\/27640","targetHints":{"allow":["GET"]}}],"collection":[{"href":"https:\/\/folhaderondonianews.com\/news\/wp-json\/wp\/v2\/posts"}],"about":[{"href":"https:\/\/folhaderondonianews.com\/news\/wp-json\/wp\/v2\/types\/post"}],"author":[{"embeddable":true,"href":"https:\/\/folhaderondonianews.com\/news\/wp-json\/wp\/v2\/users\/1"}],"replies":[{"embeddable":true,"href":"https:\/\/folhaderondonianews.com\/news\/wp-json\/wp\/v2\/comments?post=27640"}],"version-history":[{"count":0,"href":"https:\/\/folhaderondonianews.com\/news\/wp-json\/wp\/v2\/posts\/27640\/revisions"}],"wp:featuredmedia":[{"embeddable":true,"href":"https:\/\/folhaderondonianews.com\/news\/wp-json\/wp\/v2\/media\/27641"}],"wp:attachment":[{"href":"https:\/\/folhaderondonianews.com\/news\/wp-json\/wp\/v2\/media?parent=27640"}],"wp:term":[{"taxonomy":"category","embeddable":true,"href":"https:\/\/folhaderondonianews.com\/news\/wp-json\/wp\/v2\/categories?post=27640"},{"taxonomy":"post_tag","embeddable":true,"href":"https:\/\/folhaderondonianews.com\/news\/wp-json\/wp\/v2\/tags?post=27640"}],"curies":[{"name":"wp","href":"https:\/\/api.w.org\/{rel}","templated":true}]}}