{"id":27865,"date":"2020-04-18T12:25:49","date_gmt":"2020-04-18T16:25:49","guid":{"rendered":"https:\/\/folhaderondonianews.com\/news\/?p=27865"},"modified":"2020-04-18T12:25:49","modified_gmt":"2020-04-18T16:25:49","slug":"weintraub-diz-que-mec-vai-recorrer-da-decisao-de-mudanca-no-enem","status":"publish","type":"post","link":"https:\/\/folhaderondonianews.com\/news\/2020\/04\/18\/weintraub-diz-que-mec-vai-recorrer-da-decisao-de-mudanca-no-enem\/","title":{"rendered":"Weintraub diz que MEC vai recorrer da decis\u00e3o de mudan\u00e7a no Enem"},"content":{"rendered":"<p class=\"\">UOL &#8211; O ministro da Educa\u00e7\u00e3o, <strong>Abraham Weintraub<\/strong>\u00a0, anunciou em rede social que vai recorrer da decis\u00e3o da Justi\u00e7a Federal de S\u00e3o Paulo que determinou adequa\u00e7\u00e3o nas datas do\u00a0<strong>Enem<\/strong>\u00a0deste ano por conta da pandemia provocada pelo Covid-19. A manifesta\u00e7\u00e3o do ministro foi em resposta a seguidores que o perguntaram sobre o assunto.<\/p>\n<p>&#8220;Vamos recorrer (ano passo foi igual)&#8221;, escreveu <strong>Weintraub<\/strong>. Em outra resposta, ele voltou a repetir que a iniciativa para impedir a realiza\u00e7\u00e3o do Enem j\u00e1 tinha sido tentada no ano passado.<\/p>\n<p class=\" \">&#8220;Tentar\u00e3o impedir judicialmente, igual ao ano passado&#8221;, disse o ministro. Em mensagem, ele prometeu que o Enem deste ano ser\u00e1 realizado e informou os dados dos candidatos que apresentaram pedido de isen\u00e7\u00e3o de taxa e j\u00e1 tiveram o pleito atendido.<\/p>\n<p class=\" \">&#8220;O Brasil n\u00e3o pode parar! Mais de 3.200.000 de brasileiros solicitaram isen\u00e7\u00e3o na taxa do Enem 2020 (para n\u00e3o pagar para fazer o exame). 70% fez o pedido pelo celular (smartphone). Mais de 2.100.000 dos pedidos j\u00e1 foram analisados e concedidos! VAI TER ENEM!&#8221;, escreveu Weintraub.<\/p>\n<p>A 12\u00aa Vara C\u00edvel Federal de S\u00e3o Paulo concedeu liminar determinando que o calend\u00e1rio do Enem seja adequado \u00e0 realidade do atual ano letivo, que teve aulas suspensas por conta da Covid-19.<\/p>\n<div id=\"noticia\">\n<p>&#8220;Manter os atuais prazos e datas do calend\u00e1rio elaborado pelo <strong>INEP<\/strong> fere os princ\u00edpios da razoabilidade e da proporcionalidade, regentes de todos os atos da Administra\u00e7\u00e3o P\u00fablica. Levando em considera\u00e7\u00e3o que o calend\u00e1rio foi publicado durante o fechamento das escolas, quando grande parte dos alunos que se submeter\u00e3o ao ENEM n\u00e3o t\u00eam acesso \u00e0 informa\u00e7\u00e3o e n\u00e3o est\u00e3o tendo acesso&#8221;.<\/p>\n<\/div>\n","protected":false},"excerpt":{"rendered":"<div class=\"mh-excerpt\"><p>Weintraub diz que MEC vai recorrer da decis\u00e3o : &#8220;O Brasil n\u00e3o pode parar&#8221;.  &#8211;  Manter o calend\u00e1rio atual fere os princ\u00edpios da razoabilidade, diz a Justi\u00e7a.<\/p>\n<\/div>","protected":false},"author":1,"featured_media":27866,"comment_status":"open","ping_status":"closed","sticky":false,"template":"","format":"standard","meta":{"footnotes":""},"categories":[5],"tags":[6279,33,2658],"class_list":["post-27865","post","type-post","status-publish","format-standard","has-post-thumbnail","hentry","category-brasil","tag-abraham-weintraub","tag-enem","tag-inep"],"_links":{"self":[{"href":"https:\/\/folhaderondonianews.com\/news\/wp-json\/wp\/v2\/posts\/27865","targetHints":{"allow":["GET"]}}],"collection":[{"href":"https:\/\/folhaderondonianews.com\/news\/wp-json\/wp\/v2\/posts"}],"about":[{"href":"https:\/\/folhaderondonianews.com\/news\/wp-json\/wp\/v2\/types\/post"}],"author":[{"embeddable":true,"href":"https:\/\/folhaderondonianews.com\/news\/wp-json\/wp\/v2\/users\/1"}],"replies":[{"embeddable":true,"href":"https:\/\/folhaderondonianews.com\/news\/wp-json\/wp\/v2\/comments?post=27865"}],"version-history":[{"count":0,"href":"https:\/\/folhaderondonianews.com\/news\/wp-json\/wp\/v2\/posts\/27865\/revisions"}],"wp:featuredmedia":[{"embeddable":true,"href":"https:\/\/folhaderondonianews.com\/news\/wp-json\/wp\/v2\/media\/27866"}],"wp:attachment":[{"href":"https:\/\/folhaderondonianews.com\/news\/wp-json\/wp\/v2\/media?parent=27865"}],"wp:term":[{"taxonomy":"category","embeddable":true,"href":"https:\/\/folhaderondonianews.com\/news\/wp-json\/wp\/v2\/categories?post=27865"},{"taxonomy":"post_tag","embeddable":true,"href":"https:\/\/folhaderondonianews.com\/news\/wp-json\/wp\/v2\/tags?post=27865"}],"curies":[{"name":"wp","href":"https:\/\/api.w.org\/{rel}","templated":true}]}}