{"id":27868,"date":"2020-04-19T19:22:05","date_gmt":"2020-04-19T23:22:05","guid":{"rendered":"https:\/\/folhaderondonianews.com\/news\/?p=27868"},"modified":"2020-04-19T19:22:05","modified_gmt":"2020-04-19T23:22:05","slug":"saiba-como-doar-parte-do-imposto-de-renda-a-projetos-sociais","status":"publish","type":"post","link":"https:\/\/folhaderondonianews.com\/news\/2020\/04\/19\/saiba-como-doar-parte-do-imposto-de-renda-a-projetos-sociais\/","title":{"rendered":"Saiba como doar parte do imposto de renda a projetos sociais"},"content":{"rendered":"<div class=\"post-item-wrap\">\n<p>ABr &#8211; Usar uma das principais obriga\u00e7\u00f5es anuais do brasileiro para fazer o bem. \u00c9 assim que o contribuinte pode destinar parte do <strong>imposto<\/strong> de renda a projetos sociais. A op\u00e7\u00e3o est\u00e1 dispon\u00edvel no pr\u00f3prio programa da <strong>declara\u00e7\u00e3o<\/strong> anual, que permite a doa\u00e7\u00e3o de at\u00e9 6% do <strong>imposto<\/strong> devido ou da restitui\u00e7\u00e3o. O prazo para <a href=\"https:\/\/agenciabrasil.ebc.com.br\/economia\/noticia\/2020-04\/governo-prorroga-prazo-de-entrega-da-declaracao-do-ir-por-dois-meses\" target=\"_blank\" rel=\"noopener noreferrer\">entrega da <strong>declara\u00e7\u00e3o<\/strong> do <strong>imposto<\/strong> de renda foi prorrogado para 30 de junho<\/a>.<\/p>\n<p>Neste ano, a <strong>Receita Federal<\/strong> criou uma novidade. O contribuinte poder\u00e1 doar, diretamente na <strong>declara\u00e7\u00e3o<\/strong>, recursos para fundos controlados por conselhos municipais, estaduais e nacionais do <strong>idoso<\/strong>. A novidade foi institu\u00edda pela\u00a0<a href=\"http:\/\/www.planalto.gov.br\/ccivil_03\/_Ato2019-2022\/2019\/Lei\/L13797.htm\" target=\"_blank\" rel=\"noopener noreferrer\">Lei 13.797\/2019<\/a>, com validade para <strong>declara\u00e7\u00f5es<\/strong> a partir de 2020.<\/p>\n<p>At\u00e9 o ano passado, as doa\u00e7\u00f5es para projetos que atendem idosos podiam ser realizadas no decorrer do ano e deduzidas no <strong>Imposto<\/strong> de <strong>Renda<\/strong>. Com a lei, elas passam a ser feitas diretamente na <strong>declara\u00e7\u00e3o<\/strong>, sendo pagas junto com a primeira cota ou cota \u00fanica do <strong>imposto<\/strong>. O mecanismo \u00e9 semelhante ao aplicado em contribui\u00e7\u00f5es a fundos vinculados ao Estatuto da Crian\u00e7a e do Adolescente.<\/p>\n<p>A lista dos fundos que podem receber o dinheiro do contribuinte aparece no pr\u00f3prio programa gerador da <strong>declara\u00e7\u00e3o<\/strong>, mas n\u00e3o \u00e9 poss\u00edvel doar para uma entidade espec\u00edfica. Assim que a doa\u00e7\u00e3o for selecionada, o sistema emitir\u00e1 um Documento de Arrecada\u00e7\u00e3o de Receitas Federais (Darf), que precisa ser pago at\u00e9\u00a0<span id=\"OBJ_PREFIX_DWT299_com_zimbra_date\" role=\"link\">30 de junho<\/span>, junto com o <strong>Imposto<\/strong> de <strong>Renda<\/strong>. A contribui\u00e7\u00e3o n\u00e3o pode ser parcelada.<\/p>\n<p>As doa\u00e7\u00f5es totais est\u00e3o limitadas a 6% do <strong>imposto<\/strong> devido ou da restitui\u00e7\u00e3o, com at\u00e9 3% sendo usados para cada categoria. Caso queira, o contribuinte poder\u00e1 doar mais, por\u00e9m o valor n\u00e3o poder\u00e1 ser deduzido do <strong>imposto<\/strong> a pagar.<\/p>\n<h2>Dedu\u00e7\u00f5es<\/h2>\n<p>Al\u00e9m das doa\u00e7\u00f5es diretas, o contribuinte pode deduzir, dentro do limite global de 6%, doa\u00e7\u00f5es para tr\u00eas tipos de a\u00e7\u00f5es feitas no ano anterior: incentivos \u00e0 cultura (como doa\u00e7\u00f5es, patroc\u00ednios e contribui\u00e7\u00f5es ao Fundo Nacional da Cultura), incentivos \u00e0 atividade audiovisual, incentivos ao esporte. O contribuinte pode tamb\u00e9m abater doa\u00e7\u00f5es aos Programas Nacionais de Apoio \u00e0 Aten\u00e7\u00e3o da Sa\u00fade da Pessoa com Defici\u00eancia e de Apoio \u00e0 Aten\u00e7\u00e3o Oncol\u00f3gica. Nesse caso, as dedu\u00e7\u00f5es est\u00e3o limitadas a 1% do <strong>imposto<\/strong> apurado na <strong>declara\u00e7\u00e3o<\/strong> e n\u00e3o est\u00e3o sujeitas ao limite global.<\/p>\n<h2>Como fazer a doa\u00e7\u00e3o<\/h2>\n<p>Ao preencher a <strong>declara\u00e7\u00e3o<\/strong> do <strong>Imposto<\/strong> de <strong>Renda<\/strong>, o contribuinte pode escolher o fundo do idoso ou do Estatuto da Crian\u00e7a e do Adolescente para o qual quer doar e a esfera de atua\u00e7\u00e3o \u2013 nacional, estadual ou municipal. No entanto, n\u00e3o \u00e9 poss\u00edvel escolher uma entidade. \u00c9 necess\u00e1rio escolher o modelo completo da <strong>declara\u00e7\u00e3o<\/strong>, conferir o valor do <strong>imposto<\/strong> devido e confirmar a op\u00e7\u00e3o \u201cDoa\u00e7\u00f5es Diretamente na <strong>Declara\u00e7\u00e3o<\/strong>\u201d.<\/p>\n<p>No formul\u00e1rio, o contribuinte dever\u00e1 clicar no bot\u00e3o \u201cnovo\u201d e escolher o fundo. Em seguida dever\u00e1 informar o valor a ser doado, respeitando o limite de 3% do <strong>imposto<\/strong> devido para cada fundo e 6% de doa\u00e7\u00f5es totais. O programa gerar\u00e1 o\u00a0Darf, que dever\u00e1 ser pago at\u00e9\u00a0<span id=\"OBJ_PREFIX_DWT300_com_zimbra_date\" role=\"link\">30 de junho<\/span>, sem parcelamento.<\/p>\n<\/div>\n<p class=\"alt-font font-italic my-2 small text-info\">Edi\u00e7\u00e3o: L\u00edlian Beraldo<\/p>\n","protected":false},"excerpt":{"rendered":"<div class=\"mh-excerpt\"><p>A partir deste ano, doa\u00e7\u00f5es para idosos podem ser feitas na declara\u00e7\u00e3o.<\/p>\n<\/div>","protected":false},"author":1,"featured_media":27869,"comment_status":"open","ping_status":"closed","sticky":false,"template":"","format":"standard","meta":{"footnotes":""},"categories":[5],"tags":[6281,3144,4626,6280],"class_list":["post-27868","post","type-post","status-publish","format-standard","has-post-thumbnail","hentry","category-brasil","tag-declaracao","tag-idoso","tag-imposto","tag-renda"],"_links":{"self":[{"href":"https:\/\/folhaderondonianews.com\/news\/wp-json\/wp\/v2\/posts\/27868","targetHints":{"allow":["GET"]}}],"collection":[{"href":"https:\/\/folhaderondonianews.com\/news\/wp-json\/wp\/v2\/posts"}],"about":[{"href":"https:\/\/folhaderondonianews.com\/news\/wp-json\/wp\/v2\/types\/post"}],"author":[{"embeddable":true,"href":"https:\/\/folhaderondonianews.com\/news\/wp-json\/wp\/v2\/users\/1"}],"replies":[{"embeddable":true,"href":"https:\/\/folhaderondonianews.com\/news\/wp-json\/wp\/v2\/comments?post=27868"}],"version-history":[{"count":0,"href":"https:\/\/folhaderondonianews.com\/news\/wp-json\/wp\/v2\/posts\/27868\/revisions"}],"wp:featuredmedia":[{"embeddable":true,"href":"https:\/\/folhaderondonianews.com\/news\/wp-json\/wp\/v2\/media\/27869"}],"wp:attachment":[{"href":"https:\/\/folhaderondonianews.com\/news\/wp-json\/wp\/v2\/media?parent=27868"}],"wp:term":[{"taxonomy":"category","embeddable":true,"href":"https:\/\/folhaderondonianews.com\/news\/wp-json\/wp\/v2\/categories?post=27868"},{"taxonomy":"post_tag","embeddable":true,"href":"https:\/\/folhaderondonianews.com\/news\/wp-json\/wp\/v2\/tags?post=27868"}],"curies":[{"name":"wp","href":"https:\/\/api.w.org\/{rel}","templated":true}]}}