{"id":27887,"date":"2020-04-20T17:38:36","date_gmt":"2020-04-20T21:38:36","guid":{"rendered":"https:\/\/folhaderondonianews.com\/news\/?p=27887"},"modified":"2020-04-21T16:37:05","modified_gmt":"2020-04-21T20:37:05","slug":"confucio-e-presidente-da-comissao-que-fiscalizara-gastos-do-decreto-de-calamidade-publica","status":"publish","type":"post","link":"https:\/\/folhaderondonianews.com\/news\/2020\/04\/20\/confucio-e-presidente-da-comissao-que-fiscalizara-gastos-do-decreto-de-calamidade-publica\/","title":{"rendered":"Conf\u00facio \u00e9 presidente da Comiss\u00e3o que ir\u00e1 fiscalizar gastos da calamidade p\u00fablica"},"content":{"rendered":"<p class=\"x_MsoNormal\">A comiss\u00e3o especial mista de acompanhamento dos gastos do governo federal criada a partir do Decreto Legislativo n\u00ba 6, de 2020, que tem por objetivo verificar a situa\u00e7\u00e3o fiscal, a execu\u00e7\u00e3o or\u00e7ament\u00e1ria e financeira das medidas relacionadas \u00e0 emerg\u00eancia de sa\u00fade p\u00fablica causada pelo coronav\u00edrus, elegeu, por aclama\u00e7\u00e3o, nesta segunda-feira (20), o senador Conf\u00facio Moura (MDB-RO) presidente, a senadora Eliziane Gama (Cidadania-MA) vice-presidente, e o deputado Francisco J\u00fanior (PSD-GO) relator.<\/p>\n<p class=\"x_MsoNormal\">Composta de seis senadores e seis deputados, com igual n\u00famero de suplentes, a comiss\u00e3o tempor\u00e1ria mista se reunir\u00e1 mensalmente com a equipe econ\u00f4mica do Governo Federal, incluindo o Banco Central (Bacen) e Banco Nacional de Desenvolvimento Econ\u00f4mico e Social (BNDES).<\/p>\n<p class=\"x_MsoNormal\">O senador Conf\u00facio Moura disse que vai estabelecer um cronograma mensal com a equipe econ\u00f4mica e pretende iniciar logo os trabalhos. \u201cEstamos atrasados. Temos de fazer logo um retrospecto e trabalhar esses 30 dias passados\u201d, afirmando que ir\u00e1 acelerar as assessorias para estarem ao lado do Relator, para que todos possam fazer um bom trabalho. \u201dVamos apresentar dados t\u00e9cnicos\u00a0 e buscar o que \u00e9 essencial, que \u00e9 realmente o dinheiro e os recursos chegarem \u00e0 ponta\u201d, enfatizou.<\/p>\n<figure id=\"attachment_27897\" aria-describedby=\"caption-attachment-27897\" style=\"width: 860px\" class=\"wp-caption alignnone\"><a href=\"https:\/\/folhaderondonianews.com\/news\/wp-content\/uploads\/2020\/04\/confucio-comissao-da-gastanca.jpg\"><img decoding=\"async\" class=\"wp-image-27897 size-full lazyload\" data-src=\"https:\/\/folhaderondonianews.com\/news\/wp-content\/uploads\/2020\/04\/confucio-comissao-da-gastanca.jpg\" alt=\"\" width=\"860\" height=\"570\" data-srcset=\"https:\/\/folhaderondonianews.com\/news\/wp-content\/uploads\/2020\/04\/confucio-comissao-da-gastanca.jpg 860w, https:\/\/folhaderondonianews.com\/news\/wp-content\/uploads\/2020\/04\/confucio-comissao-da-gastanca-300x199.jpg 300w\" data-sizes=\"(max-width: 860px) 100vw, 860px\" src=\"data:image\/svg+xml;base64,PHN2ZyB3aWR0aD0iMSIgaGVpZ2h0PSIxIiB4bWxucz0iaHR0cDovL3d3dy53My5vcmcvMjAwMC9zdmciPjwvc3ZnPg==\" style=\"--smush-placeholder-width: 860px; --smush-placeholder-aspect-ratio: 860\/570;\" \/><\/a><figcaption id=\"caption-attachment-27897\" class=\"wp-caption-text\">Por videoconfer\u00eancia, a comiss\u00e3o foi instalada, com o senador Conf\u00facio Moura na presid\u00eancia. Relator quer ouvir ministros da Economia e da Sa\u00fade &#8211; Fonte: Ag\u00eancia Senado<\/figcaption><\/figure>\n<p class=\"x_MsoNormal\">Depois de eleito, Conf\u00facio Moura leu um requerimento ao Presidente do Congresso Nacional, Davi Alcolumbre (DEM-RR), solicitando que sejam disponibilizados dois t\u00e9cnicos do Tribunal de Contas da Uni\u00e3o (TCU) e dois t\u00e9cnicos da Controladoria-Geral da Uni\u00e3o (CGU) para acompanhar a Comiss\u00e3o, com o objetivo de auxiliar nos trabalhos.<\/p>\n<p class=\"x_MsoNormal\">Em Tempo<\/p>\n<p class=\"x_MsoNormal\">Conf\u00facio Moura explicou que, por problemas t\u00e9cnicos, a TV Senado n\u00e3o transmitiu a reuni\u00e3o, para que ela fosse transparente e de conhecimento do povo brasileiro, mas entrar\u00e1 em contato com o Presidente do Senado, Davi Alcolumbre, para solicitar que a pr\u00f3xima reuni\u00e3o seja veiculada pelos canais da TV Senado e da TV C\u00e2mara.<\/p>\n","protected":false},"excerpt":{"rendered":"<div class=\"mh-excerpt\"><p>Senador Conf\u00facio Moura (MDB-RO) \u00e9 eleito presidente da Comiss\u00e3o que ir\u00e1 fiscalizar gastos do decreto de calamidade p\u00fablica.<\/p>\n<\/div>","protected":false},"author":1,"featured_media":27888,"comment_status":"open","ping_status":"closed","sticky":false,"template":"","format":"standard","meta":{"footnotes":""},"categories":[9],"tags":[6283,1041,1006],"class_list":["post-27887","post","type-post","status-publish","format-standard","has-post-thumbnail","hentry","category-politica","tag-comissao-da-calamidade","tag-confucio-moura","tag-senado"],"_links":{"self":[{"href":"https:\/\/folhaderondonianews.com\/news\/wp-json\/wp\/v2\/posts\/27887","targetHints":{"allow":["GET"]}}],"collection":[{"href":"https:\/\/folhaderondonianews.com\/news\/wp-json\/wp\/v2\/posts"}],"about":[{"href":"https:\/\/folhaderondonianews.com\/news\/wp-json\/wp\/v2\/types\/post"}],"author":[{"embeddable":true,"href":"https:\/\/folhaderondonianews.com\/news\/wp-json\/wp\/v2\/users\/1"}],"replies":[{"embeddable":true,"href":"https:\/\/folhaderondonianews.com\/news\/wp-json\/wp\/v2\/comments?post=27887"}],"version-history":[{"count":0,"href":"https:\/\/folhaderondonianews.com\/news\/wp-json\/wp\/v2\/posts\/27887\/revisions"}],"wp:featuredmedia":[{"embeddable":true,"href":"https:\/\/folhaderondonianews.com\/news\/wp-json\/wp\/v2\/media\/27888"}],"wp:attachment":[{"href":"https:\/\/folhaderondonianews.com\/news\/wp-json\/wp\/v2\/media?parent=27887"}],"wp:term":[{"taxonomy":"category","embeddable":true,"href":"https:\/\/folhaderondonianews.com\/news\/wp-json\/wp\/v2\/categories?post=27887"},{"taxonomy":"post_tag","embeddable":true,"href":"https:\/\/folhaderondonianews.com\/news\/wp-json\/wp\/v2\/tags?post=27887"}],"curies":[{"name":"wp","href":"https:\/\/api.w.org\/{rel}","templated":true}]}}