{"id":27937,"date":"2020-04-24T14:35:38","date_gmt":"2020-04-24T18:35:38","guid":{"rendered":"https:\/\/folhaderondonianews.com\/news\/?p=27937"},"modified":"2020-04-24T14:36:55","modified_gmt":"2020-04-24T18:36:55","slug":"confucio-propoe-alojamento-para-profissionais-do-sus-que-moram-com-idosos-e-trabalham-diretamente-com-pacientes-da-covid-19","status":"publish","type":"post","link":"https:\/\/folhaderondonianews.com\/news\/2020\/04\/24\/confucio-propoe-alojamento-para-profissionais-do-sus-que-moram-com-idosos-e-trabalham-diretamente-com-pacientes-da-covid-19\/","title":{"rendered":"Conf\u00facio prop\u00f5e alojamento para profissionais do SUS que moram com idosos e trabalham diretamente com pacientes da covid-19"},"content":{"rendered":"<p class=\"x_gmail-MsoNoSpacing\">\u00a0Fornecer, para uso opcional, alojamento exclusivo para os profissionais de sa\u00fade do Sistema \u00danico de Sa\u00fade (SUS) que atuam diretamente no atendimento de pacientes com a\u00a0covid-19 e coabitam com pessoas idosas ou com indiv\u00edduos com fatores de risco, \u00e9 o que prop\u00f5e o Projeto de Lei \u00a02.030\/20, do Senador Conf\u00facio Moura (MDB), enquanto perdurar o estado de emerg\u00eancia decorrente do coronav\u00edrus.<\/p>\n<p>Para o autor da proposi\u00e7\u00e3o, essa \u00e9 uma medida que, al\u00e9m de proteger a popula\u00e7\u00e3o mais vulner\u00e1vel \u00e0 covid-19, poder\u00e1\u0301 conferir maior tranquilidade aos profissionais de sa\u00fade na sua atua\u00e7\u00e3o t\u00e3o essencial no combate \u00e0 epidemia.<\/p>\n<p>Conf\u00facio Moura justifica que os idosos e as pessoas com doen\u00e7as cr\u00f4nicas, a exemplo das doen\u00e7as card\u00edacas e pulmonares e do diabetes, correm mais risco de ser acometidos por formas graves da covid-19, com letalidade mais elevada. \u201cDa\u00ed a grande preocupa\u00e7\u00e3o de se adotarem medidas especiais de prote\u00e7\u00e3o desses grupos, conforme recomendam organismos internacionais e nacionais de sa\u00fade\u201d, destaca o parlamentar.<\/p>\n<p>&nbsp;<\/p>\n<p>Outra preocupa\u00e7\u00e3o do senador \u00e9 com as condi\u00e7\u00f5es de trabalho dos profissionais que atendem aos pacientes com a Covid-19, o que gera ansiedade entre eles. \u201cA excessiva jornada, que tende a aumentar conforme avan\u00e7a a epidemia no Pa\u00eds, e as prec\u00e1rias condi\u00e7\u00f5es de trabalho, incluindo falta de equipamentos de prote\u00e7\u00e3o individual, conforme t\u00eam denunciado diversas entidades da \u00e1rea de sa\u00fade, s\u00e3o fatores que aumentam o risco de infec\u00e7\u00e3o desses profissionais\u201d, explica Conf\u00facio.<\/p>\n<p>&nbsp;<\/p>\n<p>Conf\u00facio Moura acredita que o poder p\u00fablico deva garantir alojamento para aqueles que tenham necessidade de permanecer longe do seu domic\u00edlio enquanto estejam atuando na linha de frente dos servi\u00e7os de sa\u00fade. \u201cTudo isso contribui para o temor que muitos profissionais de sa\u00fade t\u00eam manifestado de que, eventualmente, possam levar o v\u00edrus do ambiente de trabalho para os seus familiares, medo que \u00e9 agravado quando alguma pessoa de sua conviv\u00eancia faz parte dos grupos de risco\u201d, conclui.<\/p>\n","protected":false},"excerpt":{"rendered":"<div class=\"mh-excerpt\"><p>\u00a0Fornecer, para uso opcional, alojamento exclusivo para os profissionais de sa\u00fade do Sistema \u00danico de Sa\u00fade (SUS) que atuam diretamente no atendimento de pacientes com <a class=\"mh-excerpt-more\" href=\"https:\/\/folhaderondonianews.com\/news\/2020\/04\/24\/confucio-propoe-alojamento-para-profissionais-do-sus-que-moram-com-idosos-e-trabalham-diretamente-com-pacientes-da-covid-19\/\" title=\"Conf\u00facio prop\u00f5e alojamento para profissionais do SUS que moram com idosos e trabalham diretamente com pacientes da covid-19\">[&#8230;]<\/a><\/p>\n<\/div>","protected":false},"author":1,"featured_media":27938,"comment_status":"open","ping_status":"closed","sticky":false,"template":"","format":"standard","meta":{"footnotes":""},"categories":[9],"tags":[1041],"class_list":["post-27937","post","type-post","status-publish","format-standard","has-post-thumbnail","hentry","category-politica","tag-confucio-moura"],"_links":{"self":[{"href":"https:\/\/folhaderondonianews.com\/news\/wp-json\/wp\/v2\/posts\/27937","targetHints":{"allow":["GET"]}}],"collection":[{"href":"https:\/\/folhaderondonianews.com\/news\/wp-json\/wp\/v2\/posts"}],"about":[{"href":"https:\/\/folhaderondonianews.com\/news\/wp-json\/wp\/v2\/types\/post"}],"author":[{"embeddable":true,"href":"https:\/\/folhaderondonianews.com\/news\/wp-json\/wp\/v2\/users\/1"}],"replies":[{"embeddable":true,"href":"https:\/\/folhaderondonianews.com\/news\/wp-json\/wp\/v2\/comments?post=27937"}],"version-history":[{"count":0,"href":"https:\/\/folhaderondonianews.com\/news\/wp-json\/wp\/v2\/posts\/27937\/revisions"}],"wp:featuredmedia":[{"embeddable":true,"href":"https:\/\/folhaderondonianews.com\/news\/wp-json\/wp\/v2\/media\/27938"}],"wp:attachment":[{"href":"https:\/\/folhaderondonianews.com\/news\/wp-json\/wp\/v2\/media?parent=27937"}],"wp:term":[{"taxonomy":"category","embeddable":true,"href":"https:\/\/folhaderondonianews.com\/news\/wp-json\/wp\/v2\/categories?post=27937"},{"taxonomy":"post_tag","embeddable":true,"href":"https:\/\/folhaderondonianews.com\/news\/wp-json\/wp\/v2\/tags?post=27937"}],"curies":[{"name":"wp","href":"https:\/\/api.w.org\/{rel}","templated":true}]}}