{"id":27970,"date":"2020-04-27T08:07:00","date_gmt":"2020-04-27T12:07:00","guid":{"rendered":"https:\/\/folhaderondonianews.com\/news\/?p=27970"},"modified":"2020-04-27T08:07:00","modified_gmt":"2020-04-27T12:07:00","slug":"governo-de-rondonia-monta-ambulatorio-covid-19-para-atender-servidores-da-saude-e-seguranca-publica","status":"publish","type":"post","link":"https:\/\/folhaderondonianews.com\/news\/2020\/04\/27\/governo-de-rondonia-monta-ambulatorio-covid-19-para-atender-servidores-da-saude-e-seguranca-publica\/","title":{"rendered":"Governo de Rond\u00f4nia monta Ambulat\u00f3rio Covid-19 para atender servidores da sa\u00fade e seguran\u00e7a p\u00fablica"},"content":{"rendered":"<p>Como forma de acolher os servidores da sa\u00fade e da seguran\u00e7a p\u00fablica, que est\u00e3o atuando na linha de frente no combate ao coronav\u00edrus, a Secretaria de Estado da Sa\u00fade (Sesau), montou um ambulat\u00f3rio do servidor na Policl\u00ednica Oswaldo Cruz (POC), para atendimento aos casos sintom\u00e1ticos de s\u00edndrome gripal que necessitam de diagn\u00f3stico e conduta imediata em suspeita da Covid-19, desses profissionais e seus familiares sem cruzamento de fluxo com outros usu\u00e1rios.<\/p>\n<p>O atendimento deve ser referenciado pelo N\u00facleo de Sa\u00fade do Trabalhador de cada unidade hospitalar, que ser\u00e1 respons\u00e1vel pelo acolhimento inicial, presencial, ou por call center, para as unidades de sa\u00fade do estado.<\/p>\n<p>Para os servidores de seguran\u00e7a p\u00fablica, o atendimento ser\u00e1 referenciado pelo N\u00facleo de Sa\u00fade do Trabalhador ou diretoria de sa\u00fade da respectiva institui\u00e7\u00e3o (Secretaria de Estado da Seguranca, Defesa e Cidadania \u2013 Sesdec , Pol\u00edcia Militar \u2013 PMRO, Corpo de Bombeiros Militar \u2013 CBMRO, Pol\u00edcia T\u00e9cnico-Cient\u00edfica \u2013 Politec, Secretaria de Estado da Justi\u00e7a \u2013 Sejus) que ser\u00e1 respons\u00e1vel pelo acolhimento inicial, presencial, ou por call center, para as institui\u00e7\u00f5es mencionadas.<\/p>\n<p>Os profissionais de sa\u00fade que estar\u00e3o prestando atendimento aos servidores com suspeita de contamina\u00e7\u00e3o por coronav\u00edrus, receberam capacita\u00e7\u00e3o baseada cientificamente no protocolo de conting\u00eancia, publicado pelo Minist\u00e9rio da Sa\u00fade, sobre o uso de equipamento de prote\u00e7\u00e3o individual (EPI) e sobre como fazer a coleta swab oral para testar a Covid-19.<\/p>\n<p>O treinamento foi realizado pelos profissionais do Centro de Educa\u00e7\u00e3o T\u00e9cnico Profissional na \u00c1rea da Sa\u00fade (Cetas), atrav\u00e9s da Coordena\u00e7\u00e3o de Resid\u00eancia Multiprofissional do Programa de Centro Cir\u00fargico e Central de Material, e por t\u00e9cnicos do Laborat\u00f3rio Central de Sa\u00fade P\u00fablica (Lacen), com foco\u00a0em evitar que o profissional se exponha ao risco e contamina\u00e7\u00e3o.<\/p>\n<p>Os atendimentos iniciaram na tarde da \u00faltima quinta-feira (23), \u00a0onde a\u00a0 servidora do Hospital de Base Doutor Ary Pinheiro, foi uma das que realizou consulta e o exame RT-PCR.<\/p>\n<p>\u201cEsse ambulat\u00f3rio vai facilitar muito para n\u00f3s servidores, hoje sabemos onde procurar atendimento e a realiza\u00e7\u00e3o do exame, j\u00e1 que estamos lidando com um v\u00edrus de r\u00e1pida propaga\u00e7\u00e3o, n\u00f3s agradecemos\u201d, disse \u00e0 servidora que preferiu n\u00e3o ser identificada.<\/p>\n<p>De acordo com secret\u00e1rio de sa\u00fade, Fernando M\u00e1ximo, o n\u00famero de servidores infectados vem aumentando. \u201cMontamos esse ambulat\u00f3rio com m\u00e9dicos, psic\u00f3logos, enfermeiros e t\u00e9cnicos de enfermagem\u00a0 para que possamos cuidar e preservar nossos servidores que est\u00e3o \u00e0 frente dessa batalha, essa n\u00e3o \u00e9 a hora e nem momento de termos esses profissionais afastados, temos que nos unir e somar for\u00e7as para que juntos possamos combater essa pandemia\u201d, concluiu.<\/p>\n","protected":false},"excerpt":{"rendered":"<div class=\"mh-excerpt\"><p>Como forma de acolher os servidores da sa\u00fade e da seguran\u00e7a p\u00fablica, que est\u00e3o atuando na linha de frente no combate ao coronav\u00edrus, a Secretaria <a class=\"mh-excerpt-more\" href=\"https:\/\/folhaderondonianews.com\/news\/2020\/04\/27\/governo-de-rondonia-monta-ambulatorio-covid-19-para-atender-servidores-da-saude-e-seguranca-publica\/\" title=\"Governo de Rond\u00f4nia monta Ambulat\u00f3rio Covid-19 para atender servidores da sa\u00fade e seguran\u00e7a p\u00fablica\">[&#8230;]<\/a><\/p>\n<\/div>","protected":false},"author":1,"featured_media":27971,"comment_status":"open","ping_status":"closed","sticky":false,"template":"","format":"standard","meta":{"footnotes":""},"categories":[5],"tags":[6295,6224,4546],"class_list":["post-27970","post","type-post","status-publish","format-standard","has-post-thumbnail","hentry","category-brasil","tag-ambulatorio","tag-covid-19","tag-governo-de-rondonia"],"_links":{"self":[{"href":"https:\/\/folhaderondonianews.com\/news\/wp-json\/wp\/v2\/posts\/27970","targetHints":{"allow":["GET"]}}],"collection":[{"href":"https:\/\/folhaderondonianews.com\/news\/wp-json\/wp\/v2\/posts"}],"about":[{"href":"https:\/\/folhaderondonianews.com\/news\/wp-json\/wp\/v2\/types\/post"}],"author":[{"embeddable":true,"href":"https:\/\/folhaderondonianews.com\/news\/wp-json\/wp\/v2\/users\/1"}],"replies":[{"embeddable":true,"href":"https:\/\/folhaderondonianews.com\/news\/wp-json\/wp\/v2\/comments?post=27970"}],"version-history":[{"count":0,"href":"https:\/\/folhaderondonianews.com\/news\/wp-json\/wp\/v2\/posts\/27970\/revisions"}],"wp:featuredmedia":[{"embeddable":true,"href":"https:\/\/folhaderondonianews.com\/news\/wp-json\/wp\/v2\/media\/27971"}],"wp:attachment":[{"href":"https:\/\/folhaderondonianews.com\/news\/wp-json\/wp\/v2\/media?parent=27970"}],"wp:term":[{"taxonomy":"category","embeddable":true,"href":"https:\/\/folhaderondonianews.com\/news\/wp-json\/wp\/v2\/categories?post=27970"},{"taxonomy":"post_tag","embeddable":true,"href":"https:\/\/folhaderondonianews.com\/news\/wp-json\/wp\/v2\/tags?post=27970"}],"curies":[{"name":"wp","href":"https:\/\/api.w.org\/{rel}","templated":true}]}}