{"id":27973,"date":"2020-04-27T08:11:14","date_gmt":"2020-04-27T12:11:14","guid":{"rendered":"https:\/\/folhaderondonianews.com\/news\/?p=27973"},"modified":"2020-04-27T08:11:14","modified_gmt":"2020-04-27T12:11:14","slug":"rondonia-chega-a-4a-posicao-no-ranking-nacional-de-transparencia-sobre-a-covid-19","status":"publish","type":"post","link":"https:\/\/folhaderondonianews.com\/news\/2020\/04\/27\/rondonia-chega-a-4a-posicao-no-ranking-nacional-de-transparencia-sobre-a-covid-19\/","title":{"rendered":"Rond\u00f4nia chega \u00e0 4\u00aa posi\u00e7\u00e3o no ranking nacional de transpar\u00eancia sobre a Covid-19"},"content":{"rendered":"<p>A r\u00e1pida resposta do governo de Rond\u00f4nia na informa\u00e7\u00e3o exata com detalhamentos relativos \u00e0 pandemia do coronav\u00edrus fez o Estado alavancar e atingir o n\u00edvel alto com par\u00e2metros de qualidade de dados de casos suspeitos e confirmados diariamente, ocupando a 4\u00aa posi\u00e7\u00e3o no ranking nacional do \u00cdndice de Transpar\u00eancia da Covid-19, uma iniciativa da Open Knowledge Brasil (OKBR) que avalia a qualidade dos dados e informa\u00e7\u00f5es que t\u00eam sido publicados pela Uni\u00e3o e pelos estados brasileiros em seus portais oficiais.<\/p>\n<p>Desde as primeiras a\u00e7\u00f5es desenvolvidas no combate ao coronav\u00edrus, o Governo do Estado tomou a iniciativa de melhor levar informa\u00e7\u00f5es com a preocupa\u00e7\u00e3o para que n\u00e3o pairassem d\u00favidas e, principalmente, sendo um elo com a sociedade sobre dados precisos e confi\u00e1veis, ou seja, evitando que a popula\u00e7\u00e3o fosse \u201ccontaminada\u201d por fakes news (falsas not\u00edcias). Para tanto, foi disponibilizado aos cidad\u00e3os rondonienses todas as informa\u00e7\u00f5es sobre a evolu\u00e7\u00e3o da Covid-19 em todo Estado, bem como not\u00edcias di\u00e1rias envolvendo medidas de enfrentamento ao coronav\u00edrus.<\/p>\n<p>O governador de Rond\u00f4nia, coronel Marcos Rocha, desde que a pandemia atingiu o Estado, manteve a preocupa\u00e7\u00e3o de aumentar as informa\u00e7\u00f5es para a popula\u00e7\u00e3o. Mediante essa determina\u00e7\u00e3o, al\u00e9m do Portal do Governo, foi lan\u00e7ado o Portal Coronav\u00edrus (<a href=\"http:\/\/www.coronavirus.ro.gov.br\/\">www.coronavirus.ro.gov.br<\/a>\u00a0) e vinculado a este, foi desenvolvido o Painel Covid-19 Rond\u00f4nia (<a href=\"http:\/\/covid19.sesau.ro.gov.br\/\">http:\/\/covid19.sesau.ro.gov.br<\/a>). O chefe do Executivo Estadual define as a\u00e7\u00f5es que est\u00e3o sendo feitas com sabedoria e muito cuidado para poder vencer a Covid-19.<\/p>\n<div id=\"attachment_352942\" class=\"wp-caption alignleft\"><a href=\"http:\/\/data.portal.sistemas.ro.gov.br\/2020\/04\/grafico-transpar%C3%AAncia-covid-19-print-dia-25-04-2020.jpg\" data-fancybox-group=\"entry-gallery\"><img decoding=\"async\" class=\"wp-image-352942 size-570wide lazyload\" data-src=\"http:\/\/data.portal.sistemas.ro.gov.br\/2020\/04\/grafico-transpar%C3%AAncia-covid-19-print-dia-25-04-2020-570x358.jpg\" data-sizes=\"(max-width: 570px) 100vw, 570px\" data-srcset=\"http:\/\/data.portal.sistemas.ro.gov.br\/2020\/04\/grafico-transpar\u00eancia-covid-19-print-dia-25-04-2020-570x358.jpg 570w, http:\/\/data.portal.sistemas.ro.gov.br\/2020\/04\/grafico-transpar\u00eancia-covid-19-print-dia-25-04-2020-768x483.jpg 768w, http:\/\/data.portal.sistemas.ro.gov.br\/2020\/04\/grafico-transpar\u00eancia-covid-19-print-dia-25-04-2020-170x107.jpg 170w, http:\/\/data.portal.sistemas.ro.gov.br\/2020\/04\/grafico-transpar\u00eancia-covid-19-print-dia-25-04-2020-370x232.jpg 370w, http:\/\/data.portal.sistemas.ro.gov.br\/2020\/04\/grafico-transpar\u00eancia-covid-19-print-dia-25-04-2020-870x547.jpg 870w, http:\/\/data.portal.sistemas.ro.gov.br\/2020\/04\/grafico-transpar\u00eancia-covid-19-print-dia-25-04-2020.jpg 1208w\" alt=\"\" width=\"570\" height=\"358\" src=\"data:image\/svg+xml;base64,PHN2ZyB3aWR0aD0iMSIgaGVpZ2h0PSIxIiB4bWxucz0iaHR0cDovL3d3dy53My5vcmcvMjAwMC9zdmciPjwvc3ZnPg==\" style=\"--smush-placeholder-width: 570px; --smush-placeholder-aspect-ratio: 570\/358;\" \/><\/a><\/p>\n<p class=\"wp-caption-text\">Gr\u00e1fico destaca estados no ranking do \u00cdndice de Transpar\u00eancia e Rond\u00f4nia saltou para 4\u00aa posi\u00e7\u00e3o<\/p>\n<\/div>\n<p>\u201cRond\u00f4nia hoje est\u00e1 na 4\u00aa posi\u00e7\u00e3o no portal de transpar\u00eancia, lembrando que at\u00e9 semana passada est\u00e1vamos nas \u00faltimas posi\u00e7\u00f5es, uma vez que n\u00e3o se tinha ainda levantado \u00a0tudo que o Estado estava fazendo no combate \u00e0 Covid-19. Ent\u00e3o, em uma semana, pulamos das \u00faltimas posi\u00e7\u00f5es para a 4\u00aa coloca\u00e7\u00e3o no ranking de transpar\u00eancia. N\u00e3o tenho d\u00favida que o Estado de Rond\u00f4nia vai chegar a alcan\u00e7ar o primeiro lugar uma vez que primamos para que as a\u00e7\u00f5es sejam pontuais, quer seja na aquisi\u00e7\u00e3o de equipamentos ou aquisi\u00e7\u00e3o de insumos, bem como em mais informa\u00e7\u00f5es que possam deixar a popula\u00e7\u00e3o sempre atualizada\u201d, pontuou o governador, lembrando tamb\u00e9m que o governo j\u00e1 havia comprado antecipadamente os Equipamentos de Prote\u00e7\u00e3o Individual (EPI\u2019s ) ainda em fevereiro, logo ap\u00f3s uma reuni\u00e3o com o secret\u00e1rio de Estado da Sa\u00fade, Fernando M\u00e1ximo, para avalia\u00e7\u00e3o da pandemia, que j\u00e1 estava atingindo v\u00e1rios pa\u00edses, e foram antecipadas as a\u00e7\u00f5es.<\/p>\n<p>Hoje, o portal do Governo do Estado publica constantemente boletins que v\u00e3o ao encontro da transpar\u00eancia, com informa\u00e7\u00f5es sobre a Covid-19, apresentando um mapa, onde e em que intensidade o v\u00edrus foi detectado em pacientes. Tamb\u00e9m h\u00e1 uma tabela que possibilita o acompanhamento por munic\u00edpio. Outra novidade acrescentada e que pode ser considerada a mais importante, foi o gr\u00e1fico interativo de evolu\u00e7\u00e3o dos casos, onde a popula\u00e7\u00e3o pode ter uma ideia das idades e g\u00eaneros que a Covid-19 est\u00e1 afetando em todo Estado. Para isso, esse gr\u00e1fico demonstra que todos devem ter cuidado, pois atualmente a faixa et\u00e1ria mais atingida \u00e9 de 30 a 39 anos, e de 20 a 29 anos.<\/p>\n<p>Outra medida tamb\u00e9m adotada nas informa\u00e7\u00f5es sobre a Covid-19 \u00e9 quanto \u00e0 tela de evolu\u00e7\u00e3o estat\u00edstica que apresenta graficamente como est\u00e1 sendo a evolu\u00e7\u00e3o dos casos, desde quando surgiu o primeiro confirmado, tanto em n\u00edvel de Estado, quanto em n\u00edvel de munic\u00edpios j\u00e1 afetados. Somado \u00e0s a\u00e7\u00f5es, h\u00e1 o Painel Interativo com dados que podem ser baixados em formatos de tabela ou PDF, para que sejam utilizados por outras entidades se necess\u00e1rio. Quando baixadas, as tabelas apresentam dados mais completos ainda, efetivando a transpar\u00eancia necess\u00e1ria. Esse painel foi constru\u00eddo, sendo constantemente atualizado e melhorado pela equipe da Coordena\u00e7\u00e3o de Tecnologia da Informa\u00e7\u00e3o da Secretaria de Estado da Sa\u00fade (CTI-SESAU) em parceria com o Sala de Situa\u00e7\u00e3o Integrada.<\/p>\n<p>Conforme definido pela Open Knowledge Brasil (OKBR), al\u00e9m de contribuir para o aprimoramento dos dados e informa\u00e7\u00f5es sobre a pandemia no Brasil, o \u00cdndice de Transpar\u00eancia da Covid-19 busca o compartilhamento de m\u00e9todos de coleta e disponibiliza\u00e7\u00e3o desses dados, que t\u00eam sido empregados por gestores p\u00fablicos de todo o pa\u00eds. Por essa raz\u00e3o, o \u00cdndice n\u00e3o deve ser interpretado como uma competi\u00e7\u00e3o entre entes, mas como um esfor\u00e7o coletivo de combate ao coronav\u00edrus por meio da produ\u00e7\u00e3o e disponibiliza\u00e7\u00e3o de informa\u00e7\u00f5es oficiais mais \u00edntegras.<\/p>\n<p>&nbsp;<\/p>\n<div id=\"attachment_352943\" class=\"wp-caption aligncenter\"><a href=\"http:\/\/data.portal.sistemas.ro.gov.br\/2020\/04\/grafico-transpar%C3%AAncia-covid-19-print2-dia-25-04-2020.jpg\" data-fancybox-group=\"entry-gallery\"><img decoding=\"async\" class=\"wp-image-352943 size-870wide lazyload\" data-src=\"http:\/\/data.portal.sistemas.ro.gov.br\/2020\/04\/grafico-transpar%C3%AAncia-covid-19-print2-dia-25-04-2020-870x422.jpg\" data-sizes=\"(max-width: 870px) 100vw, 870px\" data-srcset=\"http:\/\/data.portal.sistemas.ro.gov.br\/2020\/04\/grafico-transpar\u00eancia-covid-19-print2-dia-25-04-2020-870x422.jpg 870w, http:\/\/data.portal.sistemas.ro.gov.br\/2020\/04\/grafico-transpar\u00eancia-covid-19-print2-dia-25-04-2020-768x372.jpg 768w, http:\/\/data.portal.sistemas.ro.gov.br\/2020\/04\/grafico-transpar\u00eancia-covid-19-print2-dia-25-04-2020-170x82.jpg 170w, http:\/\/data.portal.sistemas.ro.gov.br\/2020\/04\/grafico-transpar\u00eancia-covid-19-print2-dia-25-04-2020-370x179.jpg 370w, http:\/\/data.portal.sistemas.ro.gov.br\/2020\/04\/grafico-transpar\u00eancia-covid-19-print2-dia-25-04-2020-570x276.jpg 570w, http:\/\/data.portal.sistemas.ro.gov.br\/2020\/04\/grafico-transpar\u00eancia-covid-19-print2-dia-25-04-2020.jpg 1280w\" alt=\"\" width=\"870\" height=\"422\" src=\"data:image\/svg+xml;base64,PHN2ZyB3aWR0aD0iMSIgaGVpZ2h0PSIxIiB4bWxucz0iaHR0cDovL3d3dy53My5vcmcvMjAwMC9zdmciPjwvc3ZnPg==\" style=\"--smush-placeholder-width: 870px; --smush-placeholder-aspect-ratio: 870\/422;\" \/><\/a><\/p>\n<p class=\"wp-caption-text\">Governo de Rond\u00f4nia tem priorizado maior volume de informa\u00e7\u00f5es di\u00e1rias sobre o combate ao coronav\u00edrus<\/p>\n<\/div>\n<p>&nbsp;<\/p>\n<p>Na nota metodol\u00f3gica do \u00cdndice de Transpar\u00eancia da Covid-19, fica determinante a proposta da \u00a0Open Knowledge Brasil (OKBR), \u00a0em que a principal contribui\u00e7\u00e3o do \u00cdndice \u00e9 apontar caminhos vi\u00e1veis para que as secretarias estaduais e o Governo Federal aprimorem a divulga\u00e7\u00e3o dos dados, por meio da publica\u00e7\u00e3o padronizada de um conjunto m\u00ednimo de informa\u00e7\u00f5es que, no contexto atual, esses dados podem ser determinantes, n\u00e3o apenas para o exerc\u00edcio do controle social, mas para aperfei\u00e7oar pol\u00edticas que v\u00e3o salvar vidas.<\/p>\n<p>No ranking nacional de transpar\u00eancia com informa\u00e7\u00f5es sobre a Covid-19, Rond\u00f4nia se encontra atualmente em 4\u00ba lugar, com 90 pontos alcan\u00e7ados, sendo o \u00fanico da regi\u00e3o Norte a alcan\u00e7ar o n\u00edvel de alto \u00edndice, atr\u00e1s de Pernambuco (1\u00ba), Cear\u00e1 (2\u00ba) e Esp\u00edrito Santo (3\u00ba). Como j\u00e1 mencionado pelo governador Marcos Rocha, Rond\u00f4nia passou a ser destaque por ter implementado um painel que levou a um expressivo salto na pontua\u00e7\u00e3o: de 43, considerado um n\u00edvel m\u00e9dio de transpar\u00eancia, Rond\u00f4nia passou a 90 pontos, entrando na pontua\u00e7\u00e3o dos estados, com n\u00edvel mais alto de disponibiliza\u00e7\u00e3o de informa\u00e7\u00f5es.<\/p>\n<p>\u201cEstamos na quest\u00e3o da loca\u00e7\u00e3o de um hospital e em \u00faltimo caso, se necess\u00e1rio, estaremos tamb\u00e9m alugando a estrutura de um hospital de campanha. Contratamos pessoas para poderem atuar na sa\u00fade. Enfim, todas as a\u00e7\u00f5es est\u00e3o sendo feitas com muita sabedoria e muito cuidado para poder vencer a Covid-19 e eu tenho certeza que Deus est\u00e1 aben\u00e7oando nosso Estado e vai continuar aben\u00e7oando e poderemos ent\u00e3o passar por essa crise sem grandes danos para nossa popula\u00e7\u00e3o\u201d, esclareceu o governador Marcos Rocha.<\/p>\n<p>O governador argumentou que essa transpar\u00eancia de iniciativa da Open Knowledge Brasil, refere-se \u00e0s a\u00e7\u00f5es desenvolvidas pelo Estado quanto ao combate \u00e0 Covid-19, mas detalhou que o governo de Rond\u00f4nia tem demonstrado transpar\u00eancia em todas as a\u00e7\u00f5es desenvolvida, tendo como honra o anunciado pelo Tribunal de Contas que colocou o atual governo com 100% de transpar\u00eancia. \u201cSempre iremos caminhar nessa linha. E n\u00e3o podemos deixar de citar que estamos seguindo o protocolo da transpar\u00eancia internacional. Recentemente, o controlador Geral do Estado, Francisco Netto, participou de um evento fora do pa\u00eds e adquiriu uma s\u00e9rie de requisitos para que possamos manter essa transpar\u00eancia. Um dos requisitos do protocolo internacional \u00e9 para que todas as reuni\u00f5es sejam gravadas, bem como outras medidas que atendam \u00e0 transpar\u00eancia e tudo tem sido feito para que possamos sempre ter seriedade no nosso Estado\u201d, finalizou Marcos Rocha.<\/p>\n","protected":false},"excerpt":{"rendered":"<div class=\"mh-excerpt\"><p>A r\u00e1pida resposta do governo de Rond\u00f4nia na informa\u00e7\u00e3o exata com detalhamentos relativos \u00e0 pandemia do coronav\u00edrus fez o Estado alavancar e atingir o n\u00edvel <a class=\"mh-excerpt-more\" href=\"https:\/\/folhaderondonianews.com\/news\/2020\/04\/27\/rondonia-chega-a-4a-posicao-no-ranking-nacional-de-transparencia-sobre-a-covid-19\/\" title=\"Rond\u00f4nia chega \u00e0 4\u00aa posi\u00e7\u00e3o no ranking nacional de transpar\u00eancia sobre a Covid-19\">[&#8230;]<\/a><\/p>\n<\/div>","protected":false},"author":1,"featured_media":27974,"comment_status":"open","ping_status":"closed","sticky":false,"template":"","format":"standard","meta":{"footnotes":""},"categories":[5],"tags":[],"class_list":["post-27973","post","type-post","status-publish","format-standard","has-post-thumbnail","hentry","category-brasil"],"_links":{"self":[{"href":"https:\/\/folhaderondonianews.com\/news\/wp-json\/wp\/v2\/posts\/27973","targetHints":{"allow":["GET"]}}],"collection":[{"href":"https:\/\/folhaderondonianews.com\/news\/wp-json\/wp\/v2\/posts"}],"about":[{"href":"https:\/\/folhaderondonianews.com\/news\/wp-json\/wp\/v2\/types\/post"}],"author":[{"embeddable":true,"href":"https:\/\/folhaderondonianews.com\/news\/wp-json\/wp\/v2\/users\/1"}],"replies":[{"embeddable":true,"href":"https:\/\/folhaderondonianews.com\/news\/wp-json\/wp\/v2\/comments?post=27973"}],"version-history":[{"count":0,"href":"https:\/\/folhaderondonianews.com\/news\/wp-json\/wp\/v2\/posts\/27973\/revisions"}],"wp:featuredmedia":[{"embeddable":true,"href":"https:\/\/folhaderondonianews.com\/news\/wp-json\/wp\/v2\/media\/27974"}],"wp:attachment":[{"href":"https:\/\/folhaderondonianews.com\/news\/wp-json\/wp\/v2\/media?parent=27973"}],"wp:term":[{"taxonomy":"category","embeddable":true,"href":"https:\/\/folhaderondonianews.com\/news\/wp-json\/wp\/v2\/categories?post=27973"},{"taxonomy":"post_tag","embeddable":true,"href":"https:\/\/folhaderondonianews.com\/news\/wp-json\/wp\/v2\/tags?post=27973"}],"curies":[{"name":"wp","href":"https:\/\/api.w.org\/{rel}","templated":true}]}}