{"id":28045,"date":"2020-04-29T15:49:59","date_gmt":"2020-04-29T19:49:59","guid":{"rendered":"https:\/\/folhaderondonianews.com\/news\/?p=28045"},"modified":"2020-04-29T15:49:59","modified_gmt":"2020-04-29T19:49:59","slug":"empresa-de-sebo-tera-que-acabar-com-o-mau-cheiro-provocado-por-ela","status":"publish","type":"post","link":"https:\/\/folhaderondonianews.com\/news\/2020\/04\/29\/empresa-de-sebo-tera-que-acabar-com-o-mau-cheiro-provocado-por-ela\/","title":{"rendered":"Empresa de Sebo ter\u00e1 que acabar com o mau cheiro provocado por ela"},"content":{"rendered":"<p class=\"x_MsoNormal\">A Empresa Sebo Ind\u00fastria e Com\u00e9rcio de Produtos Animais ter\u00e1 que solucionar o mais breve poss\u00edvel, os problemas originados pela emiss\u00e3o de fortes odores na cidade de Ji-Paran\u00e1. A empresa sofreu um inc\u00eandio criminoso que danificou todo o Sistema Aerocondensador, que \u00e9 respons\u00e1vel por tratar o vapor que \u00e9 emitido pelo processamento de produtos animais realizados em sua linha de produ\u00e7\u00e3o. O inc\u00eandio com ind\u00edcios de ter sido provocado j\u00e1 est\u00e1 sendo investigado pela Pol\u00edcia Civil.<\/p>\n<p class=\"x_MsoNormal\">Os t\u00e9cnicos da Secretaria Municipal de Meio Ambiente estiveram na empresa realizando a fiscaliza\u00e7\u00e3o, ap\u00f3s a notifica\u00e7\u00e3o de v\u00e1rias den\u00fancias feitas pelo sistema de ouvidoria da Prefeitura Municipal,\u00a0 e determinaram que o sistema volte a funcionar o mais breve poss\u00edvel de modo a neutralizar a emiss\u00e3o dos odores, o que dever\u00e1 ser finalizado nesta quinta-feira (30).<\/p>\n<p class=\"x_MsoNormal\">Conforme a Secret\u00e1ria de Meio Ambiente, K\u00e1tia Casula, a empresa trabalha com o processamento de v\u00edsceras, ossos, sangue e gordura de animais para a fabrica\u00e7\u00e3o de ra\u00e7\u00e3o. Toda a mat\u00e9ria prima utilizada por essa empresa vem dos Frigor\u00edficos, Abatedouros, supermercados e a\u00e7ougues de Ji-Paran\u00e1 e regi\u00e3o e, por isso, optou pela notifica\u00e7\u00e3o e abertura de prazo para regulariza\u00e7\u00e3o do problema, uma vez que o embargo \u00e0s atividades da empresa iria gerar um efeito em cadeia, obrigando a paralisa\u00e7\u00e3o de grande parte da cadeia produtiva do munic\u00edpio e regi\u00e3o.<\/p>\n<p class=\"x_MsoNormal\">K\u00e1tia disse ainda que informou formalmente a Secretaria de Estado de Desenvolvimento Ambiental (Sedam) para que realize fiscaliza\u00e7\u00e3o e dilig\u00eancias tamb\u00e9m ao Frigor\u00edfico Rio Bife, localizado nas proximidades do bairro Capelasso, segundo distrito da cidade. Uma vez que tamb\u00e9m foram realizadas den\u00fancias de que o referido frigor\u00edfico est\u00e1 emitindo fortes odores em uma \u00e1rea de compostagem\u00a0 que estaria fora das especifica\u00e7\u00f5es exigidas.<\/p>\n<p class=\"x_MsoNormal\">\u201cComo o Frigor\u00edfico se enquadra como empreendimento de alto impacto ambiental, a fiscaliza\u00e7\u00e3o e investiga\u00e7\u00e3o desta den\u00fancia fica sob a responsabilidade da Sedam. J\u00e1 fizemos a notifica\u00e7\u00e3o ao \u00f3rg\u00e3o respons\u00e1vel para provid\u00eancias e, neste caso, a Secretaria Estadual dever\u00e1 enviar t\u00e9cnicos para dilig\u00eancias de fiscaliza\u00e7\u00e3o\u201d, ressaltou.<\/p>\n","protected":false},"excerpt":{"rendered":"<div class=\"mh-excerpt\"><p>A Empresa Sebo Ind\u00fastria e Com\u00e9rcio de Produtos Animais ter\u00e1 que solucionar o mais breve poss\u00edvel, os problemas originados pela emiss\u00e3o de fortes odores na <a class=\"mh-excerpt-more\" href=\"https:\/\/folhaderondonianews.com\/news\/2020\/04\/29\/empresa-de-sebo-tera-que-acabar-com-o-mau-cheiro-provocado-por-ela\/\" title=\"Empresa de Sebo ter\u00e1 que acabar com o mau cheiro provocado por ela\">[&#8230;]<\/a><\/p>\n<\/div>","protected":false},"author":1,"featured_media":28046,"comment_status":"open","ping_status":"closed","sticky":false,"template":"","format":"standard","meta":{"footnotes":""},"categories":[3],"tags":[],"class_list":["post-28045","post","type-post","status-publish","format-standard","has-post-thumbnail","hentry","category-cotidiano"],"_links":{"self":[{"href":"https:\/\/folhaderondonianews.com\/news\/wp-json\/wp\/v2\/posts\/28045","targetHints":{"allow":["GET"]}}],"collection":[{"href":"https:\/\/folhaderondonianews.com\/news\/wp-json\/wp\/v2\/posts"}],"about":[{"href":"https:\/\/folhaderondonianews.com\/news\/wp-json\/wp\/v2\/types\/post"}],"author":[{"embeddable":true,"href":"https:\/\/folhaderondonianews.com\/news\/wp-json\/wp\/v2\/users\/1"}],"replies":[{"embeddable":true,"href":"https:\/\/folhaderondonianews.com\/news\/wp-json\/wp\/v2\/comments?post=28045"}],"version-history":[{"count":0,"href":"https:\/\/folhaderondonianews.com\/news\/wp-json\/wp\/v2\/posts\/28045\/revisions"}],"wp:featuredmedia":[{"embeddable":true,"href":"https:\/\/folhaderondonianews.com\/news\/wp-json\/wp\/v2\/media\/28046"}],"wp:attachment":[{"href":"https:\/\/folhaderondonianews.com\/news\/wp-json\/wp\/v2\/media?parent=28045"}],"wp:term":[{"taxonomy":"category","embeddable":true,"href":"https:\/\/folhaderondonianews.com\/news\/wp-json\/wp\/v2\/categories?post=28045"},{"taxonomy":"post_tag","embeddable":true,"href":"https:\/\/folhaderondonianews.com\/news\/wp-json\/wp\/v2\/tags?post=28045"}],"curies":[{"name":"wp","href":"https:\/\/api.w.org\/{rel}","templated":true}]}}