{"id":28051,"date":"2020-04-30T11:03:23","date_gmt":"2020-04-30T15:03:23","guid":{"rendered":"https:\/\/folhaderondonianews.com\/news\/?p=28051"},"modified":"2020-04-30T11:03:23","modified_gmt":"2020-04-30T15:03:23","slug":"prefeitura-de-ji-parana-libera-certidoes-para-inadimplentes","status":"publish","type":"post","link":"https:\/\/folhaderondonianews.com\/news\/2020\/04\/30\/prefeitura-de-ji-parana-libera-certidoes-para-inadimplentes\/","title":{"rendered":"Prefeitura de Ji-Paran\u00e1 libera certid\u00f5es para inadimplentes"},"content":{"rendered":"<p class=\"x_MsoNormal\">Todos os contribuintes, sejam pessoas f\u00edsicas ou jur\u00eddicas, que estiverem com d\u00e9bitos em abertos e que precisarem realizar a emiss\u00e3o de certid\u00f5es negativas junto a prefeitura de Ji-Paran\u00e1, poder\u00e3o fazer a retirada do documento normalmente pelo site oficial do munic\u00edpio, at\u00e9 o dia 17 de julho, sem a necessidade da quita\u00e7\u00e3o dos d\u00e9bitos.<\/p>\n<p class=\"x_MsoNormal\">As certid\u00f5es emitidas pela prefeitura tiveram os prazos de validade estendidos, no \u00faltimo dia 17 de abril, por 90 dias, com o objetivo de contribuir com cen\u00e1rio econ\u00f4mico do munic\u00edpio, e fazem parte de um pacote de medidas editadas pelo Prefeito Marcito Pinto (PDT), para dar f\u00f4lego aos contribuintes da cidade que passam por um momento de recess\u00e3o devido a pandemia de coronav\u00edrus.<\/p>\n<p class=\"x_MsoNormal\">Durante este per\u00edodo todas as certid\u00f5es dos contribuintes inadimplentes ser\u00e3o emitidas como positivas, com efeitos de negativas.<\/p>\n<p class=\"x_MsoNormal\">As certid\u00f5es positivas, com efeitos de negativas \u00e9 uma esp\u00e9cie de atestado de que a empresa ou contribuinte,possui d\u00e9bitos com o fisco municipal, entretanto, est\u00e1, at\u00e9 o momento da emiss\u00e3o, com situa\u00e7\u00e3o regular provis\u00f3ria, garantida pelo decreto municipal<\/p>\n<p class=\"x_MsoNormal\">As certid\u00f5es negativas possuem uma grande relev\u00e2ncia para a economia do munic\u00edpio, uma vez que s\u00e3o exigidas constantemente em in\u00fameras situa\u00e7\u00f5es de neg\u00f3cios, como em processos de licita\u00e7\u00e3o, cadastros e homologa\u00e7\u00f5es de fornecedores, como comprova\u00e7\u00f5es junto aos bancos de fomento para a realiza\u00e7\u00e3o de empr\u00e9stimos, e no caso de uma empresa estar sendo vendida, por exemplo, s\u00e3o solicitadas todas as certid\u00f5es negativas em nome dessa empresa e dos seus s\u00f3cios.<\/p>\n<p class=\"x_MsoNormal\">Outra medida importante que est\u00e1 em vigor at\u00e9 17 de julho, \u00e9 a suspens\u00e3o da cobran\u00e7a extrajudicial, impedindo a inscri\u00e7\u00e3o de inadimpl\u00eancias nos \u00f3rg\u00e3os de restri\u00e7\u00e3o de cr\u00e9dito, conveniados com a administra\u00e7\u00e3o municipal (SERASA , SPC, SCPC e CART\u00d3RIO DE PROTESTOS).Ou seja, durante este per\u00edodo, a prefeitura n\u00e3o far\u00e1 a inscri\u00e7\u00e3o dos contribuintes inadimplentes nos \u00f3rg\u00e3os de protesto.<\/p>\n","protected":false},"excerpt":{"rendered":"<div class=\"mh-excerpt\"><p>Todos os contribuintes, sejam pessoas f\u00edsicas ou jur\u00eddicas, que estiverem com d\u00e9bitos em abertos e que precisarem realizar a emiss\u00e3o de certid\u00f5es negativas junto a <a class=\"mh-excerpt-more\" href=\"https:\/\/folhaderondonianews.com\/news\/2020\/04\/30\/prefeitura-de-ji-parana-libera-certidoes-para-inadimplentes\/\" title=\"Prefeitura de Ji-Paran\u00e1 libera certid\u00f5es para inadimplentes\">[&#8230;]<\/a><\/p>\n<\/div>","protected":false},"author":1,"featured_media":28052,"comment_status":"open","ping_status":"closed","sticky":false,"template":"","format":"standard","meta":{"footnotes":""},"categories":[3],"tags":[99],"class_list":["post-28051","post","type-post","status-publish","format-standard","has-post-thumbnail","hentry","category-cotidiano","tag-ji-parana"],"_links":{"self":[{"href":"https:\/\/folhaderondonianews.com\/news\/wp-json\/wp\/v2\/posts\/28051","targetHints":{"allow":["GET"]}}],"collection":[{"href":"https:\/\/folhaderondonianews.com\/news\/wp-json\/wp\/v2\/posts"}],"about":[{"href":"https:\/\/folhaderondonianews.com\/news\/wp-json\/wp\/v2\/types\/post"}],"author":[{"embeddable":true,"href":"https:\/\/folhaderondonianews.com\/news\/wp-json\/wp\/v2\/users\/1"}],"replies":[{"embeddable":true,"href":"https:\/\/folhaderondonianews.com\/news\/wp-json\/wp\/v2\/comments?post=28051"}],"version-history":[{"count":0,"href":"https:\/\/folhaderondonianews.com\/news\/wp-json\/wp\/v2\/posts\/28051\/revisions"}],"wp:featuredmedia":[{"embeddable":true,"href":"https:\/\/folhaderondonianews.com\/news\/wp-json\/wp\/v2\/media\/28052"}],"wp:attachment":[{"href":"https:\/\/folhaderondonianews.com\/news\/wp-json\/wp\/v2\/media?parent=28051"}],"wp:term":[{"taxonomy":"category","embeddable":true,"href":"https:\/\/folhaderondonianews.com\/news\/wp-json\/wp\/v2\/categories?post=28051"},{"taxonomy":"post_tag","embeddable":true,"href":"https:\/\/folhaderondonianews.com\/news\/wp-json\/wp\/v2\/tags?post=28051"}],"curies":[{"name":"wp","href":"https:\/\/api.w.org\/{rel}","templated":true}]}}