{"id":28438,"date":"2020-05-18T10:07:42","date_gmt":"2020-05-18T14:07:42","guid":{"rendered":"https:\/\/folhaderondonianews.com\/news\/?p=28438"},"modified":"2020-05-18T10:15:05","modified_gmt":"2020-05-18T14:15:05","slug":"mpf-vai-apurar-denuncia-contra-flavio-bolsonaro","status":"publish","type":"post","link":"https:\/\/folhaderondonianews.com\/news\/2020\/05\/18\/mpf-vai-apurar-denuncia-contra-flavio-bolsonaro\/","title":{"rendered":"MPF vai apurar den\u00fancia contra Fl\u00e1vio Bolsonaro"},"content":{"rendered":"<p><strong><a href=\"https:\/\/www.terra.com.br\/noticias\/brasil\/politica\/mpf-vai-apurar-denuncia-contra-flavio-bolsonaro,7184a9c9a9f0c0e8bca4e35bd0becd4b9v4sl03x.html\">Vinicius Neder e Vin\u00edcius Valfr\u00e9<\/a> <\/strong>&#8211; O procurador-geral da Rep\u00fablica, Augusto Aras, vai analisar a suspeita de vazamento de informa\u00e7\u00f5es de opera\u00e7\u00e3o da Pol\u00edcia Federal ao senador <strong>Fl\u00e1vio Bolsonaro<\/strong> (Republicanos-RJ), relatada pelo empres\u00e1rio Paulo Marinho (PSDB-RJ) ao <strong><a href=\"https:\/\/www.terra.com.br\/noticias\/brasil\/politica\/mpf-vai-apurar-denuncia-contra-flavio-bolsonaro,7184a9c9a9f0c0e8bca4e35bd0becd4b9v4sl03x.html\">jornal\u00a0<i>Folha de S.Paulo<\/i><\/a>.<\/strong> Suplente de Fl\u00e1vio, Marinho disse ter ouvido do senador que ele possu\u00eda informa\u00e7\u00f5es sigilosas acerca de investiga\u00e7\u00f5es envolvendo o ex-assessor Fabr\u00edcio Queiroz.<\/p>\n<p>&#8220;O procurador-geral da Rep\u00fablica analisar\u00e1 o relato junto com a equipe de procuradores que atua em seu gabinete em mat\u00e9ria penal&#8221;, informou, em nota, a Procuradoria-Geral da Rep\u00fablica (PGR). O \u00f3rg\u00e3o n\u00e3o informou se abrir\u00e1 um procedimento para investiga\u00e7\u00e3o. Ap\u00f3s a publica\u00e7\u00e3o da entrevista, Marinho tamb\u00e9m recorreu \u00e0s redes sociais na manh\u00e3 de ontem, unindo o slogan eleitoral de Jair Bolsonaro \u00e0 frase pronunciada por S\u00e9rgio Moro ao deixar o Minist\u00e9rio da Justi\u00e7a: &#8220;Verdade acima de tudo. Fazer a coisa certa acima de todos.&#8221;<\/p>\n<p>\u00c0 noite, a Pol\u00edcia Federal divulgou nota na qual informa que &#8220;o suposto vazamento de informa\u00e7\u00f5es na opera\u00e7\u00e3o Furna da On\u00e7a foi regularmente investigado pela PF atrav\u00e9s do Inqu\u00e9rito Policial n.\u00ba 01\/2019, que encontra-se relatado&#8221;. A nota acrescenta: &#8220;Todas as not\u00edcias de eventual desvio de conduta devem ser apuradas e, nesse sentido, foi determinada, na data de hoje, a instaura\u00e7\u00e3o de novo procedimento espec\u00edfico para a apura\u00e7\u00e3o dos fatos apontados&#8221;.<\/p>\n<p>Marinho, que \u00e9 suplente do senador Fl\u00e1vio, afirmou que o filho mais velho do presidente Jair Bolsonaro lhe contou ter recebido informa\u00e7\u00f5es sigilosas da Pol\u00edcia Federal (PF) sobre a investiga\u00e7\u00e3o que ent\u00e3o envolvia seu assessor Fabr\u00edcio Queiroz. Segundo o relato, um delegado da PF avisou das investiga\u00e7\u00f5es pouco ap\u00f3s o primeiro turno das elei\u00e7\u00f5es gerais daquele ano. E teria dito, ainda, que membros da Superintend\u00eancia da PF no Rio adiariam a Opera\u00e7\u00e3o Furna da On\u00e7a para n\u00e3o prejudicar Jair Bolsonaro na disputa contra Fernando Haddad (PT). Em nota, publicada ontem, Fl\u00e1vio Bolsonaro negou a acusa\u00e7\u00e3o.<\/p>\n<p>Ainda, de acordo com o relato de Marinho, o delegado da PF teria orientado Fl\u00e1vio a exonerar Fabr\u00edcio Queiroz de seu gabinete na Assembleia Legislativa do Rio. No dia 15 de outubro, foram demitidos tanto Queiroz quanto a filha dele, Nathalia Queiroz, lotada no gabinete de Jair Bolsonaro na C\u00e2mara dos Deputados. A Opera\u00e7\u00e3o Furna da On\u00e7a foi deflagrada em 8 de novembro de 2018, pouco mais de uma semana ap\u00f3s o segundo turno, do qual Bolsonaro saiu vitorioso.<\/p>\n<p>Toda a hist\u00f3ria do vazamento, conforme as declara\u00e7\u00f5es do empres\u00e1rio, foi relatada pelo pr\u00f3prio Fl\u00e1vio em reuni\u00e3o com advogados na casa de Paulo Marinho. Na campanha presidencial, o empres\u00e1rio era um dos apoiadores de Jair Bolsonaro. Ele ofereceu a casa para reuni\u00f5es do ent\u00e3o candidato com o grupo que o auxiliou na disputa eleitoral.<\/p>\n<p>A Opera\u00e7\u00e3o Furna da On\u00e7a, a cargo da for\u00e7a-tarefa da Lava Jato do Rio, investigou a participa\u00e7\u00e3o de deputados estaduais fluminenses em esquema de corrup\u00e7\u00e3o que pagava propina mensal (mensalinho) durante o mandato 2011-14. De acordo com as investiga\u00e7\u00f5es, a propina resultava do sobrepre\u00e7o de contratos estaduais e federais. Dez deputados tiveram a pris\u00e3o decretada. Fl\u00e1vio, que era deputado estadual, ficou de fora da opera\u00e7\u00e3o.<\/p>\n<p>Fabr\u00edcio Queiroz tamb\u00e9m n\u00e3o estava entre os alvos, mas a investiga\u00e7\u00e3o acabou por detectar movimenta\u00e7\u00e3o financeira at\u00edpica por parte dele. Um relat\u00f3rio do ent\u00e3o Conselho de Controle de Atividades Financeiras (Coaf), revelado pelo\u00a0<b>Estad\u00e3o<\/b>, colocou Queiroz no notici\u00e1rio pol\u00edtico nacional e gerou desgastes para Fl\u00e1vio Bolsonaro.<\/p>\n<p>Mais tarde, o Minist\u00e9rio P\u00fablico do Rio continuou a apura\u00e7\u00e3o originada na Furna da On\u00e7a com base na suspeita de que o dinheiro movimentado por Queiroz fosse, na verdade, resultado da apropria\u00e7\u00e3o de sal\u00e1rios de funcion\u00e1rios do gabinete de Fl\u00e1vio.<\/p>\n<p>O dinheiro depois teria sido lavado com a compra de im\u00f3veis que fazem parte do patrim\u00f4nio do filho do presidente. Em raz\u00e3o disso, o Minist\u00e9rio P\u00fablico obteve na Justi\u00e7a a quebra dos sigilos banc\u00e1rio e fiscal do senador, de Queiroz, da mulher do senador, Fernanda Bolsonaro.<\/p>\n<p><b>Inven\u00e7\u00e3o<\/b><\/p>\n<p>O senador classificou a acusa\u00e7\u00e3o de &#8220;inven\u00e7\u00e3o&#8221; e afirmou que o empres\u00e1rio tem interesse em prejudic\u00e1-lo, j\u00e1 que \u00e9 suplente de Fl\u00e1vio Bolsonaro no Senado. Em nota publicada em suas redes sociais, Fl\u00e1vio Bolsonaro diz que &#8220;o desespero de Paulo Marinho causa um pouco de pena&#8221; e que o empres\u00e1rio &#8220;preferiu virar as costas a quem lhe estendeu a m\u00e3o&#8221;, ao trocar a &#8220;fam\u00edlia Bolsonaro por Doria e Witzel&#8221;, e &#8220;parece ter sido tomado pela ambi\u00e7\u00e3o&#8221;.<\/p>\n<p>Em 2018, Marinho, que era amigo do ex-ministro da Justi\u00e7a Gustavo Bebianno, acabou escolhido como suplente de Fl\u00e1vio Bolsonaro. O empres\u00e1rio depois se afastou da fam\u00edlia Bolsonaro e acabou nomeado presidente regional do PSDB no Rio, em uma articula\u00e7\u00e3o do governador de S\u00e3o Paulo, Jo\u00e3o Doria (PSDB). Quando Bebianno foi exonerado do minist\u00e9rio, em 2019, e rompeu com o presidente, filiou-se ao PSDB, despontando como pr\u00e9-candidato \u00e0 Prefeitura do Rio nas elei\u00e7\u00f5es deste ano. Com o falecimento de Bebianno, em mar\u00e7o, Doria indicou Marinho como candidato. As informa\u00e7\u00f5es s\u00e3o do jornal\u00a0<b><span style=\"color: #800000;\"><a style=\"color: #800000;\" href=\"https:\/\/www.terra.com.br\/noticias\/brasil\/politica\/mpf-vai-apurar-denuncia-contra-flavio-bolsonaro,7184a9c9a9f0c0e8bca4e35bd0becd4b9v4sl03x.html\">O Estado de S. Paulo<\/a><\/span>.<\/b><\/p>\n","protected":false},"excerpt":{"rendered":"<div class=\"mh-excerpt\"><p>O procurador-geral da Rep\u00fablica, Augusto Aras, vai analisar a suspeita de vazamento de informa\u00e7\u00f5es de opera\u00e7\u00e3o da Pol\u00edcia Federal ao senador Fl\u00e1vio Bolsonaro (Republicanos-RJ), relatada pelo empres\u00e1rio Paulo Marinho (PSDB-RJ) ao jornal\u00a0Folha de S.Paulo.<\/p>\n<\/div>","protected":false},"author":1,"featured_media":21660,"comment_status":"open","ping_status":"closed","sticky":false,"template":"","format":"standard","meta":{"footnotes":""},"categories":[9],"tags":[4267],"class_list":["post-28438","post","type-post","status-publish","format-standard","has-post-thumbnail","hentry","category-politica","tag-flavio-bolsonaro"],"_links":{"self":[{"href":"https:\/\/folhaderondonianews.com\/news\/wp-json\/wp\/v2\/posts\/28438","targetHints":{"allow":["GET"]}}],"collection":[{"href":"https:\/\/folhaderondonianews.com\/news\/wp-json\/wp\/v2\/posts"}],"about":[{"href":"https:\/\/folhaderondonianews.com\/news\/wp-json\/wp\/v2\/types\/post"}],"author":[{"embeddable":true,"href":"https:\/\/folhaderondonianews.com\/news\/wp-json\/wp\/v2\/users\/1"}],"replies":[{"embeddable":true,"href":"https:\/\/folhaderondonianews.com\/news\/wp-json\/wp\/v2\/comments?post=28438"}],"version-history":[{"count":0,"href":"https:\/\/folhaderondonianews.com\/news\/wp-json\/wp\/v2\/posts\/28438\/revisions"}],"wp:featuredmedia":[{"embeddable":true,"href":"https:\/\/folhaderondonianews.com\/news\/wp-json\/wp\/v2\/media\/21660"}],"wp:attachment":[{"href":"https:\/\/folhaderondonianews.com\/news\/wp-json\/wp\/v2\/media?parent=28438"}],"wp:term":[{"taxonomy":"category","embeddable":true,"href":"https:\/\/folhaderondonianews.com\/news\/wp-json\/wp\/v2\/categories?post=28438"},{"taxonomy":"post_tag","embeddable":true,"href":"https:\/\/folhaderondonianews.com\/news\/wp-json\/wp\/v2\/tags?post=28438"}],"curies":[{"name":"wp","href":"https:\/\/api.w.org\/{rel}","templated":true}]}}