{"id":28863,"date":"2020-06-10T10:15:01","date_gmt":"2020-06-10T14:15:01","guid":{"rendered":"https:\/\/folhaderondonianews.com\/news\/?p=28863"},"modified":"2020-06-10T10:15:01","modified_gmt":"2020-06-10T14:15:01","slug":"bolsonaro-autoriza-weintraub-a-intervir-na-unb-e-outras-16-federais","status":"publish","type":"post","link":"https:\/\/folhaderondonianews.com\/news\/2020\/06\/10\/bolsonaro-autoriza-weintraub-a-intervir-na-unb-e-outras-16-federais\/","title":{"rendered":"Bolsonaro autoriza Weintraub a intervir na UnB e outras 16 federais"},"content":{"rendered":"<h4>A MP assinada pelo presidente Jair Bolsonaro exclui a necessidade de consulta a professores e estudantes ou a forma\u00e7\u00e3o de uma lista para escolha dos reitores.<\/h4>\n<p><a href=\"https:\/\/congressoemfoco.uol.com.br\/educacao\/com-mp-bolsonaro-autoriza-weintraub-a-intervir-na-unb-e-outras-16-federais\/\">Congresso em Foco<\/a> &#8211; A medida provis\u00f3ria (MP 979\/2020) que autoriza o ministro da Educa\u00e7\u00e3o, Abraham Weintraub, a escolher reitores tempor\u00e1rios de institui\u00e7\u00f5es federais de ensino durante a pandemia abre caminho para a interven\u00e7\u00e3o em 17 universidades. Entre elas, a Universidade de Bras\u00edlia (UnB) e as federais do Rio Grande do Sul, de Mato Grosso, Mato Grosso do Sul, do Par\u00e1, do Paran\u00e1 e do Piau\u00ed (veja a lista completa mais abaixo).<\/p>\n<p>Nessas institui\u00e7\u00f5es o mandato dos reitores se encerra at\u00e9 dezembro, per\u00edodo em que o pa\u00eds ainda estar\u00e1 sob estado de calamidade p\u00fablica em decorr\u00eancia da pandemia de covid-19 e as universidades estar\u00e3o sujeitas \u00e0s nomea\u00e7\u00f5es feitas por Weintraub.\u00a0A interven\u00e7\u00e3o tamb\u00e9m atinge institutos federais.<\/p>\n<p>Presidente da Frente Parlamentar em Defesa das Universidades Federais, a deputada Margarida Salom\u00e3o (PT-MG) afirma que a MP \u00e9 um \u201cdesprop\u00f3sito inconstitucional\u201d. \u201c\u00c9 uma excresc\u00eancia. Ainda mais injustific\u00e1vel porque parte de um governo que, de um lado, despreza a pandemia e por um MEC que s\u00f3 adiou o Enem por enorme press\u00e3o popular e pol\u00edtica\u201d, criticou. \u201cTem pandemia para fazer interven\u00e7\u00e3o nas universidades, mas n\u00e3o tem para adiar o Enem?\u201d, questionou a deputada.<\/p>\n<p>Junto com a Frente Parlamentar em Defesa dos Institutos Federais, o grupo liderado por Margarida Salom\u00e3o prepara a\u00e7\u00f5es judiciais para contestar a MP. \u201cPoliticamente n\u00e3o tenho d\u00favida de que ela seria derrotada, mas nosso desafio agora \u00e9 sustar seus efeitos imediatamente\u201d, disse a deputada ao Congresso em Foco. Uma medida provis\u00f3ria entra em vigor ap\u00f3s sua publica\u00e7\u00e3o no<em>\u00a0Di\u00e1rio Oficial da Uni\u00e3o<\/em>, o que, no caso da MP 979, ocorreu nesta quarta-feira (10). Para continuar valendo, no entanto, o texto ter\u00e1 de se aprovado pelo <a href=\"https:\/\/congressoemfoco.uol.com.br\/educacao\/com-mp-bolsonaro-autoriza-weintraub-a-intervir-na-unb-e-outras-16-federais\/\">Congresso<\/a>.<\/p>\n<p>A MP assinada pelo presidente Jair Bolsonaro exclui a necessidade de consulta a professores e estudantes ou a forma\u00e7\u00e3o de uma lista para escolha dos reitores. O texto n\u00e3o alcan\u00e7a as institui\u00e7\u00f5es cujo processo de escolha j\u00e1 tenha sido conclu\u00eddo antes da suspens\u00e3o das aulas presenciais. Mas somente aquelas em que o mandato termina durante a pandemia.<\/p>\n<p>&#8220;N\u00e3o haver\u00e1 processo de consulta \u00e0 comunidade, escolar ou acad\u00eamica, ou forma\u00e7\u00e3o de lista tr\u00edplice para a escolha de dirigentes das institui\u00e7\u00f5es federais de ensino durante o per\u00edodo da emerg\u00eancia de sa\u00fade p\u00fablica de import\u00e2ncia internacional decorrente da pandemia da Covid-19&#8221;, diz o texto.<\/p>\n<p>Veja a lista das universidades federais cujo mandato do reitor termina at\u00e9 dezembro e, portanto, est\u00e3o sujeitas \u00e0 interven\u00e7\u00e3o do ministro da Educa\u00e7\u00e3o\u201d:<\/p>\n<table width=\"426\">\n<tbody>\n<tr>\n<td width=\"80\"><strong>Universidade<\/strong><\/td>\n<td width=\"263\"><strong>Reitor<\/strong><\/td>\n<td width=\"83\"><strong>Fim do mandato<\/strong><\/td>\n<\/tr>\n<tr>\n<td width=\"80\">UFERSA<\/td>\n<td width=\"263\">Jos\u00e9 de Arimatea de Matos<\/td>\n<td width=\"83\">05\/09\/2020<\/td>\n<\/tr>\n<tr>\n<td width=\"80\">IFMA<\/td>\n<td width=\"263\">Francisco Roberto Brand\u00e3o Ferreira<\/td>\n<td width=\"83\">12\/09\/2020<\/td>\n<\/tr>\n<tr>\n<td width=\"80\">UFRGS<\/td>\n<td width=\"263\">Rui Vicente Oppermann<\/td>\n<td width=\"83\">27\/09\/2020<\/td>\n<\/tr>\n<tr>\n<td width=\"80\">UNIFESSPA<\/td>\n<td width=\"263\">Maur\u00edlio de Abreu Monteiro<\/td>\n<td width=\"83\">05\/10\/2020<\/td>\n<\/tr>\n<tr>\n<td width=\"80\">UTFPR<\/td>\n<td width=\"263\">Luiz Alberto Pilatti<\/td>\n<td width=\"83\">05\/10\/2020<\/td>\n<\/tr>\n<tr>\n<td width=\"80\">UFPA<\/td>\n<td width=\"263\">Emmanuel Zagury Tourinho<\/td>\n<td width=\"83\">05\/10\/2020<\/td>\n<\/tr>\n<tr>\n<td width=\"80\">UFMT<\/td>\n<td width=\"263\">Myrian Thereza de Moura Serra<\/td>\n<td width=\"83\">13\/10\/2020<\/td>\n<\/tr>\n<tr>\n<td width=\"80\">UFMS<\/td>\n<td width=\"263\">Marcelo Augusto Santos Turine<\/td>\n<td width=\"83\">03\/11\/2020<\/td>\n<\/tr>\n<tr>\n<td width=\"80\">UFPI<\/td>\n<td width=\"263\">Jos\u00e9 Arimat\u00e9ia Dantas Lopes<\/td>\n<td width=\"83\">08\/11\/2020<\/td>\n<\/tr>\n<tr>\n<td width=\"80\">UFSCar<\/td>\n<td width=\"263\">Wanda Aparecida Machado Hoffmann<\/td>\n<td width=\"83\">08\/11\/2020<\/td>\n<\/tr>\n<tr>\n<td width=\"80\">UFPB<\/td>\n<td width=\"263\">Margareth de F\u00e1tima Formiga Melo Diniz<\/td>\n<td width=\"83\">16\/11\/2020<\/td>\n<\/tr>\n<tr>\n<td width=\"80\">UNIR<\/td>\n<td width=\"263\">Ari Miguel Teixeira Ott<\/td>\n<td width=\"83\">23\/11\/2020<\/td>\n<\/tr>\n<tr>\n<td width=\"80\">UnB<\/td>\n<td width=\"263\">Marcia Abrah\u00e3o Moura<\/td>\n<td width=\"83\">23\/11\/2020<\/td>\n<\/tr>\n<tr>\n<td width=\"80\">UFS<\/td>\n<td width=\"263\">\u00c2ngelo Roberto Antoniolli<\/td>\n<td width=\"83\">23\/11\/2020<\/td>\n<\/tr>\n<tr>\n<td width=\"80\">UNIFEI<\/td>\n<td width=\"263\">Dagoberto Alves de Almeida<\/td>\n<td width=\"83\">18\/12\/2020<\/td>\n<\/tr>\n<tr>\n<td width=\"80\">UFPR<\/td>\n<td width=\"263\">Ricardo Marcelo Fonseca<\/td>\n<td width=\"83\">18\/12\/2020<\/td>\n<\/tr>\n<tr>\n<td width=\"80\">UFU<\/td>\n<td width=\"263\">Valder Steffen J\u00fanior<\/td>\n<td width=\"83\">26\/12\/2020<\/td>\n<\/tr>\n<\/tbody>\n<\/table>\n<p>Fonte: Frente Parlamentar em Defesa das Universidades Federais<\/p>\n","protected":false},"excerpt":{"rendered":"<div class=\"mh-excerpt\"><p>A MP assinada pelo presidente Jair Bolsonaro exclui a necessidade de consulta a professores e estudantes ou a forma\u00e7\u00e3o de uma lista para escolha dos <a class=\"mh-excerpt-more\" href=\"https:\/\/folhaderondonianews.com\/news\/2020\/06\/10\/bolsonaro-autoriza-weintraub-a-intervir-na-unb-e-outras-16-federais\/\" title=\"Bolsonaro autoriza Weintraub a intervir na UnB e outras 16 federais\">[&#8230;]<\/a><\/p>\n<\/div>","protected":false},"author":1,"featured_media":28864,"comment_status":"open","ping_status":"closed","sticky":false,"template":"","format":"standard","meta":{"footnotes":""},"categories":[9],"tags":[546,6471,6470],"class_list":["post-28863","post","type-post","status-publish","format-standard","has-post-thumbnail","hentry","category-politica","tag-bolsonaro","tag-intervir-nas-universidades-federais","tag-weintraub"],"_links":{"self":[{"href":"https:\/\/folhaderondonianews.com\/news\/wp-json\/wp\/v2\/posts\/28863","targetHints":{"allow":["GET"]}}],"collection":[{"href":"https:\/\/folhaderondonianews.com\/news\/wp-json\/wp\/v2\/posts"}],"about":[{"href":"https:\/\/folhaderondonianews.com\/news\/wp-json\/wp\/v2\/types\/post"}],"author":[{"embeddable":true,"href":"https:\/\/folhaderondonianews.com\/news\/wp-json\/wp\/v2\/users\/1"}],"replies":[{"embeddable":true,"href":"https:\/\/folhaderondonianews.com\/news\/wp-json\/wp\/v2\/comments?post=28863"}],"version-history":[{"count":0,"href":"https:\/\/folhaderondonianews.com\/news\/wp-json\/wp\/v2\/posts\/28863\/revisions"}],"wp:featuredmedia":[{"embeddable":true,"href":"https:\/\/folhaderondonianews.com\/news\/wp-json\/wp\/v2\/media\/28864"}],"wp:attachment":[{"href":"https:\/\/folhaderondonianews.com\/news\/wp-json\/wp\/v2\/media?parent=28863"}],"wp:term":[{"taxonomy":"category","embeddable":true,"href":"https:\/\/folhaderondonianews.com\/news\/wp-json\/wp\/v2\/categories?post=28863"},{"taxonomy":"post_tag","embeddable":true,"href":"https:\/\/folhaderondonianews.com\/news\/wp-json\/wp\/v2\/tags?post=28863"}],"curies":[{"name":"wp","href":"https:\/\/api.w.org\/{rel}","templated":true}]}}