{"id":28898,"date":"2020-06-14T05:28:23","date_gmt":"2020-06-14T09:28:23","guid":{"rendered":"https:\/\/folhaderondonianews.com\/news\/?p=28898"},"modified":"2020-06-14T05:28:23","modified_gmt":"2020-06-14T09:28:23","slug":"edicao-88-boletim-diario-sobre-coronavirus-em-rondonia","status":"publish","type":"post","link":"https:\/\/folhaderondonianews.com\/news\/2020\/06\/14\/edicao-88-boletim-diario-sobre-coronavirus-em-rondonia\/","title":{"rendered":"Edi\u00e7\u00e3o 88 \u2013 Boletim di\u00e1rio sobre coronav\u00edrus em Rond\u00f4nia"},"content":{"rendered":"<div class=\"entry mt10\">\n<p>O Governo de Rond\u00f4nia, por meio da Ag\u00eancia Estadual de Vigil\u00e2ncia em Sa\u00fade (Agevisa) e a Secretaria de Estado da Sa\u00fade (Sesau), divulga os dados referentes ao coronav\u00edrus (Covid-19) no Estado.<\/p>\n<p>Na sexta-feira (12) foram consolidados os seguintes resultados para Covid-19 em Rond\u00f4nia:<\/p>\n<p><strong>Casos confirmados<\/strong>\u00a0\u2013 11.224<br \/>\n<strong>Pacientes recuperados<\/strong>\u00a0\u2013 3.700<br \/>\n<strong>\u00d3bitos<\/strong>\u00a0\u2013 296<br \/>\n<strong>Pacientes internados na Rede Estadual de Sa\u00fade\u00a0<\/strong>\u2013 251<br \/>\n<strong>Pacientes internados na Rede Privada\u00a0<\/strong>\u2013 110<br \/>\n<strong>Pacientes internados na Rede Municipal de Sa\u00fade\u00a0<\/strong>\u2013 12<br \/>\n<strong>Total de pacientes internados\u00a0<\/strong>\u2013 373<br \/>\n<strong>Testes Realizados<\/strong>\u00a0\u2013 38.996<br \/>\n<strong>Aguardando resultados do Lacen<\/strong>\u00a0\u2013 1.003<\/p>\n<p>Os 11.224 casos confirmados para Covid-19 s\u00e3o nas seguintes localidades:<\/p>\n<table class=\"table table-bordered table-condensed\" dir=\"ltr\" border=\"1\" width=\"590\" cellspacing=\"0\" cellpadding=\"0\">\n<colgroup>\n<col width=\"204\" \/>\n<col width=\"147\" \/>\n<col width=\"147\" \/>\n<col width=\"140\" \/><\/colgroup>\n<tbody>\n<tr>\n<td colspan=\"4\" rowspan=\"1\"><strong>CASOS CONFIRMADOS DE CORONAV\u00cdRUS EM RO<\/strong><\/td>\n<\/tr>\n<tr>\n<td colspan=\"1\" rowspan=\"2\">\n<div><strong>MUNIC\u00cdPIO<\/strong><\/div>\n<\/td>\n<td colspan=\"1\" rowspan=\"2\">\n<div><strong>RECUPERADOS<\/strong><\/div>\n<\/td>\n<td colspan=\"1\" rowspan=\"2\">\n<div><strong>NOVOS CASOS<\/strong><\/div>\n<\/td>\n<td><strong>TOTAL DE CASOS<\/strong><\/td>\n<\/tr>\n<tr>\n<td><strong>12\/06\/2020<\/strong><\/td>\n<\/tr>\n<tr>\n<td>Porto Velho<\/td>\n<td>2.088<\/td>\n<td>528<\/td>\n<td>7.094<\/td>\n<\/tr>\n<tr>\n<td>Ariquemes<\/td>\n<td>440<\/td>\n<td>5<\/td>\n<td>674<\/td>\n<\/tr>\n<tr>\n<td>S\u00e3o Miguel do Guapor\u00e9<\/td>\n<td>315<\/td>\n<td>6<\/td>\n<td>551<\/td>\n<\/tr>\n<tr>\n<td>Guajar\u00e1-Mirim<\/td>\n<td>117<\/td>\n<td>33<\/td>\n<td>589<\/td>\n<\/tr>\n<tr>\n<td>Candeias do Jamari<\/td>\n<td>128<\/td>\n<td>2<\/td>\n<td>316<\/td>\n<\/tr>\n<tr>\n<td>Ji-Paran\u00e1<\/td>\n<td>71<\/td>\n<td>4<\/td>\n<td>274<\/td>\n<\/tr>\n<tr>\n<td>Jaru<\/td>\n<td>64<\/td>\n<td>35<\/td>\n<td>205<\/td>\n<\/tr>\n<tr>\n<td>Vilhena<\/td>\n<td>51<\/td>\n<td>18<\/td>\n<td>219<\/td>\n<\/tr>\n<tr>\n<td>Rolim de Moura<\/td>\n<td>26<\/td>\n<td>0<\/td>\n<td>150<\/td>\n<\/tr>\n<tr>\n<td>Ouro Preto do Oeste<\/td>\n<td>23<\/td>\n<td>0<\/td>\n<td>118<\/td>\n<\/tr>\n<tr>\n<td>Cacoal<\/td>\n<td>83<\/td>\n<td>3<\/td>\n<td>128<\/td>\n<\/tr>\n<tr>\n<td>Nova Mamor\u00e9<\/td>\n<td>33<\/td>\n<td>27<\/td>\n<td>112<\/td>\n<\/tr>\n<tr>\n<td>Pimenta Bueno<\/td>\n<td>29<\/td>\n<td>5<\/td>\n<td>82<\/td>\n<\/tr>\n<tr>\n<td>Itapu\u00e3 do Oeste<\/td>\n<td>25<\/td>\n<td>0<\/td>\n<td>53<\/td>\n<\/tr>\n<tr>\n<td>Buritis<\/td>\n<td>12<\/td>\n<td>1<\/td>\n<td>68<\/td>\n<\/tr>\n<tr>\n<td>Cujubim<\/td>\n<td>21<\/td>\n<td>0<\/td>\n<td>40<\/td>\n<\/tr>\n<tr>\n<td>Espig\u00e3o D\u2019Oeste<\/td>\n<td>31<\/td>\n<td>-1<\/td>\n<td>36<\/td>\n<\/tr>\n<tr>\n<td>Alto Alegre dos Parecis<\/td>\n<td>4<\/td>\n<td>0<\/td>\n<td>31<\/td>\n<\/tr>\n<tr>\n<td>Monte Negro<\/td>\n<td>5<\/td>\n<td>-1<\/td>\n<td>38<\/td>\n<\/tr>\n<tr>\n<td>Mirante da Serra<\/td>\n<td>13<\/td>\n<td>0<\/td>\n<td>31<\/td>\n<\/tr>\n<tr>\n<td>Alto Para\u00edso<\/td>\n<td>6<\/td>\n<td>0<\/td>\n<td>27<\/td>\n<\/tr>\n<tr>\n<td>S\u00e3o Francisco do Guapor\u00e9<\/td>\n<td>11<\/td>\n<td>-1<\/td>\n<td>30<\/td>\n<\/tr>\n<tr>\n<td>Alta Floresta D\u2019Oeste<\/td>\n<td>4<\/td>\n<td>7<\/td>\n<td>49<\/td>\n<\/tr>\n<tr>\n<td>Urup\u00e1<\/td>\n<td>22<\/td>\n<td>0<\/td>\n<td>22<\/td>\n<\/tr>\n<tr>\n<td>Campo Novo de Rond\u00f4nia<\/td>\n<td>4<\/td>\n<td>-1<\/td>\n<td>21<\/td>\n<\/tr>\n<tr>\n<td>Machadinho D\u2019Oeste<\/td>\n<td>4<\/td>\n<td>2<\/td>\n<td>29<\/td>\n<\/tr>\n<tr>\n<td>Vale do Anari<\/td>\n<td>3<\/td>\n<td>0<\/td>\n<td>26<\/td>\n<\/tr>\n<tr>\n<td>Cerejeiras<\/td>\n<td>2<\/td>\n<td>0<\/td>\n<td>15<\/td>\n<\/tr>\n<tr>\n<td>Governador Jorge Teixeira<\/td>\n<td>0<\/td>\n<td>0<\/td>\n<td>19<\/td>\n<\/tr>\n<tr>\n<td>Nova Uni\u00e3o<\/td>\n<td>0<\/td>\n<td>0<\/td>\n<td>14<\/td>\n<\/tr>\n<tr>\n<td>Novo Horizonte do Oeste<\/td>\n<td>12<\/td>\n<td>0<\/td>\n<td>16<\/td>\n<\/tr>\n<tr>\n<td>Colorado do Oeste<\/td>\n<td>0<\/td>\n<td>0<\/td>\n<td>16<\/td>\n<\/tr>\n<tr>\n<td>Vale do Para\u00edso<\/td>\n<td>5<\/td>\n<td>0<\/td>\n<td>12<\/td>\n<\/tr>\n<tr>\n<td>Santa Luzia D\u2019Oeste<\/td>\n<td>2<\/td>\n<td>0<\/td>\n<td>9<\/td>\n<\/tr>\n<tr>\n<td>Theobroma<\/td>\n<td>4<\/td>\n<td>-1<\/td>\n<td>10<\/td>\n<\/tr>\n<tr>\n<td>Chupinguaia<\/td>\n<td>0<\/td>\n<td>0<\/td>\n<td>10<\/td>\n<\/tr>\n<tr>\n<td>Costa Marques<\/td>\n<td>6<\/td>\n<td>0<\/td>\n<td>9<\/td>\n<\/tr>\n<tr>\n<td>Nova Brasil\u00e2ndia D\u2019Oeste<\/td>\n<td>7<\/td>\n<td>0<\/td>\n<td>8<\/td>\n<\/tr>\n<tr>\n<td>Pimenteiras do Oeste<\/td>\n<td>5<\/td>\n<td>0<\/td>\n<td>13<\/td>\n<\/tr>\n<tr>\n<td>Rio Crespo<\/td>\n<td>5<\/td>\n<td>0<\/td>\n<td>7<\/td>\n<\/tr>\n<tr>\n<td>Alvorada D\u2019Oeste<\/td>\n<td>2<\/td>\n<td>0<\/td>\n<td>7<\/td>\n<\/tr>\n<tr>\n<td>Cacaul\u00e2ndia<\/td>\n<td>2<\/td>\n<td>1<\/td>\n<td>10<\/td>\n<\/tr>\n<tr>\n<td>Presidente M\u00e9dici<\/td>\n<td>5<\/td>\n<td>0<\/td>\n<td>9<\/td>\n<\/tr>\n<tr>\n<td>Primavera de Rond\u00f4nia<\/td>\n<td>5<\/td>\n<td>0<\/td>\n<td>5<\/td>\n<\/tr>\n<tr>\n<td>Cabixi<\/td>\n<td>0<\/td>\n<td>0<\/td>\n<td>3<\/td>\n<\/tr>\n<tr>\n<td>Corumbiara<\/td>\n<td>2<\/td>\n<td>0<\/td>\n<td>3<\/td>\n<\/tr>\n<tr>\n<td>Castanheiras<\/td>\n<td>0<\/td>\n<td>4<\/td>\n<td>7<\/td>\n<\/tr>\n<tr>\n<td>Ministro Andreazza<\/td>\n<td>1<\/td>\n<td>0<\/td>\n<td>2<\/td>\n<\/tr>\n<tr>\n<td>S\u00e3o Felipe D\u2019Oeste<\/td>\n<td>1<\/td>\n<td>0<\/td>\n<td>1<\/td>\n<\/tr>\n<tr>\n<td>Seringueiras<\/td>\n<td>1<\/td>\n<td>1<\/td>\n<td>4<\/td>\n<\/tr>\n<tr>\n<td>Teixeir\u00f3polis<\/td>\n<td>0<\/td>\n<td>0<\/td>\n<td>2<\/td>\n<\/tr>\n<tr>\n<td>\u00a0<strong>Rond\u00f4nia<\/strong><\/td>\n<td><strong>3.700<\/strong><\/td>\n<td><strong>677<\/strong><\/td>\n<td><strong>11.224<\/strong><\/td>\n<\/tr>\n<\/tbody>\n<\/table>\n<p>Ap\u00f3s investiga\u00e7\u00e3o epidemiol\u00f3gica foi constatado um registro a mais para o munic\u00edpio de Espig\u00e3o do Oeste, da mesma forma para os munic\u00edpios: Monte Negro, S\u00e3o Francisco do Guapor\u00e9, Campo Novo de Rond\u00f4nia e Theobroma. Estatisticamente, deve-se considerar que h\u00e1 cinco casos a mais na edi\u00e7\u00e3o anterior.<\/p>\n<p><strong>\u00d3BITOS POR MUNIC\u00cdPIOS<\/strong><\/p>\n<table class=\"table table-bordered table-condensed\" dir=\"ltr\" border=\"1\" width=\"590\" cellspacing=\"0\" cellpadding=\"0\">\n<colgroup>\n<col width=\"159\" \/>\n<col width=\"127\" \/>\n<col width=\"145\" \/><\/colgroup>\n<tbody>\n<tr>\n<td colspan=\"1\" rowspan=\"2\">\n<div><strong>MUNIC\u00cdPIO<\/strong><\/div>\n<\/td>\n<td colspan=\"1\" rowspan=\"2\">\n<div><strong>\u00daLTIMAS 24 HORAS<\/strong><\/div>\n<\/td>\n<td><strong>TOTAL DE \u00d3BITOS<\/strong><\/td>\n<\/tr>\n<tr>\n<td><strong>12 de Junho<\/strong><\/td>\n<\/tr>\n<tr>\n<td>Porto Velho<\/td>\n<td>4<\/td>\n<td>215<\/td>\n<\/tr>\n<tr>\n<td>Ariquemes<\/td>\n<td><\/td>\n<td>8<\/td>\n<\/tr>\n<tr>\n<td>Guajar\u00e1-Mirim<\/td>\n<td>1<\/td>\n<td>30<\/td>\n<\/tr>\n<tr>\n<td>S\u00e3o Miguel do Guapor\u00e9<\/td>\n<td><\/td>\n<td>4<\/td>\n<\/tr>\n<tr>\n<td>Candeias do Jamari<\/td>\n<td>1<\/td>\n<td>6<\/td>\n<\/tr>\n<tr>\n<td>Ji-Paran\u00e1<\/td>\n<td><\/td>\n<td>7<\/td>\n<\/tr>\n<tr>\n<td>Vilhena<\/td>\n<td><\/td>\n<td>2<\/td>\n<\/tr>\n<tr>\n<td>Jaru<\/td>\n<td><\/td>\n<td>0<\/td>\n<\/tr>\n<tr>\n<td>Rolim de Moura<\/td>\n<td><\/td>\n<td>2<\/td>\n<\/tr>\n<tr>\n<td>Cacoal<\/td>\n<td><\/td>\n<td>2<\/td>\n<\/tr>\n<tr>\n<td>Ouro Preto do Oeste<\/td>\n<td><\/td>\n<td>1<\/td>\n<\/tr>\n<tr>\n<td>Nova Mamor\u00e9<\/td>\n<td><\/td>\n<td>3<\/td>\n<\/tr>\n<tr>\n<td>Pimenta Bueno<\/td>\n<td><\/td>\n<td>1<\/td>\n<\/tr>\n<tr>\n<td>Buritis<\/td>\n<td><\/td>\n<td>2<\/td>\n<\/tr>\n<tr>\n<td>Itapu\u00e3 do Oeste<\/td>\n<td><\/td>\n<td>0<\/td>\n<\/tr>\n<tr>\n<td>Alta Floresta D\u2019Oeste<\/td>\n<td><\/td>\n<td>0<\/td>\n<\/tr>\n<tr>\n<td>Cujubim<\/td>\n<td><\/td>\n<td>1<\/td>\n<\/tr>\n<tr>\n<td>Monte Negro<\/td>\n<td><\/td>\n<td>0<\/td>\n<\/tr>\n<tr>\n<td>Espig\u00e3o D\u2019Oeste<\/td>\n<td><\/td>\n<td>2<\/td>\n<\/tr>\n<tr>\n<td>Alto Alegre dos Parecis<\/td>\n<td><\/td>\n<td>1<\/td>\n<\/tr>\n<tr>\n<td>Mirante da Serra<\/td>\n<td><\/td>\n<td>1<\/td>\n<\/tr>\n<tr>\n<td>S\u00e3o Francisco do Guapor\u00e9<\/td>\n<td><\/td>\n<td>1<\/td>\n<\/tr>\n<tr>\n<td>Machadinho D\u2019Oeste<\/td>\n<td><\/td>\n<td>1<\/td>\n<\/tr>\n<tr>\n<td>Alto Para\u00edso<\/td>\n<td><\/td>\n<td>2<\/td>\n<\/tr>\n<tr>\n<td>Vale do Anari<\/td>\n<td><\/td>\n<td>0<\/td>\n<\/tr>\n<tr>\n<td>Urup\u00e1<\/td>\n<td><\/td>\n<td>0<\/td>\n<\/tr>\n<tr>\n<td>Campo Novo de Rond\u00f4nia<\/td>\n<td><\/td>\n<td>1<\/td>\n<\/tr>\n<tr>\n<td>Governador Jorge Teixeira<\/td>\n<td><\/td>\n<td>0<\/td>\n<\/tr>\n<tr>\n<td>Colorado do Oeste<\/td>\n<td><\/td>\n<td>0<\/td>\n<\/tr>\n<tr>\n<td>Novo Horizonte do Oeste<\/td>\n<td><\/td>\n<td>0<\/td>\n<\/tr>\n<tr>\n<td>Cerejeiras<\/td>\n<td><\/td>\n<td>2<\/td>\n<\/tr>\n<tr>\n<td>Nova Uni\u00e3o<\/td>\n<td><\/td>\n<td>0<\/td>\n<\/tr>\n<tr>\n<td>Pimenteiras do Oeste<\/td>\n<td><\/td>\n<td>0<\/td>\n<\/tr>\n<tr>\n<td>Vale do Para\u00edso<\/td>\n<td><\/td>\n<td>0<\/td>\n<\/tr>\n<tr>\n<td>Cacaul\u00e2ndia<\/td>\n<td><\/td>\n<td>0<\/td>\n<\/tr>\n<tr>\n<td>Chupinguaia<\/td>\n<td><\/td>\n<td>0<\/td>\n<\/tr>\n<tr>\n<td>Theobroma<\/td>\n<td><\/td>\n<td>0<\/td>\n<\/tr>\n<tr>\n<td>Costa Marques<\/td>\n<td><\/td>\n<td>0<\/td>\n<\/tr>\n<tr>\n<td>Presidente M\u00e9dici<\/td>\n<td><\/td>\n<td>0<\/td>\n<\/tr>\n<tr>\n<td>Santa Luzia D\u2019Oeste<\/td>\n<td><\/td>\n<td>0<\/td>\n<\/tr>\n<tr>\n<td>Nova Brasil\u00e2ndia D\u2019Oeste<\/td>\n<td><\/td>\n<td>0<\/td>\n<\/tr>\n<tr>\n<td>Alvorada D\u2019Oeste<\/td>\n<td><\/td>\n<td>1<\/td>\n<\/tr>\n<tr>\n<td>Castanheiras<\/td>\n<td><\/td>\n<td>0<\/td>\n<\/tr>\n<tr>\n<td>Rio Crespo<\/td>\n<td><\/td>\n<td>0<\/td>\n<\/tr>\n<tr>\n<td>Primavera de Rond\u00f4nia<\/td>\n<td><\/td>\n<td>0<\/td>\n<\/tr>\n<tr>\n<td>Seringueiras<\/td>\n<td><\/td>\n<td>0<\/td>\n<\/tr>\n<tr>\n<td>Cabixi<\/td>\n<td><\/td>\n<td>0<\/td>\n<\/tr>\n<tr>\n<td>Corumbiara<\/td>\n<td><\/td>\n<td>0<\/td>\n<\/tr>\n<tr>\n<td>Ministro Andreazza<\/td>\n<td><\/td>\n<td>0<\/td>\n<\/tr>\n<tr>\n<td>Teixeir\u00f3polis<\/td>\n<td><\/td>\n<td>0<\/td>\n<\/tr>\n<tr>\n<td>S\u00e3o Felipe D\u2019Oeste<\/td>\n<td><\/td>\n<td>0<\/td>\n<\/tr>\n<tr>\n<td>Parecis<\/td>\n<td><\/td>\n<td>0<\/td>\n<\/tr>\n<tr>\n<td><strong>Rond\u00f4nia<\/strong><\/td>\n<td><strong>6<\/strong><\/td>\n<td><strong>296<\/strong><\/td>\n<\/tr>\n<\/tbody>\n<\/table>\n<p>Hoje (12) foram confirmados seis \u00f3bitos por Covid-19 em Rond\u00f4nia, sendo quatro homens em Porto (63, 72, 77 e 89 anos); um homem de 58 anos de Guajar\u00e1-Mirim e uma mulher de 34 anos de Candeias do Jamari.<\/p>\n<p>Foram retiradas inconsist\u00eancias relacionadas ao registro de \u00f3bitos, portanto foram exclu\u00eddos tr\u00eas registros informados na edi\u00e7\u00e3o anterior. Tais registros foram repassados de maneira err\u00f4nea para o sistema de notifica\u00e7\u00e3o dos casos de Covid-19 E-SUS.<\/p>\n<p><strong>OBSERVA\u00c7\u00d5ES<\/strong><\/p>\n<ol>\n<li class=\"gmail_default\">Os dados di\u00e1rios podem sofrer altera\u00e7\u00f5es;<\/li>\n<li class=\"gmail_default\">Os casos e \u00f3bitos notificados\/ocorridos ap\u00f3s meio dia ser\u00e3o divulgados no boletim do dia seguinte.<\/li>\n<\/ol>\n<p>A Agevisa ressalta que os dados n\u00e3o s\u00e3o lidos e atualizados imediatamente pelo Centro de Informa\u00e7\u00f5es Estrat\u00e9gicas em Vigil\u00e2ncia em Sa\u00fade (Cievs), por isso h\u00e1 atraso (delay) no registro de casos que est\u00e3o sendo acompanhados diariamente por equipes de sa\u00fade nos munic\u00edpios.<\/p>\n<p>Para informa\u00e7\u00f5es sobre internados por unidades de sa\u00fade e munic\u00edpios, assim como os demais detalhes, acesse o Painel Interativo da Covid-19 em Rond\u00f4nia, atrav\u00e9s do endere\u00e7o:\u00a0<a href=\"http:\/\/covid19.sesau.ro.gov.br\/\">covid19.sesau.ro.gov.br<\/a>.<\/p>\n<p><strong>Leia mais:<\/strong><\/p>\n<h6 class=\"m0\"><a class=\"bolder\" href=\"http:\/\/www.rondonia.ro.gov.br\/edicao-87-boletim-diario-sobre-coronavirus-em-rondonia\/\">Edi\u00e7\u00e3o 87 \u2013 Boletim di\u00e1rio sobre coronav\u00edrus em Rond\u00f4nia<\/a><\/h6>\n<h6 class=\"m0\"><a class=\"bolder\" href=\"http:\/\/www.rondonia.ro.gov.br\/edicao-86-boletim-diario-sobre-coronavirus-em-rondonia\/\">Edi\u00e7\u00e3o 86 \u2013 Boletim di\u00e1rio sobre coronav\u00edrus em Rond\u00f4nia<\/a><\/h6>\n<div class=\"span8\">\n<h6 class=\"m0\"><a class=\"bolder\" href=\"http:\/\/www.rondonia.ro.gov.br\/edicao-85-boletim-diario-sobre-coronavirus-em-rondonia\/\">Edi\u00e7\u00e3o 85 \u2013 Boletim di\u00e1rio sobre coronav\u00edrus em Rond\u00f4nia<\/a><\/h6>\n<\/div>\n<\/div>\n<div class=\"clearfix\"><\/div>\n<hr \/>\n<blockquote class=\"verde\"><p><b>Fonte<\/b><br \/>\nTexto: Mineia Capistrano<br \/>\nFotos: Daiane Mendon\u00e7a<br \/>\nSecom &#8211; Governo de Rond\u00f4nia<\/p><\/blockquote>\n","protected":false},"excerpt":{"rendered":"<div class=\"mh-excerpt\"><p>O Governo de Rond\u00f4nia, por meio da Ag\u00eancia Estadual de Vigil\u00e2ncia em Sa\u00fade (Agevisa) e a Secretaria de Estado da Sa\u00fade (Sesau), divulga os dados <a class=\"mh-excerpt-more\" href=\"https:\/\/folhaderondonianews.com\/news\/2020\/06\/14\/edicao-88-boletim-diario-sobre-coronavirus-em-rondonia\/\" title=\"Edi\u00e7\u00e3o 88 \u2013 Boletim di\u00e1rio sobre coronav\u00edrus em Rond\u00f4nia\">[&#8230;]<\/a><\/p>\n<\/div>","protected":false},"author":1,"featured_media":28899,"comment_status":"open","ping_status":"closed","sticky":false,"template":"","format":"standard","meta":{"footnotes":""},"categories":[5],"tags":[6478,6177,42],"class_list":["post-28898","post","type-post","status-publish","format-standard","has-post-thumbnail","hentry","category-brasil","tag-boletim-diario","tag-coronavirus","tag-rondonia"],"_links":{"self":[{"href":"https:\/\/folhaderondonianews.com\/news\/wp-json\/wp\/v2\/posts\/28898","targetHints":{"allow":["GET"]}}],"collection":[{"href":"https:\/\/folhaderondonianews.com\/news\/wp-json\/wp\/v2\/posts"}],"about":[{"href":"https:\/\/folhaderondonianews.com\/news\/wp-json\/wp\/v2\/types\/post"}],"author":[{"embeddable":true,"href":"https:\/\/folhaderondonianews.com\/news\/wp-json\/wp\/v2\/users\/1"}],"replies":[{"embeddable":true,"href":"https:\/\/folhaderondonianews.com\/news\/wp-json\/wp\/v2\/comments?post=28898"}],"version-history":[{"count":0,"href":"https:\/\/folhaderondonianews.com\/news\/wp-json\/wp\/v2\/posts\/28898\/revisions"}],"wp:featuredmedia":[{"embeddable":true,"href":"https:\/\/folhaderondonianews.com\/news\/wp-json\/wp\/v2\/media\/28899"}],"wp:attachment":[{"href":"https:\/\/folhaderondonianews.com\/news\/wp-json\/wp\/v2\/media?parent=28898"}],"wp:term":[{"taxonomy":"category","embeddable":true,"href":"https:\/\/folhaderondonianews.com\/news\/wp-json\/wp\/v2\/categories?post=28898"},{"taxonomy":"post_tag","embeddable":true,"href":"https:\/\/folhaderondonianews.com\/news\/wp-json\/wp\/v2\/tags?post=28898"}],"curies":[{"name":"wp","href":"https:\/\/api.w.org\/{rel}","templated":true}]}}