{"id":28905,"date":"2020-06-15T18:21:37","date_gmt":"2020-06-15T22:21:37","guid":{"rendered":"https:\/\/folhaderondonianews.com\/news\/?p=28905"},"modified":"2020-06-15T18:24:59","modified_gmt":"2020-06-15T22:24:59","slug":"mandetta-ajudou-a-potencializar-pavor-ataca-bolsonaro","status":"publish","type":"post","link":"https:\/\/folhaderondonianews.com\/news\/2020\/06\/15\/mandetta-ajudou-a-potencializar-pavor-ataca-bolsonaro\/","title":{"rendered":"&#8220;Mandetta ajudou a potencializar pavor&#8221;, ataca Bolsonaro"},"content":{"rendered":"<h4>Segundo o presidente, o general do Ex\u00e9rcito que substituiu o ex-ministro Nelson Teich, tem feito um &#8220;brilhante trabalho na Sa\u00fade&#8221;.<\/h4>\n<p class=\"text\"><a href=\"https:\/\/www.terra.com.br\/noticias\/brasil\/politica\/mandetta-ajudou-a-potencializar-pavor-ataca-bolsonaro,42372c2777c324e63c294c0989ced7bf7b1zjps1.html\"><img decoding=\"async\" class=\"wp-image-28907 alignleft lazyload\" data-src=\"https:\/\/folhaderondonianews.com\/news\/wp-content\/uploads\/2020\/06\/TERRA.jpg\" alt=\"\" width=\"67\" height=\"20\" src=\"data:image\/svg+xml;base64,PHN2ZyB3aWR0aD0iMSIgaGVpZ2h0PSIxIiB4bWxucz0iaHR0cDovL3d3dy53My5vcmcvMjAwMC9zdmciPjwvc3ZnPg==\" style=\"--smush-placeholder-width: 67px; --smush-placeholder-aspect-ratio: 67\/20;\" \/><\/a>\u00a0Em entrevista \u00e0 TV <i>BandNews<\/i>, o presidente Jair\u00a0<strong>Bolsonaro\u00a0<\/strong>criticou a maneira como ex-ministro da Sa\u00fade Luiz Henrique\u00a0<strong>Mandetta\u00a0<\/strong>conduzia a crise da <strong>covid-19<\/strong>. Para Bolsonaro, &#8220;Mandetta \u00e9 um bom comunicador e ajudou a potencializar o pavor da popula\u00e7\u00e3o&#8221; com a doen\u00e7a causada pelo novo coronav\u00edrus.<\/p>\n<div class=\"related-news-shell\">\n<div class=\"related-news anchor-right border-news \">Al\u00e9m dos desgastes que se acumulavam entre Mandetta e <strong>Bolsonaro<\/strong>, o presidente citou a entrevista concedida pelo ent\u00e3o ministro ao programa\u00a0<i>Fant\u00e1stico<\/i>, da\u00a0<i>TV Globo<\/i>, como estopim para sua demiss\u00e3o. Na ocasi\u00e3o, Mandetta disse que &#8220;o brasileiro n\u00e3o sabe se escuta o ministro ou o presidente&#8221;.<\/div>\n<div>Em compensa\u00e7\u00e3o, o atual ministro interino da Sa\u00fade, <strong>Eduardo Pazuello,<\/strong> foi elogiado por Bolsonaro. Segundo o presidente, o general do Ex\u00e9rcito que substituiu o ex-ministro Nelson Teich, tem feito um &#8220;brilhante trabalho na Sa\u00fade&#8221;. Bolsonaro defendeu a divulga\u00e7\u00e3o di\u00e1ria de mortes causadas pela covid-19 atreladas aos dias exatos em que os \u00f3bitos ocorreram, medida tamb\u00e9m endossada por Pazuello.<\/div>\n<div><\/div>\n<\/div>\n","protected":false},"excerpt":{"rendered":"<div class=\"mh-excerpt\"><p>Segundo o presidente, o general do Ex\u00e9rcito que substituiu o ex-ministro Nelson Teich, tem feito um &#8220;brilhante trabalho na Sa\u00fade&#8221;. \u00a0Em entrevista \u00e0 TV BandNews, <a class=\"mh-excerpt-more\" href=\"https:\/\/folhaderondonianews.com\/news\/2020\/06\/15\/mandetta-ajudou-a-potencializar-pavor-ataca-bolsonaro\/\" title=\"&#8220;Mandetta ajudou a potencializar pavor&#8221;, ataca Bolsonaro\">[&#8230;]<\/a><\/p>\n<\/div>","protected":false},"author":1,"featured_media":28906,"comment_status":"open","ping_status":"closed","sticky":false,"template":"","format":"standard","meta":{"footnotes":""},"categories":[9],"tags":[546,6480,6479,6269],"class_list":["post-28905","post","type-post","status-publish","format-standard","has-post-thumbnail","hentry","category-politica","tag-bolsonaro","tag-eduardo-pazuello","tag-mandettacovid-19","tag-nelson-teich"],"_links":{"self":[{"href":"https:\/\/folhaderondonianews.com\/news\/wp-json\/wp\/v2\/posts\/28905","targetHints":{"allow":["GET"]}}],"collection":[{"href":"https:\/\/folhaderondonianews.com\/news\/wp-json\/wp\/v2\/posts"}],"about":[{"href":"https:\/\/folhaderondonianews.com\/news\/wp-json\/wp\/v2\/types\/post"}],"author":[{"embeddable":true,"href":"https:\/\/folhaderondonianews.com\/news\/wp-json\/wp\/v2\/users\/1"}],"replies":[{"embeddable":true,"href":"https:\/\/folhaderondonianews.com\/news\/wp-json\/wp\/v2\/comments?post=28905"}],"version-history":[{"count":0,"href":"https:\/\/folhaderondonianews.com\/news\/wp-json\/wp\/v2\/posts\/28905\/revisions"}],"wp:featuredmedia":[{"embeddable":true,"href":"https:\/\/folhaderondonianews.com\/news\/wp-json\/wp\/v2\/media\/28906"}],"wp:attachment":[{"href":"https:\/\/folhaderondonianews.com\/news\/wp-json\/wp\/v2\/media?parent=28905"}],"wp:term":[{"taxonomy":"category","embeddable":true,"href":"https:\/\/folhaderondonianews.com\/news\/wp-json\/wp\/v2\/categories?post=28905"},{"taxonomy":"post_tag","embeddable":true,"href":"https:\/\/folhaderondonianews.com\/news\/wp-json\/wp\/v2\/tags?post=28905"}],"curies":[{"name":"wp","href":"https:\/\/api.w.org\/{rel}","templated":true}]}}