{"id":29150,"date":"2020-07-10T22:06:28","date_gmt":"2020-07-11T02:06:28","guid":{"rendered":"https:\/\/folhaderondonianews.com\/news\/?p=29150"},"modified":"2020-07-10T22:06:28","modified_gmt":"2020-07-11T02:06:28","slug":"confucio-diz-que-ministerio-educacao-precisa-apresentar-um-protocolo-de-retorno-as-aulas-com-seguranca","status":"publish","type":"post","link":"https:\/\/folhaderondonianews.com\/news\/2020\/07\/10\/confucio-diz-que-ministerio-educacao-precisa-apresentar-um-protocolo-de-retorno-as-aulas-com-seguranca\/","title":{"rendered":"Conf\u00facio diz que Minist\u00e9rio Educa\u00e7\u00e3o precisa apresentar um protocolo de retorno \u00e0s aulas com seguran\u00e7a"},"content":{"rendered":"<p class=\"x_MsoNormal\">O senador\u00a0Conf\u00facio Moura (MDB-RO), durante a audi\u00eancia p\u00fablica da comiss\u00e3o da Covid-19, desta quinta-feira (09) que\u00a0debateu a educa\u00e7\u00e3o diante na pandemia, disse que\u00a0o Minist\u00e9rio da Educa\u00e7\u00e3o se justifique como uma entidade pol\u00edtica de coordena\u00e7\u00e3o nacional, e que possa captar conselhos de representa\u00e7\u00f5es da sociedade civil e elaborar par\u00e2metros de retorno \u00e0s aulas com seguran\u00e7a sanit\u00e1ria.<\/p>\n<p class=\"x_MsoNormal\">Segundo o parlamentar, as escolas est\u00e3o fechadas, faltam recursos para meios tecnol\u00f3gicos, para que os alunos possam interagir, falta internet e computadores, principalmente para os alunos pobres. \u201cO assunto \u00e9 vasto, \u00e9 amplo, est\u00e1 atormentando os pais, prefeitos e governadores com a inseguran\u00e7a em saber qual \u00e9 a hora em que esses alunos retornar\u00e3o \u00e0 escola. Tudo isso nos tem deixado preocupados\u201d, disse.<\/p>\n<p class=\"x_MsoNormal\">\n<p class=\"x_MsoNormal\">Conf\u00facio questionou o retorno \u00e0s atividades escolares. \u201c\u00c9 muito f\u00e1cil falar &#8220;vamos voltar \u00e0s aulas&#8221;. Vamos voltar \u00e0s aulas quando h\u00e1 o pico da doen\u00e7a ainda em muitos estados, e muito alto? Vagas de UTI lotadas, a gente v\u00ea nos notici\u00e1rios todas as horas. Como \u00e9 que v\u00e3o retornar esses meninos? \u2013 que teoricamente v\u00e3o ser assintom\u00e1ticos da doen\u00e7a, mas v\u00e3o retornar para casa, e l\u00e1 est\u00e1 o pai, est\u00e1 a m\u00e3e, a av\u00f3, parentes. Como fica esse circuito da transmiss\u00e3o da enfermidade?\u201d, arguiu o parlamentar.<\/p>\n<p class=\"x_MsoNormal\">\n<p class=\"x_MsoNormal\">Para o senador, Uni\u00e3o Nacional dos Dirigentes Municipais de Educa\u00e7\u00e3o\u00a0 (Undime), o\u00a0Conselho Nacional de Secret\u00e1rios de Educa\u00e7\u00e3o (Consed), entre outras institui\u00e7\u00f5es est\u00e3o muito preocupadas, j\u00e1 se adiantaram a esse debate, mas est\u00e1 faltando esse \u00f3rg\u00e3o de representa\u00e7\u00e3o m\u00e1xima que \u00e9 o Minist\u00e9rio da Educa\u00e7\u00e3o entrar no circuito para que, atrav\u00e9s da sua lideran\u00e7a nacional, possa tamb\u00e9m apresentar um protocolo de retorno \u00e0s aulas com seguran\u00e7a.<\/p>\n<p class=\"x_MsoNormal\">\n<p class=\"x_MsoNormal\">A urgente vota\u00e7\u00e3o do\u00a0Fundo de Manuten\u00e7\u00e3o e Desenvolvimento da Educa\u00e7\u00e3o B\u00e1sica (Fundeb), que\u00a0ir\u00e1 expirar em dezembro deste ano,\u00a0e tamb\u00e9m a libera\u00e7\u00e3o de recursos dos fundos, o Fust, entre eles, importante para monitorar e levar internet a todos recantos distantes do pa\u00eds e a todas a escolas brasileiras, foram abordados pelos convidados e parlamentares na audi\u00eancia p\u00fablica.<\/p>\n<p class=\"x_MsoNormal\">O colegiado presidido por Conf\u00facio Moura, ouviu o presidente Undime, Luiz Miguel Martins; o Secret\u00e1rio de Educa\u00e7\u00e3o de Sergipe, representante do\u00a0Consed,\u00a0Josu\u00e9 Modesto; o presidente do\u00a0Conselho Nacional de Educa\u00e7\u00e3o, Luiz Roberto Liza Curi; e Cezar Miola, Conselheiro do Tribunal de Contas do Rio Grande do Sul (TCE-RS), especialista de controle de contas que tamb\u00e9m se especializou na \u00e1rea de educa\u00e7\u00e3o do Brasil.<\/p>\n","protected":false},"excerpt":{"rendered":"<div class=\"mh-excerpt\"><p>O senador\u00a0Conf\u00facio Moura (MDB-RO), durante a audi\u00eancia p\u00fablica da comiss\u00e3o da Covid-19, desta quinta-feira (09) que\u00a0debateu a educa\u00e7\u00e3o diante na pandemia, disse que\u00a0o Minist\u00e9rio da <a class=\"mh-excerpt-more\" href=\"https:\/\/folhaderondonianews.com\/news\/2020\/07\/10\/confucio-diz-que-ministerio-educacao-precisa-apresentar-um-protocolo-de-retorno-as-aulas-com-seguranca\/\" title=\"Conf\u00facio diz que Minist\u00e9rio Educa\u00e7\u00e3o precisa apresentar um protocolo de retorno \u00e0s aulas com seguran\u00e7a\">[&#8230;]<\/a><\/p>\n<\/div>","protected":false},"author":1,"featured_media":29151,"comment_status":"open","ping_status":"closed","sticky":false,"template":"","format":"standard","meta":{"footnotes":""},"categories":[9],"tags":[1041],"class_list":["post-29150","post","type-post","status-publish","format-standard","has-post-thumbnail","hentry","category-politica","tag-confucio-moura"],"_links":{"self":[{"href":"https:\/\/folhaderondonianews.com\/news\/wp-json\/wp\/v2\/posts\/29150","targetHints":{"allow":["GET"]}}],"collection":[{"href":"https:\/\/folhaderondonianews.com\/news\/wp-json\/wp\/v2\/posts"}],"about":[{"href":"https:\/\/folhaderondonianews.com\/news\/wp-json\/wp\/v2\/types\/post"}],"author":[{"embeddable":true,"href":"https:\/\/folhaderondonianews.com\/news\/wp-json\/wp\/v2\/users\/1"}],"replies":[{"embeddable":true,"href":"https:\/\/folhaderondonianews.com\/news\/wp-json\/wp\/v2\/comments?post=29150"}],"version-history":[{"count":0,"href":"https:\/\/folhaderondonianews.com\/news\/wp-json\/wp\/v2\/posts\/29150\/revisions"}],"wp:featuredmedia":[{"embeddable":true,"href":"https:\/\/folhaderondonianews.com\/news\/wp-json\/wp\/v2\/media\/29151"}],"wp:attachment":[{"href":"https:\/\/folhaderondonianews.com\/news\/wp-json\/wp\/v2\/media?parent=29150"}],"wp:term":[{"taxonomy":"category","embeddable":true,"href":"https:\/\/folhaderondonianews.com\/news\/wp-json\/wp\/v2\/categories?post=29150"},{"taxonomy":"post_tag","embeddable":true,"href":"https:\/\/folhaderondonianews.com\/news\/wp-json\/wp\/v2\/tags?post=29150"}],"curies":[{"name":"wp","href":"https:\/\/api.w.org\/{rel}","templated":true}]}}