{"id":29153,"date":"2020-07-10T22:56:10","date_gmt":"2020-07-11T02:56:10","guid":{"rendered":"https:\/\/folhaderondonianews.com\/news\/?p=29153"},"modified":"2020-07-10T22:56:10","modified_gmt":"2020-07-11T02:56:10","slug":"milton-ribeiro-e-escolhido-como-novo-ministro-da-educacao","status":"publish","type":"post","link":"https:\/\/folhaderondonianews.com\/news\/2020\/07\/10\/milton-ribeiro-e-escolhido-como-novo-ministro-da-educacao\/","title":{"rendered":"Milton Ribeiro \u00e9 escolhido como novo ministro da Educa\u00e7\u00e3o"},"content":{"rendered":"<h4>Pastor da igreja Presbiteriana em Santos e ligado \u00e0 Universidade Mackenzie, Ribeiro era o nome do &#8220;paulista&#8221; citado por Bolsonaro ao se referir aos candidatos ao cargo no MEC, vago desde a sa\u00edda de Abraham Weintraub.<\/h4>\n<p>&nbsp;<\/p>\n<p class=\"text\">BRAS\u00cdLIA &#8211; O presidente Jair Bolsonaro escolheu\u00a0<strong>Milton Ribeiro para ser o novo ministro da Educa\u00e7\u00e3o<\/strong>. O an\u00fancio deve ocorrer ainda nesta sexta-feira, 10.<\/p>\n<div class=\"related-news-shell\">\n<div class=\"related-news anchor-right border-news \">Pastor da igreja Presbiteriana em Santos e vice-reitor da\u00a0Universidade Mackenzie, Ribeiro era o nome do &#8220;paulista&#8221; citado por Bolsonaro ao se referir aos candidatos ao cargo no MEC, vago desde a sa\u00edda de Abraham Weintraub, no dia 18 de junho. Como mostrou o\u00a0<em>Estad\u00e3o<\/em>, apesar de evang\u00e9lico, ele n\u00e3o era um nome apoiado pela bancada do segmento na C\u00e2mara.<\/div>\n<div>\n<p class=\"text\">O grupo tinha como candidato preferido o reitor do Instituto Tecnol\u00f3gico de Aeron\u00e1utica (ITA),<strong>\u00a0Anderson Correia<\/strong>. Ex presidente da Capes (Coordena\u00e7\u00e3o de Aperfei\u00e7oamento de Pessoal de N\u00edvel Superior), ele \u00e9 membro da Igreja Batista.<\/p>\n<p class=\"text\">Bolsonaro chegou a nomear o professor Carlos Alberto Decotelli, ex-presidente do Fundo Nacional do Desenvolvimento da Educa\u00e7\u00e3o (FNDE), para suceder Weintraub. Cinco dia depois, no entanto, ele pediu demiss\u00e3o ap\u00f3s informa\u00e7\u00f5es falsas serem apontadas em seu curr\u00edculo.<\/p>\n<p class=\"text\">Na \u00faltima quinta-feira, 3, Bolsonaro convidou para o MEC o secret\u00e1rio estadual de Educa\u00e7\u00e3o do Paran\u00e1, Renato Feder, que havia aceitado. Entretanto, com a divulga\u00e7\u00e3o o convite, Feder passou a ser alvo de fritura de grupos ideol\u00f3gicos, evang\u00e9licos e at\u00e9 militar. No domingo, 5, o secret\u00e1rio usou as redes sociais para rebater as cr\u00edticas e disse que declinou a proposta do presidente.<\/p>\n<h2>Comiss\u00e3o de \u00c9tica<\/h2>\n<p class=\"text\">No ano passado, Bolsonaro havia nomeado Ribeiro para integrar a Comiss\u00e3o de \u00c9tica P\u00fablica da Presid\u00eancia, grupo respons\u00e1vel por apurar a conduta de integrantes da administra\u00e7\u00e3o p\u00fablica federal e de analisar poss\u00edveis conflitos de interesse no servi\u00e7o p\u00fablico. O grupo n\u00e3o tem poder para punir servidores e ministros. No m\u00e1ximo, o colegiado pode recomendar exonera\u00e7\u00f5es ou aplicar san\u00e7\u00f5es administrativas, entre as quais a censura \u00e9tica, esp\u00e9cie de &#8220;mancha&#8221; no curr\u00edculo do servidor.<\/p>\n<\/div>\n<\/div>\n","protected":false},"excerpt":{"rendered":"<div class=\"mh-excerpt\"><p>Pastor da igreja Presbiteriana em Santos e ligado \u00e0 Universidade Mackenzie, Ribeiro era o nome do &#8220;paulista&#8221; citado por Bolsonaro ao se referir aos candidatos <a class=\"mh-excerpt-more\" href=\"https:\/\/folhaderondonianews.com\/news\/2020\/07\/10\/milton-ribeiro-e-escolhido-como-novo-ministro-da-educacao\/\" title=\"Milton Ribeiro \u00e9 escolhido como novo ministro da Educa\u00e7\u00e3o\">[&#8230;]<\/a><\/p>\n<\/div>","protected":false},"author":1,"featured_media":29154,"comment_status":"open","ping_status":"closed","sticky":false,"template":"","format":"standard","meta":{"footnotes":""},"categories":[9],"tags":[6525,6524,6485],"class_list":["post-29153","post","type-post","status-publish","format-standard","has-post-thumbnail","hentry","category-politica","tag-anderson-correia","tag-milton-ribeiro","tag-ministro-da-educacao"],"_links":{"self":[{"href":"https:\/\/folhaderondonianews.com\/news\/wp-json\/wp\/v2\/posts\/29153","targetHints":{"allow":["GET"]}}],"collection":[{"href":"https:\/\/folhaderondonianews.com\/news\/wp-json\/wp\/v2\/posts"}],"about":[{"href":"https:\/\/folhaderondonianews.com\/news\/wp-json\/wp\/v2\/types\/post"}],"author":[{"embeddable":true,"href":"https:\/\/folhaderondonianews.com\/news\/wp-json\/wp\/v2\/users\/1"}],"replies":[{"embeddable":true,"href":"https:\/\/folhaderondonianews.com\/news\/wp-json\/wp\/v2\/comments?post=29153"}],"version-history":[{"count":0,"href":"https:\/\/folhaderondonianews.com\/news\/wp-json\/wp\/v2\/posts\/29153\/revisions"}],"wp:featuredmedia":[{"embeddable":true,"href":"https:\/\/folhaderondonianews.com\/news\/wp-json\/wp\/v2\/media\/29154"}],"wp:attachment":[{"href":"https:\/\/folhaderondonianews.com\/news\/wp-json\/wp\/v2\/media?parent=29153"}],"wp:term":[{"taxonomy":"category","embeddable":true,"href":"https:\/\/folhaderondonianews.com\/news\/wp-json\/wp\/v2\/categories?post=29153"},{"taxonomy":"post_tag","embeddable":true,"href":"https:\/\/folhaderondonianews.com\/news\/wp-json\/wp\/v2\/tags?post=29153"}],"curies":[{"name":"wp","href":"https:\/\/api.w.org\/{rel}","templated":true}]}}