{"id":29308,"date":"2020-07-27T18:03:14","date_gmt":"2020-07-27T22:03:14","guid":{"rendered":"https:\/\/folhaderondonianews.com\/news\/?p=29308"},"modified":"2020-07-27T18:03:14","modified_gmt":"2020-07-27T22:03:14","slug":"vacina-contra-covid-19-pode-estar-disponivel-em-janeiro-diz-doria","status":"publish","type":"post","link":"https:\/\/folhaderondonianews.com\/news\/2020\/07\/27\/vacina-contra-covid-19-pode-estar-disponivel-em-janeiro-diz-doria\/","title":{"rendered":"Vacina contra covid-19 pode estar dispon\u00edvel em janeiro, diz Doria"},"content":{"rendered":"<h4>CoronaVac, como foi batizada essa vacina, est\u00e1 na fase 3 de testes em humanos, que est\u00e1 sendo realizada tamb\u00e9m no Brasil.<\/h4>\n<p>O governador de S\u00e3o Paulo, Jo\u00e3o Doria, disse hoje (27) que a vacina contra o novo coronav\u00edrus produzida por um laborat\u00f3rio chin\u00eas, em parceria com o Instituto Butantan, poder\u00e1 estar dispon\u00edvel para a popula\u00e7\u00e3o brasileira a partir de janeiro de 2021. Isso, segundo o governador, vai depender se os testes da vacina forem bem sucedidos.<img decoding=\"async\" data-src=\"https:\/\/agenciabrasil.ebc.com.br\/ebc.png?id=1312362&amp;o=rss\" src=\"data:image\/svg+xml;base64,PHN2ZyB3aWR0aD0iMSIgaGVpZ2h0PSIxIiB4bWxucz0iaHR0cDovL3d3dy53My5vcmcvMjAwMC9zdmciPjwvc3ZnPg==\" class=\"lazyload\" \/><img decoding=\"async\" data-src=\"https:\/\/agenciabrasil.ebc.com.br\/ebc.gif?id=1312362&amp;o=rss\" src=\"data:image\/svg+xml;base64,PHN2ZyB3aWR0aD0iMSIgaGVpZ2h0PSIxIiB4bWxucz0iaHR0cDovL3d3dy53My5vcmcvMjAwMC9zdmciPjwvc3ZnPg==\" class=\"lazyload\" \/><\/p>\n<p>\u201cJ\u00e1 no final do ano, n\u00e3o havendo intercorr\u00eancias na terceira fase de testes, poderemos iniciar a produ\u00e7\u00e3o da vacina em dezembro e imediatamente iniciar a vacina\u00e7\u00e3o de milh\u00f5es de brasileiros\u201d, disse Doria. No entanto, nem toda a popula\u00e7\u00e3o brasileira poderia ser vacinada em janeiro j\u00e1 que a produ\u00e7\u00e3o ainda seria insuficiente para vacinar todo mundo. A expectativa \u00e9 que inicialmente sejam vacinadas 60 milh\u00f5es de pessoas no pa\u00eds.<\/p>\n<p>Segundo o secret\u00e1rio estadual da Sa\u00fade, <strong>Jean Gorinchteyn,<\/strong> a fase 3 vai demonstrar se a vacina produz anticorpos contra a covid-19 e se essa produ\u00e7\u00e3o de anticorpos \u00e9 sustentada, ou seja, se isso \u00e9 mantido por um tempo prolongado.<\/p>\n<p>\u201cComo estamos no meio de uma pandemia, nada mais justo que as autoridades sanit\u00e1rias promovessem emergencialmente a libera\u00e7\u00e3o. Se tenho seguran\u00e7a e estou produzindo anticorpos nesses tr\u00eas meses, vamos utilizar [a vacina para a popula\u00e7\u00e3o]. Claro que todo o estudo deve continuar at\u00e9 para saber se vai precisar dar doses de refor\u00e7o com o decorrer dos anos\u201d, justificou Gorinchteyn.<\/p>\n<p>A CoronaVac, como foi batizada essa vacina,\u00a0<a href=\"https:\/\/agenciabrasil.ebc.com.br\/saude\/noticia\/2020-07\/vacina-chinesa-contra-covid-19-comecara-ser-testada-amanha-em-sp\" target=\"_blank\" rel=\"noopener noreferrer\">est\u00e1 na fase 3 de testes em humanos<\/a>, que est\u00e1 sendo realizada tamb\u00e9m no Brasil. Ao todo, os testes com a CoronaVac ser\u00e3o realizados em nove mil volunt\u00e1rios em centros de pesquisas de seis estados brasileiros: S\u00e3o Paulo, Bras\u00edlia, Rio de Janeiro, Minas Gerais, Rio Grande do Sul e Paran\u00e1. A pesquisa cl\u00ednica ser\u00e1 coordenada pelo Instituto Butantan e o custo da testagem \u00e9 de R$ 85 milh\u00f5es, custeados pelo governo.<\/p>\n<p>&nbsp;<\/p>\n","protected":false},"excerpt":{"rendered":"<div class=\"mh-excerpt\"><p>A CoronaVac, como foi batizada essa vacina,\u00a0est\u00e1 na fase 3 de testes em humanos, que est\u00e1 sendo realizada tamb\u00e9m no Brasil.<\/p>\n<\/div>","protected":false},"author":1,"featured_media":29309,"comment_status":"open","ping_status":"closed","sticky":false,"template":"","format":"standard","meta":{"footnotes":""},"categories":[5],"tags":[6545,6546],"class_list":["post-29308","post","type-post","status-publish","format-standard","has-post-thumbnail","hentry","category-brasil","tag-coronavac","tag-jean-gorinchteyn"],"_links":{"self":[{"href":"https:\/\/folhaderondonianews.com\/news\/wp-json\/wp\/v2\/posts\/29308","targetHints":{"allow":["GET"]}}],"collection":[{"href":"https:\/\/folhaderondonianews.com\/news\/wp-json\/wp\/v2\/posts"}],"about":[{"href":"https:\/\/folhaderondonianews.com\/news\/wp-json\/wp\/v2\/types\/post"}],"author":[{"embeddable":true,"href":"https:\/\/folhaderondonianews.com\/news\/wp-json\/wp\/v2\/users\/1"}],"replies":[{"embeddable":true,"href":"https:\/\/folhaderondonianews.com\/news\/wp-json\/wp\/v2\/comments?post=29308"}],"version-history":[{"count":0,"href":"https:\/\/folhaderondonianews.com\/news\/wp-json\/wp\/v2\/posts\/29308\/revisions"}],"wp:featuredmedia":[{"embeddable":true,"href":"https:\/\/folhaderondonianews.com\/news\/wp-json\/wp\/v2\/media\/29309"}],"wp:attachment":[{"href":"https:\/\/folhaderondonianews.com\/news\/wp-json\/wp\/v2\/media?parent=29308"}],"wp:term":[{"taxonomy":"category","embeddable":true,"href":"https:\/\/folhaderondonianews.com\/news\/wp-json\/wp\/v2\/categories?post=29308"},{"taxonomy":"post_tag","embeddable":true,"href":"https:\/\/folhaderondonianews.com\/news\/wp-json\/wp\/v2\/tags?post=29308"}],"curies":[{"name":"wp","href":"https:\/\/api.w.org\/{rel}","templated":true}]}}