{"id":29477,"date":"2020-08-15T16:01:19","date_gmt":"2020-08-15T20:01:19","guid":{"rendered":"https:\/\/folhaderondonianews.com\/news\/?p=29477"},"modified":"2020-08-15T16:01:19","modified_gmt":"2020-08-15T20:01:19","slug":"ji-parana-servidores-da-saude-terao-direito-a-r-600-extras","status":"publish","type":"post","link":"https:\/\/folhaderondonianews.com\/news\/2020\/08\/15\/ji-parana-servidores-da-saude-terao-direito-a-r-600-extras\/","title":{"rendered":"Ji-Paran\u00e1: Servidores da Sa\u00fade ter\u00e3o direito a R$ 600 extras"},"content":{"rendered":"<h4>O dinheiro vai ajudar na comprar de produtos de assepsia para serem usados em casa; profissionais da sa\u00fade vivem em contantes ambiente de risco quanto \u00e0 Covid-19.<\/h4>\n<p class=\"x_MsoNormal\">Foi aprovado na manh\u00e3 de hoje (14), em Sess\u00e3o Extraordin\u00e1ria, o Projeto de Lei n\u00ba 2936\/2020, Autoria do Poder Executivo, que disp\u00f5em sobre o pagamento de mais R$ 600,00 aos\u00a0 profissionais da Secretaria Municipal de Sa\u00fade que estejam atuando nas atividades ligadas ao enfrentamento e combate ao Covid-19 pelo per\u00edodo de 90 dias.<\/p>\n<p class=\"x_MsoNormal\">Os recursos destinados a esses profissionais seguem os crit\u00e9rios estabelecidos pela Portaria Federal N\u00ba166\/2020, em car\u00e1ter indenizat\u00f3rio e, por tanto, n\u00e3o poder\u00e1 ser incorporada \u00e0 remunera\u00e7\u00e3o mensal que o servidor j\u00e1 faz jus, bem como as regras da Lei Complementar 173\/2020.<\/p>\n<p class=\"x_MsoNormal\">O valor de R$ 600,00 foi estabelecido como forma de contribuir com os servidores na compra de materiais e insumos para serem utilizados na assepsia das resid\u00eancias e os cuidados com seus familiares dentro dos lares desses profissionais, j\u00e1 que devido ao risco ao qual est\u00e3o exposto,\u00a0 tiveram que aumentar suas despesas dom\u00e9sticas para a higieniza\u00e7\u00e3o de suas casas.<\/p>\n<p class=\"x_MsoNormal\">O Secret\u00e1rio Municipal de Sa\u00fade, Rafael Papa, explicou que tamb\u00e9m est\u00e3o inseridos e aptos a receber o valor, os profissionais que est\u00e3o afastados de suas atividades por motivo de contamina\u00e7\u00e3o por Covid-19.<\/p>\n<p class=\"x_MsoNormal\">Para o prefeito municipal Marcito Pinto (PDT) ressaltou que o valor \u00e9 uma contribui\u00e7\u00e3o importante e que tomou como decis\u00e3o fazer uma distribui\u00e7\u00e3o ison\u00f4mica, sem distin\u00e7\u00e3o por cargos ocupados. \u201cTodos os profissionais da sa\u00fade que est\u00e3o atuando na linha de frente receber\u00e3o o mesmo valor\u201d, destacou o Prefeito, lembrando que a verba que ir\u00e1 cobrir as despesas \u00e9 oriunda de repasse federal em car\u00e1ter emergencial e, portanto, n\u00e3o interfere nos \u00edndices de folha de pagamento no munic\u00edpio.<\/p>\n","protected":false},"excerpt":{"rendered":"<div class=\"mh-excerpt\"><p>O dinheiro vai ajudar na comprar de produtos de assepsia para serem usados em casa; profissionais da sa\u00fade vivem em contantes ambiente de risco quanto \u00e0 Covid-19.<\/p>\n<\/div>","protected":false},"author":1,"featured_media":0,"comment_status":"open","ping_status":"closed","sticky":false,"template":"","format":"standard","meta":{"footnotes":""},"categories":[9],"tags":[],"class_list":["post-29477","post","type-post","status-publish","format-standard","hentry","category-politica"],"_links":{"self":[{"href":"https:\/\/folhaderondonianews.com\/news\/wp-json\/wp\/v2\/posts\/29477","targetHints":{"allow":["GET"]}}],"collection":[{"href":"https:\/\/folhaderondonianews.com\/news\/wp-json\/wp\/v2\/posts"}],"about":[{"href":"https:\/\/folhaderondonianews.com\/news\/wp-json\/wp\/v2\/types\/post"}],"author":[{"embeddable":true,"href":"https:\/\/folhaderondonianews.com\/news\/wp-json\/wp\/v2\/users\/1"}],"replies":[{"embeddable":true,"href":"https:\/\/folhaderondonianews.com\/news\/wp-json\/wp\/v2\/comments?post=29477"}],"version-history":[{"count":0,"href":"https:\/\/folhaderondonianews.com\/news\/wp-json\/wp\/v2\/posts\/29477\/revisions"}],"wp:attachment":[{"href":"https:\/\/folhaderondonianews.com\/news\/wp-json\/wp\/v2\/media?parent=29477"}],"wp:term":[{"taxonomy":"category","embeddable":true,"href":"https:\/\/folhaderondonianews.com\/news\/wp-json\/wp\/v2\/categories?post=29477"},{"taxonomy":"post_tag","embeddable":true,"href":"https:\/\/folhaderondonianews.com\/news\/wp-json\/wp\/v2\/tags?post=29477"}],"curies":[{"name":"wp","href":"https:\/\/api.w.org\/{rel}","templated":true}]}}