{"id":29479,"date":"2020-08-16T23:20:47","date_gmt":"2020-08-17T03:20:47","guid":{"rendered":"https:\/\/folhaderondonianews.com\/news\/?p=29479"},"modified":"2020-08-16T23:20:47","modified_gmt":"2020-08-17T03:20:47","slug":"justica-do-es-autoriza-interrupcao-da-gravidez-de-crianca","status":"publish","type":"post","link":"https:\/\/folhaderondonianews.com\/news\/2020\/08\/16\/justica-do-es-autoriza-interrupcao-da-gravidez-de-crianca\/","title":{"rendered":"Justi\u00e7a do ES autoriza interrup\u00e7\u00e3o da gravidez de crian\u00e7a"},"content":{"rendered":"<h4>A militante bolsonarista,Sara Giromini, l\u00edder do movimento conhecido como \u2018300 do Brasil\u2019, divulgou o nome da crian\u00e7a, o hospital onde ela estava e disse que \u201co aborteiro est\u00e1 a caminho\u201d.<\/h4>\n<p><strong>Estad\u00e3o<\/strong> &#8211; A Justi\u00e7a do Esp\u00edrito Santo autorizou a interrup\u00e7\u00e3o da gesta\u00e7\u00e3o da <a href=\"https:\/\/istoe.com.br\/menina-de-10-anos-engravida-apos-estupro-suspeito-e-o-tio-e-esta-foragido\/\"><strong>menina de 10 anos que engravidou ap\u00f3s ser estuprada pelo tio<\/strong><\/a>, segundo informa\u00e7\u00e3o divulgada pela TV Gazeta, afiliada da Rede Globo\/SP.<\/p>\n<p>O juiz Antonio Moreira Fernandes, da Vara da Inf\u00e2ncia e da Juventude de S\u00e3o Mateus, munic\u00edpio no norte do ES onde a menina mora, deu aval \u00e0 interrup\u00e7\u00e3o da gravidez para preservar a vida da v\u00edtima, que foi levada para Recife, j\u00e1 que no Esp\u00edrito Santo o atendimento do hospital autorizado a fazer o aborto teria se recusado. A legisla\u00e7\u00e3o autoriza a interrup\u00e7\u00e3o da gravidez em caso de estupro.<\/p>\n<p><a href=\"https:\/\/istoe.com.br\/justica-do-es-autoriza-interrupcao-da-gravidez-de-crianca\/\"><img decoding=\"async\" class=\"wp-image-28974 aligncenter lazyload\" data-src=\"https:\/\/folhaderondonianews.com\/news\/wp-content\/uploads\/2020\/06\/LEIA-COMPLETA.jpg\" alt=\"\" width=\"203\" height=\"35\" src=\"data:image\/svg+xml;base64,PHN2ZyB3aWR0aD0iMSIgaGVpZ2h0PSIxIiB4bWxucz0iaHR0cDovL3d3dy53My5vcmcvMjAwMC9zdmciPjwvc3ZnPg==\" style=\"--smush-placeholder-width: 203px; --smush-placeholder-aspect-ratio: 203\/35;\" \/><\/a><\/p>\n<p>Pessoas contr\u00e1rias e a favor do aborto estiveram na porta do hospital onde a menina est\u00e1 internada para realizar o procedimento. Houve bate-boca entre os dois grupos. O m\u00e9dico Ol\u00edmpio Barbosa de Moraes Filho, gestor-executivo da institui\u00e7\u00e3o, foi hostilizado.<\/p>\n<p>A Secretaria de Sa\u00fade de Pernambuco (SES-PE) informou que segue a legisla\u00e7\u00e3o vigente em rela\u00e7\u00e3o \u00e0 interrup\u00e7\u00e3o da gravidez (quando n\u00e3o h\u00e1 outro meio de salvar a vida da mulher, quando \u00e9 resultado de estupro e nos diagn\u00f3sticos de anencefalia), al\u00e9m dos protocolos do Minist\u00e9rio da Sa\u00fade (MS) para a realiza\u00e7\u00e3o do procedimento, oferecendo \u00e0 v\u00edtima assist\u00eancia emergencial, integral e multidisciplinar.<\/p>\n<p>A militante bolsonarista Sara Giromini, l\u00edder do movimento conhecido como \u2018300 do Brasil\u2019, disse em seu twitter que Ol\u00edmpio \u00e9 um \u201caborteiro\u201d. Ela tamb\u00e9m fez uma postagem divulgando o nome da crian\u00e7a, o hospital onde ela estava e disse que \u201co aborteiro est\u00e1 a caminho\u201d. O texto foi apagado.<\/p>\n<p>O caso se tornou p\u00fablico depois que a menina deu entrada no Hospital Roberto Silvares, em S\u00e3o Mateus, se sentindo mal. Enfermeiros perceberam que a garota estava com a barriga estufada, pediram exames e detectaram que ela est\u00e1 gr\u00e1vida de cerca de 3 meses.<\/p>\n<p>Em conversa com m\u00e9dicos e com a tia que a acompanhava, a crian\u00e7a relatou que o tio a estuprava desde os 6 anos. Ela disse que n\u00e3o havia contado aos familiares porque tinha medo, pois ele a amea\u00e7ava.<\/p>\n<p>&nbsp;<\/p>\n<p>&nbsp;<\/p>\n","protected":false},"excerpt":{"rendered":"<div class=\"mh-excerpt\"><p>A militante bolsonarista,Sara Giromini, l\u00edder do movimento conhecido como \u2018300 do Brasil\u2019, divulgou o nome da crian\u00e7a, o hospital onde ela estava e disse que \u201co aborteiro est\u00e1 a caminho\u201d.<\/p>\n<\/div>","protected":false},"author":1,"featured_media":29480,"comment_status":"open","ping_status":"closed","sticky":false,"template":"","format":"standard","meta":{"footnotes":""},"categories":[5],"tags":[6576,4977],"class_list":["post-29479","post","type-post","status-publish","format-standard","has-post-thumbnail","hentry","category-brasil","tag-crianca-10-anos","tag-gravidez"],"_links":{"self":[{"href":"https:\/\/folhaderondonianews.com\/news\/wp-json\/wp\/v2\/posts\/29479","targetHints":{"allow":["GET"]}}],"collection":[{"href":"https:\/\/folhaderondonianews.com\/news\/wp-json\/wp\/v2\/posts"}],"about":[{"href":"https:\/\/folhaderondonianews.com\/news\/wp-json\/wp\/v2\/types\/post"}],"author":[{"embeddable":true,"href":"https:\/\/folhaderondonianews.com\/news\/wp-json\/wp\/v2\/users\/1"}],"replies":[{"embeddable":true,"href":"https:\/\/folhaderondonianews.com\/news\/wp-json\/wp\/v2\/comments?post=29479"}],"version-history":[{"count":0,"href":"https:\/\/folhaderondonianews.com\/news\/wp-json\/wp\/v2\/posts\/29479\/revisions"}],"wp:featuredmedia":[{"embeddable":true,"href":"https:\/\/folhaderondonianews.com\/news\/wp-json\/wp\/v2\/media\/29480"}],"wp:attachment":[{"href":"https:\/\/folhaderondonianews.com\/news\/wp-json\/wp\/v2\/media?parent=29479"}],"wp:term":[{"taxonomy":"category","embeddable":true,"href":"https:\/\/folhaderondonianews.com\/news\/wp-json\/wp\/v2\/categories?post=29479"},{"taxonomy":"post_tag","embeddable":true,"href":"https:\/\/folhaderondonianews.com\/news\/wp-json\/wp\/v2\/tags?post=29479"}],"curies":[{"name":"wp","href":"https:\/\/api.w.org\/{rel}","templated":true}]}}