{"id":29482,"date":"2020-08-16T23:30:54","date_gmt":"2020-08-17T03:30:54","guid":{"rendered":"https:\/\/folhaderondonianews.com\/news\/?p=29482"},"modified":"2020-08-16T23:30:54","modified_gmt":"2020-08-17T03:30:54","slug":"homem-e-morto-a-tiros-apos-invadir-unidade-da-pm-com-arma-falsa","status":"publish","type":"post","link":"https:\/\/folhaderondonianews.com\/news\/2020\/08\/16\/homem-e-morto-a-tiros-apos-invadir-unidade-da-pm-com-arma-falsa\/","title":{"rendered":"Homem \u00e9 morto a tiros ap\u00f3s invadir unidade da PM com arma falsa"},"content":{"rendered":"<p><strong>C\u00e2meras de seguran\u00e7a registraram o momento em que o rapaz chegou ao pr\u00e9dio da Pol\u00edcia Militar em uma moto. Ele entra no edif\u00edcio com capacete e arma em punho<\/strong>.<\/p>\n<p>Bol &#8211; Um homem de 27 anos foi morto a tiros depois de invadir armado o CPA\/M-4 (Comando de Policiamento de \u00c1rea Metropolitano-4), na Vila Esperan\u00e7a, zona leste da capital, na tarde de hoje.<\/p>\n<p>O cabo Jo\u00e3o Paulo Neves, do servi\u00e7o reservado do 2\u00ba Batalh\u00e3o da Pol\u00edcia Militar, situado no mesmo pr\u00e9dio do CPA\/M-4, atirou duas vezes contra o homem.<\/p>\n<p>A Unidade de Resgate do Corpo de Bombeiros foi acionada, mas quando a equipe m\u00e9dica chegou ao local, o invasor j\u00e1 estava morto.<\/p>\n<p style=\"text-align: center;\"><a href=\"https:\/\/www.bol.uol.com.br\/noticias\/2020\/08\/16\/homem-e-morto-a-tiros-apos-invadir-delegacia-da-pm-com-arma-falsa-em-sp.htm\"><img decoding=\"async\" class=\"alignnone  wp-image-28974 lazyload\" data-src=\"https:\/\/folhaderondonianews.com\/news\/wp-content\/uploads\/2020\/06\/LEIA-COMPLETA.jpg\" alt=\"\" width=\"174\" height=\"30\" src=\"data:image\/svg+xml;base64,PHN2ZyB3aWR0aD0iMSIgaGVpZ2h0PSIxIiB4bWxucz0iaHR0cDovL3d3dy53My5vcmcvMjAwMC9zdmciPjwvc3ZnPg==\" style=\"--smush-placeholder-width: 174px; --smush-placeholder-aspect-ratio: 174\/30;\" \/><\/a><\/p>\n<p>C\u00e2meras de seguran\u00e7a do CPA\/M-4 registraram o momento em que o rapaz chegou ao pr\u00e9dio da Pol\u00edcia Militar ocupando uma moto. Ele entra no edif\u00edcio e, com capacete e arma em punho, passa pelo lado direito da escada que d\u00e1 acesso ao piso superior.<\/p>\n<p>Segundo informa\u00e7\u00f5es da Pol\u00edcia Militar, ele levava consigo uma carta de despedida, na qual legitimava a a\u00e7\u00e3o do policial que o alvejasse. Nenhum policial militar ficou ferido.<\/p>\n<p>A Pol\u00edcia Militar afirma em nota que ap\u00f3s o homem ser baleado, foi constatado que ele portava um simulacro de arma de fogo. O caso est\u00e1 foi registrado junto \u00e0 Pol\u00edcia Judici\u00e1ria Militar, onde ser\u00e1 instaurado inqu\u00e9rito, e no DHPP (Departamento de Homic\u00eddio e Prote\u00e7\u00e3o \u00e0 Pessoa) da Pol\u00edcia Civil.<\/p>\n","protected":false},"excerpt":{"rendered":"<div class=\"mh-excerpt\"><p>C\u00e2meras de seguran\u00e7a registraram o momento em que o rapaz chegou ao pr\u00e9dio da Pol\u00edcia Militar em uma moto. Ele entra no edif\u00edcio com capacete e arma em punho.<\/p>\n<\/div>","protected":false},"author":1,"featured_media":29483,"comment_status":"open","ping_status":"closed","sticky":false,"template":"","format":"standard","meta":{"footnotes":""},"categories":[11],"tags":[],"class_list":["post-29482","post","type-post","status-publish","format-standard","has-post-thumbnail","hentry","category-policia"],"_links":{"self":[{"href":"https:\/\/folhaderondonianews.com\/news\/wp-json\/wp\/v2\/posts\/29482","targetHints":{"allow":["GET"]}}],"collection":[{"href":"https:\/\/folhaderondonianews.com\/news\/wp-json\/wp\/v2\/posts"}],"about":[{"href":"https:\/\/folhaderondonianews.com\/news\/wp-json\/wp\/v2\/types\/post"}],"author":[{"embeddable":true,"href":"https:\/\/folhaderondonianews.com\/news\/wp-json\/wp\/v2\/users\/1"}],"replies":[{"embeddable":true,"href":"https:\/\/folhaderondonianews.com\/news\/wp-json\/wp\/v2\/comments?post=29482"}],"version-history":[{"count":0,"href":"https:\/\/folhaderondonianews.com\/news\/wp-json\/wp\/v2\/posts\/29482\/revisions"}],"wp:featuredmedia":[{"embeddable":true,"href":"https:\/\/folhaderondonianews.com\/news\/wp-json\/wp\/v2\/media\/29483"}],"wp:attachment":[{"href":"https:\/\/folhaderondonianews.com\/news\/wp-json\/wp\/v2\/media?parent=29482"}],"wp:term":[{"taxonomy":"category","embeddable":true,"href":"https:\/\/folhaderondonianews.com\/news\/wp-json\/wp\/v2\/categories?post=29482"},{"taxonomy":"post_tag","embeddable":true,"href":"https:\/\/folhaderondonianews.com\/news\/wp-json\/wp\/v2\/tags?post=29482"}],"curies":[{"name":"wp","href":"https:\/\/api.w.org\/{rel}","templated":true}]}}