{"id":29700,"date":"2020-09-04T10:02:12","date_gmt":"2020-09-04T14:02:12","guid":{"rendered":"https:\/\/folhaderondonianews.com\/news\/?p=29700"},"modified":"2020-09-04T10:02:12","modified_gmt":"2020-09-04T14:02:12","slug":"prefeitura-realiza-revitalizacao-do-beira-rio-no-1o-distrito","status":"publish","type":"post","link":"https:\/\/folhaderondonianews.com\/news\/2020\/09\/04\/prefeitura-realiza-revitalizacao-do-beira-rio-no-1o-distrito\/","title":{"rendered":"Prefeitura realiza revitaliza\u00e7\u00e3o do Beira-Rio no 1\u00ba Distrito"},"content":{"rendered":"<h4 class=\"x_MsoNormal\">Ji-Paran\u00e1 &#8211; Todo o trabalho est\u00e1 sendo executado com m\u00e3o de obra, equipamentos e materiais da Secretaria de Obras e Servi\u00e7os P\u00fablicos.<\/h4>\n<p class=\"x_MsoNormal\">A Prefeitura Municipal de Ji-Paran\u00e1, por meio das equipes da Secretaria Municipal de Obras e Servi\u00e7os (Semosp), est\u00e1 revitalizando o espa\u00e7o \u00e0s margens do Rio Machado, no primeiro distrito de Ji-Paran\u00e1.<\/p>\n<p class=\"x_MsoNormal\">O local j\u00e1 recebeu paisagismo, bancos, gramado e cal\u00e7adas. Ainda est\u00e3o previstos para serem instalados os postes de ilumina\u00e7\u00e3o, pintura, organiza\u00e7\u00e3o das vias de acesso com espa\u00e7o para estacionamento, e instala\u00e7\u00e3o das lixeiras.<\/p>\n<p class=\"x_MsoNormal\">Todo o trabalho est\u00e1 sendo executado com m\u00e3o de obra, equipamentos e materiais da Secretaria de Obras e Servi\u00e7os P\u00fablicos. O objetivo \u00e9 criar mais um ambiente de lazer e conv\u00edvio familiar na cidade de Ji-Paran\u00e1 e valorizar as belezas naturais do Rio Machado, um dos principais cart\u00f5es postais da cidade.<\/p>\n<p class=\"x_MsoNormal\">Durante a manh\u00e3 de hoje (04), o Prefeito de Ji-Paran\u00e1 <strong>Marcito Pinto<\/strong> (PDT) e o Presidente da C\u00e2mara, Affonso C\u00e2ndido (DEM), estiveram no local vistoriando e acompanhando o andamento dos trabalhos.<\/p>\n<p class=\"x_MsoNormal\"><strong>Affonso C\u00e2ndido<\/strong> ressaltou que mesmo antes de ter sido conclu\u00eddo, o local j\u00e1 est\u00e1 sendo utilizado, com muitas pessoas frequentando o novo ambiente. \u201c\u00c9 um local agrad\u00e1vel e que ficar\u00e1 ainda mais bonito quando estiver finalizado\u201d, lembrou o Presidente.<\/p>\n<p class=\"x_MsoNormal\">O prefeito Marcito Pinto ressaltou ainda que al\u00e9m das margens do Rio Machado no Primeiro Distrito, a cidade est\u00e1 recebendo servi\u00e7os de urbaniza\u00e7\u00e3o, especialmente na recupera\u00e7\u00e3o de cal\u00e7adas e estacionamentos.<\/p>\n<p class=\"x_MsoNormal\">Conforme explicou Marcito, a secretaria de obras realizou a recupera\u00e7\u00e3o das cal\u00e7adas e estacionamento na Avenida Monte Castelo, Avenida Marechal Rondon, Avenida 2 de Abril, Rua dos Mineiros, ruas do centro da cidade,\u00a0 nas ruas da parte alta do bairro Nova Bras\u00edlia e nas proximidades do cemit\u00e9rio.<\/p>\n<p class=\"x_MsoNormal\">Al\u00e9m das cal\u00e7adas e estacionamentos, a equipe tamb\u00e9m est\u00e1 realizando a constru\u00e7\u00e3o e substitui\u00e7\u00e3o de tampas de bueiro, e reparos nos meio-fio e sarjetas. O servi\u00e7o est\u00e1 sendo realizado em v\u00e1rios pontos da cidade.<\/p>\n","protected":false},"excerpt":{"rendered":"<div class=\"mh-excerpt\"><p>Ji-Paran\u00e1 &#8211; Todo o trabalho est\u00e1 sendo executado com m\u00e3o de obra, equipamentos e materiais da Secretaria de Obras e Servi\u00e7os P\u00fablicos.<\/p>\n<\/div>","protected":false},"author":1,"featured_media":29701,"comment_status":"open","ping_status":"closed","sticky":false,"template":"","format":"standard","meta":{"footnotes":""},"categories":[3],"tags":[1636,825],"class_list":["post-29700","post","type-post","status-publish","format-standard","has-post-thumbnail","hentry","category-cotidiano","tag-affonso-candido","tag-marcito-pinto"],"_links":{"self":[{"href":"https:\/\/folhaderondonianews.com\/news\/wp-json\/wp\/v2\/posts\/29700","targetHints":{"allow":["GET"]}}],"collection":[{"href":"https:\/\/folhaderondonianews.com\/news\/wp-json\/wp\/v2\/posts"}],"about":[{"href":"https:\/\/folhaderondonianews.com\/news\/wp-json\/wp\/v2\/types\/post"}],"author":[{"embeddable":true,"href":"https:\/\/folhaderondonianews.com\/news\/wp-json\/wp\/v2\/users\/1"}],"replies":[{"embeddable":true,"href":"https:\/\/folhaderondonianews.com\/news\/wp-json\/wp\/v2\/comments?post=29700"}],"version-history":[{"count":0,"href":"https:\/\/folhaderondonianews.com\/news\/wp-json\/wp\/v2\/posts\/29700\/revisions"}],"wp:featuredmedia":[{"embeddable":true,"href":"https:\/\/folhaderondonianews.com\/news\/wp-json\/wp\/v2\/media\/29701"}],"wp:attachment":[{"href":"https:\/\/folhaderondonianews.com\/news\/wp-json\/wp\/v2\/media?parent=29700"}],"wp:term":[{"taxonomy":"category","embeddable":true,"href":"https:\/\/folhaderondonianews.com\/news\/wp-json\/wp\/v2\/categories?post=29700"},{"taxonomy":"post_tag","embeddable":true,"href":"https:\/\/folhaderondonianews.com\/news\/wp-json\/wp\/v2\/tags?post=29700"}],"curies":[{"name":"wp","href":"https:\/\/api.w.org\/{rel}","templated":true}]}}