{"id":29850,"date":"2020-09-14T23:25:43","date_gmt":"2020-09-15T03:25:43","guid":{"rendered":"https:\/\/folhaderondonianews.com\/news\/?p=29850"},"modified":"2020-09-14T23:28:24","modified_gmt":"2020-09-15T03:28:24","slug":"cidao-zezao-indicados-pelo-pros-para-prefeito-e-vice-em-machadinho","status":"publish","type":"post","link":"https:\/\/folhaderondonianews.com\/news\/2020\/09\/14\/cidao-zezao-indicados-pelo-pros-para-prefeito-e-vice-em-machadinho\/","title":{"rendered":"Cid\u00e3o &#038; Zez\u00e3o indicados pelo Pros para prefeito e vice em Machadinho"},"content":{"rendered":"<h4>Um comunicador que j\u00e1 foi vereador e chefe de gabinete, e um agricultor respeitado nos movimentos sociais.<\/h4>\n<p>Um radialista e um agricultor s\u00e3o as armar do Partido Republicano da Ordem Social (Pros) para disputar a prefeitura de Machadinho do Oeste, cidade do Vale do Jamari, em Rond\u00f4nia. A conven\u00e7\u00e3o aconteceu nesta segunda-feria (14\/09) e indicou\u00a0 o ex-vereador Aparecido Felis, o Cid\u00e3o do PT, tamb\u00e9m conhecido como Cid\u00e3o do Incra, para disputar como prefeito, e\u00a0 o agricultor Zez\u00e3o Maldonado, para ser o vice.<\/p>\n<p>Segundo o presidente do Diret\u00f3rio Municipal de Pros, Solivam Oliveira, Machadinho n\u00e3o pode ficar colocando a prefeitura como laborat\u00f3rio de cobaias, ou seja, ficar formando prefeito que, sequer ouviu falar em gest\u00e3o p\u00fablica. &#8220;O Pros apresenta Cid\u00e3o, que al\u00e9m de um grande comunicador, trabalhou muitos anos do Incra, j\u00e1 foi vereador e chefe de gabinete na prefeitura de Machadinho na administra\u00e7\u00e3o do Marinho da Caerd&#8221;.<\/p>\n<p>Zez\u00e3o Maldonado, \u00e9 um agricultor atuante nos movimentos sociais com conhecimento nas cinco regi\u00f5es que compreendem quase 90 comunidades cat\u00f3licas.<\/p>\n<p>Conforme Edital publicado, seguindo o \u00a0Estatuto do Partido, o PROS de Machadinho D\u2019Oeste, realizou nesta segunda feira, 14 de setembro, a conven\u00e7\u00e3o municipal que definiu candidatura pr\u00f3pria ao cargo majorit\u00e1rio a prefeitura de Machadinho.<\/p>\n<p>No entendimento do partido, est\u00e1 sendo oferecido\u00a0 para a homologa\u00e7\u00e3o da Justi\u00e7a Eleitoral, dois cidad\u00e3os n\u00e3o apenas conhecedores do problemas vividos pelas popula\u00e7\u00e3o do campo e da cidade, com sabedores dos caminhos e solu\u00e7\u00f5es que podem ser tomadas para uma Machadinho do Oeste melhor.<\/p>\n<p>&nbsp;<\/p>\n<p>&nbsp;<\/p>\n","protected":false},"excerpt":{"rendered":"<div class=\"mh-excerpt\"><p>Um comunicador que j\u00e1 foi vereador e chefe de gabinete, e um agricultor respeitado nos movimentos sociais. Um radialista e um agricultor s\u00e3o as armar <a class=\"mh-excerpt-more\" href=\"https:\/\/folhaderondonianews.com\/news\/2020\/09\/14\/cidao-zezao-indicados-pelo-pros-para-prefeito-e-vice-em-machadinho\/\" title=\"Cid\u00e3o &#038; Zez\u00e3o indicados pelo Pros para prefeito e vice em Machadinho\">[&#8230;]<\/a><\/p>\n<\/div>","protected":false},"author":1,"featured_media":29851,"comment_status":"open","ping_status":"closed","sticky":false,"template":"","format":"standard","meta":{"footnotes":""},"categories":[1],"tags":[],"class_list":["post-29850","post","type-post","status-publish","format-standard","has-post-thumbnail","hentry","category-sem-categoria"],"_links":{"self":[{"href":"https:\/\/folhaderondonianews.com\/news\/wp-json\/wp\/v2\/posts\/29850","targetHints":{"allow":["GET"]}}],"collection":[{"href":"https:\/\/folhaderondonianews.com\/news\/wp-json\/wp\/v2\/posts"}],"about":[{"href":"https:\/\/folhaderondonianews.com\/news\/wp-json\/wp\/v2\/types\/post"}],"author":[{"embeddable":true,"href":"https:\/\/folhaderondonianews.com\/news\/wp-json\/wp\/v2\/users\/1"}],"replies":[{"embeddable":true,"href":"https:\/\/folhaderondonianews.com\/news\/wp-json\/wp\/v2\/comments?post=29850"}],"version-history":[{"count":0,"href":"https:\/\/folhaderondonianews.com\/news\/wp-json\/wp\/v2\/posts\/29850\/revisions"}],"wp:featuredmedia":[{"embeddable":true,"href":"https:\/\/folhaderondonianews.com\/news\/wp-json\/wp\/v2\/media\/29851"}],"wp:attachment":[{"href":"https:\/\/folhaderondonianews.com\/news\/wp-json\/wp\/v2\/media?parent=29850"}],"wp:term":[{"taxonomy":"category","embeddable":true,"href":"https:\/\/folhaderondonianews.com\/news\/wp-json\/wp\/v2\/categories?post=29850"},{"taxonomy":"post_tag","embeddable":true,"href":"https:\/\/folhaderondonianews.com\/news\/wp-json\/wp\/v2\/tags?post=29850"}],"curies":[{"name":"wp","href":"https:\/\/api.w.org\/{rel}","templated":true}]}}