{"id":2987,"date":"2014-04-23T20:43:31","date_gmt":"2014-04-24T00:43:31","guid":{"rendered":"http:\/\/folhaderondonianews.com\/news\/?p=2987"},"modified":"2014-04-23T20:43:31","modified_gmt":"2014-04-24T00:43:31","slug":"deputados-irao-a-papuda-terca-feira-ver-condicoes-prisionais-de-jose-dirceu","status":"publish","type":"post","link":"https:\/\/folhaderondonianews.com\/news\/2014\/04\/23\/deputados-irao-a-papuda-terca-feira-ver-condicoes-prisionais-de-jose-dirceu\/","title":{"rendered":"Deputados ir\u00e3o \u00e0 Papuda ter\u00e7a-feira ver condi\u00e7\u00f5es prisionais de Jos\u00e9 Dirceu"},"content":{"rendered":"<p>Integrantes da Comiss\u00e3o de Direitos Humanos e Minorias da C\u00e2mara dos Deputados ir\u00e3o ter\u00e7a-feira (29) \u00e0 Penitenci\u00e1ria da Papuda, no Distrito Federal, para verificar as condi\u00e7\u00f5es prisionais do ex-ministro e ex-deputado Jos\u00e9 Dirceu.<\/p>\n<p>O ex-chefe da Casa Civil da Presid\u00eancia da Rep\u00fablica foi condenado \u00e0 pris\u00e3o, em regime semiaberto, na A\u00e7\u00e3o Penal 470, o processo do mensal\u00e3o. \u00danico dos condenados nessa a\u00e7\u00e3o ao regime semiaberto, Dirceu \u00e9 o \u00fanico que continua na Papuda em regime fechado por causa de den\u00fancias de regalias na pris\u00e3o.<\/p>\n","protected":false},"excerpt":{"rendered":"<div class=\"mh-excerpt\"><p>Integrantes da Comiss\u00e3o de Direitos Humanos e Minorias da C\u00e2mara dos Deputados ir\u00e3o ter\u00e7a-feira (29) \u00e0 Penitenci\u00e1ria da Papuda, no Distrito Federal, para verificar as <a class=\"mh-excerpt-more\" href=\"https:\/\/folhaderondonianews.com\/news\/2014\/04\/23\/deputados-irao-a-papuda-terca-feira-ver-condicoes-prisionais-de-jose-dirceu\/\" title=\"Deputados ir\u00e3o \u00e0 Papuda ter\u00e7a-feira ver condi\u00e7\u00f5es prisionais de Jos\u00e9 Dirceu\">[&#8230;]<\/a><\/p>\n<\/div>","protected":false},"author":1,"featured_media":0,"comment_status":"open","ping_status":"closed","sticky":false,"template":"","format":"standard","meta":{"footnotes":""},"categories":[8],"tags":[],"class_list":["post-2987","post","type-post","status-publish","format-standard","hentry","category-coluna-do-gutierrez"],"_links":{"self":[{"href":"https:\/\/folhaderondonianews.com\/news\/wp-json\/wp\/v2\/posts\/2987","targetHints":{"allow":["GET"]}}],"collection":[{"href":"https:\/\/folhaderondonianews.com\/news\/wp-json\/wp\/v2\/posts"}],"about":[{"href":"https:\/\/folhaderondonianews.com\/news\/wp-json\/wp\/v2\/types\/post"}],"author":[{"embeddable":true,"href":"https:\/\/folhaderondonianews.com\/news\/wp-json\/wp\/v2\/users\/1"}],"replies":[{"embeddable":true,"href":"https:\/\/folhaderondonianews.com\/news\/wp-json\/wp\/v2\/comments?post=2987"}],"version-history":[{"count":0,"href":"https:\/\/folhaderondonianews.com\/news\/wp-json\/wp\/v2\/posts\/2987\/revisions"}],"wp:attachment":[{"href":"https:\/\/folhaderondonianews.com\/news\/wp-json\/wp\/v2\/media?parent=2987"}],"wp:term":[{"taxonomy":"category","embeddable":true,"href":"https:\/\/folhaderondonianews.com\/news\/wp-json\/wp\/v2\/categories?post=2987"},{"taxonomy":"post_tag","embeddable":true,"href":"https:\/\/folhaderondonianews.com\/news\/wp-json\/wp\/v2\/tags?post=2987"}],"curies":[{"name":"wp","href":"https:\/\/api.w.org\/{rel}","templated":true}]}}