{"id":29870,"date":"2020-09-15T17:50:33","date_gmt":"2020-09-15T21:50:33","guid":{"rendered":"https:\/\/folhaderondonianews.com\/news\/?p=29870"},"modified":"2020-09-15T17:52:34","modified_gmt":"2020-09-15T21:52:34","slug":"ministro-da-educacao-sera-ouvido-na-comissao-da-covid-19-nesta-quinta-feira","status":"publish","type":"post","link":"https:\/\/folhaderondonianews.com\/news\/2020\/09\/15\/ministro-da-educacao-sera-ouvido-na-comissao-da-covid-19-nesta-quinta-feira\/","title":{"rendered":"Ministro da Educa\u00e7\u00e3o ser\u00e1 ouvido na comiss\u00e3o da Covid\u201319 nesta quinta-feira"},"content":{"rendered":"<div class=\"cmsmasters_post_content entry-content\">\n<blockquote>\n<h4 style=\"text-align: left;\">A retomada das aulas, assunto que interessa o pa\u00eds inteiro, tamb\u00e9m ser\u00e1 debatido na reuni\u00e3o, afirma Conf\u00facio Moura<\/h4>\n<\/blockquote>\n<p>A comiss\u00e3o mista do Congresso Nacional, que fiscaliza as a\u00e7\u00f5es do governo federal no combate \u00e0 pandemia da Covid-19, presidida pelo senador Conf\u00facio Moura (MDB-RO), receber\u00e1, nesta quinta-feira (17), o ministro da Educa\u00e7\u00e3o, Milton Ribeiro. A audi\u00eancia p\u00fablica prevista para iniciar \u00e0s 10h debater\u00e1 os investimentos e as estrat\u00e9gias do MEC para a retomada do ensino e a mitiga\u00e7\u00e3o dos impactos do coronav\u00edrus no Brasil.<\/p>\n<p>Milton Ribeiro, que tomou posse no cargo h\u00e1 exatamente dois meses, com o compromisso da abertura ao di\u00e1logo com o parlamento e a sociedade, responder\u00e1 questionamentos dos membros do colegiado, e tamb\u00e9m prestar\u00e1 esclarecimentos das a\u00e7\u00f5es do Minist\u00e9rio da Educa\u00e7\u00e3o, seus prop\u00f3sitos, e o compromisso com a educa\u00e7\u00e3o no Brasil, como fator essencial para o desenvolvimento.<\/p>\n<p>O senador Conf\u00facio Moura, que esteve no Minist\u00e9rio da Educa\u00e7\u00e3o no \u00faltimo dia 25 de agosto para fazer o convite pessoalmente ao ministro, disse que a comiss\u00e3o estuda a calamidade da Covid-19, e que \u00e9 esse, justamente, o assunto que interessa ao pa\u00eds inteiro e, consequentemente, ao mundo, que discute o mesmo tema, que s\u00e3o as escolas fechadas.<\/p>\n<p>\u201cEssa \u00e9 a grande expectativa \u2013 que o ministro traga informa\u00e7\u00f5es sobre esse tema, os protocolos recomendados, embora muita coisa seja de compet\u00eancia dos munic\u00edpios. Mas o ministro \u00e9 o grande l\u00edder nacional, e ele pode ter uma recomenda\u00e7\u00e3o importante para todos\u201d, explicou o senador.<\/p>\n<p>A ida do ministro \u00e0 comiss\u00e3o, por meio de videoconfer\u00eancia, atende ao requerimento do deputado Jo\u00e3o Campos (PSB-PE). Milton Ribeiro dever\u00e1 tamb\u00e9m se manifestar a respeito dos desafios para a retomada das atividades escolares, e ainda da implanta\u00e7\u00e3o do novo Fundo de Manuten\u00e7\u00e3o e Desenvolvimento da Educa\u00e7\u00e3o B\u00e1sica e de Valoriza\u00e7\u00e3o dos Profissionais da Educa\u00e7\u00e3o (Fundeb), aprovado recentemente pelo Congresso.<\/p>\n<div id=\"cmsmasters_row_7dc2d34b21\" class=\"cmsmasters_row cmsmasters_color_scheme_default cmsmasters_row_top_default cmsmasters_row_bot_default cmsmasters_row_boxed\">\n<div class=\"cmsmasters_row_outer_parent\">\n<div class=\"cmsmasters_row_outer\">\n<div class=\"cmsmasters_row_inner cmsmasters_row_no_margin\">\n<div class=\"cmsmasters_row_margin cmsmasters_row_columns_behavior cmsmasters_3414\">\n<div id=\"cmsmasters_column_dc0a9c803b\" class=\"cmsmasters_column three_fourth\">\n<div class=\"cmsmasters_column_inner\">\n<div class=\"cmsmasters_posts_slider post\">\n<div id=\"cmsmasters_slider_wtju5vwf07\" class=\"cmsmasters_owl_slider owl-carousel owl-theme\" data-items=\"3\" data-single-item=\"false\" data-auto-play=\"5000\" data-pagination=\"false\" data-navigation=\"true\">\n<div class=\"owl-wrapper-outer autoHeight\">\n<div class=\"owl-wrapper\">\n<div class=\"owl-item active\">\n<div class=\"cmsmasters_owl_slider_item\">\n<article id=\"post-31866\" class=\"cmsmasters_slider_post post-31866 post type-post status-publish format-standard has-post-thumbnail hentry category-noticias tag-comissao-da-covid-19 tag-milton-ribeiro tag-ministro-da-educacao-mec tag-senador-confucio-moura\">\n<div class=\"cmsmasters_slider_post_outer\">\n<div class=\"cmsmasters_slider_post_img_wrap\"><\/div>\n<div class=\"cmsmasters_slider_post_inner\">\n<header class=\"cmsmasters_slider_post_header entry-header\">\n<h4 class=\"cmsmasters_slider_post_title entry-title\"><\/h4>\n<\/header>\n<\/div>\n<\/div>\n<\/article>\n<\/div>\n<\/div>\n<div class=\"owl-item active\">\n<div class=\"cmsmasters_owl_slider_item\">\n<article id=\"post-31860\" class=\"cmsmasters_slider_post post-31860 post type-post status-publish format-standard has-post-thumbnail hentry category-noticias category-saiu-na-rede tag-programa-nacional-de-inclusao-digital-para-a-educacao-basica tag-projeto-de-inclusao-digital tag-radio-senado tag-senador-confucio-moura\">\n<div class=\"cmsmasters_slider_post_outer\">\n<div class=\"cmsmasters_slider_post_img_wrap\">\n<figure class=\"cmsmasters_img_rollover_wrap preloader\"><img decoding=\"async\" class=\"full-width wp-post-image lazyload\" title=\"Senado come\u00e7a a analisar Programa Nacional de Inclus\u00e3o Digital para a Educa\u00e7\u00e3o B\u00e1sica\" data-src=\"https:\/\/senadorconfucio.com.br\/wp-content\/uploads\/2020\/09\/Programa-inclusao-digital--580x360.jpg\" alt=\"Senado come\u00e7a a analisar Programa Nacional de Inclus\u00e3o Digital para a Educa\u00e7\u00e3o B\u00e1sica\" width=\"580\" height=\"360\" src=\"data:image\/svg+xml;base64,PHN2ZyB3aWR0aD0iMSIgaGVpZ2h0PSIxIiB4bWxucz0iaHR0cDovL3d3dy53My5vcmcvMjAwMC9zdmciPjwvc3ZnPg==\" style=\"--smush-placeholder-width: 580px; --smush-placeholder-aspect-ratio: 580\/360;\" \/><\/p>\n<div class=\"cmsmasters_img_rollover\"><\/div>\n<\/figure>\n<\/div>\n<div class=\"cmsmasters_slider_post_inner\">\n<div class=\"cmsmasters_slider_post_inner_header\"><span class=\"cmsmasters_slider_post_date cmsmasters-icon-calendar-3\"><abbr class=\"published\" title=\"15 de setembro de 2020\"><span class=\"cmsmasters_day_mon\">setembro 15<\/span><span class=\"cmsmasters_year\">, 2020<\/span><\/abbr><\/span><\/p>\n<div class=\"cmsmasters_slider_post_meta_wrap entry-meta\"><span class=\"cmsmasters_likes cmsmasters_slider_post_likes\"><a id=\"cmsmastersLike-31860\" class=\"cmsmastersLike cmsmasters_theme_icon_like\" href=\"https:\/\/senadorconfucio.com.br\/#\">0<\/a><\/span><span class=\"cmsmasters_comments cmsmasters_slider_post_comments\"><a class=\"cmsmasters_theme_icon_comment\" title=\"Comment on Senado come\u00e7a a analisar Programa Nacional de Inclus\u00e3o Digital para a Educa\u00e7\u00e3o B\u00e1sica\" href=\"https:\/\/senadorconfucio.com.br\/senado-comeca-a-analisar-programa-nacional-de-inclusao-digital-para-a-educacao-basica\/#respond\">0<\/a><\/span><\/div>\n<\/div>\n<header class=\"cmsmasters_slider_post_header entry-header\">\n<h4 class=\"cmsmasters_slider_post_title entry-title\"><a href=\"https:\/\/senadorconfucio.com.br\/senado-comeca-a-analisar-programa-nacional-de-inclusao-digital-para-a-educacao-basica\/\">Senado come\u00e7a a analisar Programa Nacional de Inclus\u00e3o Digital para a Educa\u00e7\u00e3o B\u00e1sica<\/a><\/h4>\n<\/header>\n<\/div>\n<\/div>\n<\/article>\n<\/div>\n<\/div>\n<div class=\"owl-item active\">\n<div class=\"cmsmasters_owl_slider_item\">\n<article id=\"post-31852\" class=\"cmsmasters_slider_post post-31852 post type-post status-publish format-standard has-post-thumbnail hentry category-noticias tag-cadastro-unico-para-programas-sociais-do-governo-federal-cadunico tag-fundo-de-fiscalizacao-das-telecomunicacoes-fistel tag-programa-nacional-de-inclusao-digital-para-a-educacao-basica tag-projeto-de-lei-no-4-538-de-2020 tag-projeto-do-senador-confucio\">\n<div class=\"cmsmasters_slider_post_outer\">\n<div class=\"cmsmasters_slider_post_img_wrap\">\n<figure class=\"cmsmasters_img_rollover_wrap preloader\"><img decoding=\"async\" class=\"full-width wp-post-image lazyload\" title=\"Projeto do senador Conf\u00facio cria Programa Nacional de Inclus\u00e3o Digital para a Educa\u00e7\u00e3o B\u00e1sica\" data-src=\"https:\/\/senadorconfucio.com.br\/wp-content\/uploads\/2020\/09\/agencia-Senado-580x360.jpg\" alt=\"Projeto do senador Conf\u00facio cria Programa Nacional de Inclus\u00e3o Digital para a Educa\u00e7\u00e3o B\u00e1sica\" width=\"580\" height=\"360\" src=\"data:image\/svg+xml;base64,PHN2ZyB3aWR0aD0iMSIgaGVpZ2h0PSIxIiB4bWxucz0iaHR0cDovL3d3dy53My5vcmcvMjAwMC9zdmciPjwvc3ZnPg==\" style=\"--smush-placeholder-width: 580px; --smush-placeholder-aspect-ratio: 580\/360;\" \/><\/p>\n<div class=\"cmsmasters_img_rollover\"><\/div>\n<\/figure>\n<\/div>\n<div class=\"cmsmasters_slider_post_inner\">\n<div class=\"cmsmasters_slider_post_inner_header\"><span class=\"cmsmasters_slider_post_date cmsmasters-icon-calendar-3\"><abbr class=\"published\" title=\"14 de setembro de 2020\"><span class=\"cmsmasters_day_mon\">setembro 14<\/span><span class=\"cmsmasters_year\">, 2020<\/span><\/abbr><\/span><\/p>\n<div class=\"cmsmasters_slider_post_meta_wrap entry-meta\"><span class=\"cmsmasters_likes cmsmasters_slider_post_likes\"><a id=\"cmsmastersLike-31852\" class=\"cmsmastersLike cmsmasters_theme_icon_like\" href=\"https:\/\/senadorconfucio.com.br\/#\">1<\/a><\/span><span class=\"cmsmasters_comments cmsmasters_slider_post_comments\"><a class=\"cmsmasters_theme_icon_comment\" title=\"Comment on Projeto do senador Conf\u00facio cria Programa Nacional de Inclus\u00e3o Digital para a Educa\u00e7\u00e3o B\u00e1sica\" href=\"https:\/\/senadorconfucio.com.br\/projeto-do-senador-confucio-cria-programa-nacional-de-inclusao-digital-para-a-educacao-basica\/#respond\">0<\/a><\/span><\/div>\n<\/div>\n<header class=\"cmsmasters_slider_post_header entry-header\">\n<h4 class=\"cmsmasters_slider_post_title entry-title\"><a href=\"https:\/\/senadorconfucio.com.br\/projeto-do-senador-confucio-cria-programa-nacional-de-inclusao-digital-para-a-educacao-basica\/\">Projeto do senador Conf\u00facio cria Programa Nacional de Inclus\u00e3o Digital para a Educa\u00e7\u00e3o B\u00e1sica<\/a><\/h4>\n<\/header>\n<\/div>\n<\/div>\n<\/article>\n<\/div>\n<\/div>\n<div class=\"owl-item\">\n<div class=\"cmsmasters_owl_slider_item\">\n<article id=\"post-31836\" class=\"cmsmasters_slider_post post-31836 post type-post status-publish format-standard has-post-thumbnail hentry category-noticias tag-banco-nacional-de-desenvolvimento-economico-e-social-bndes tag-fundo-de-universalizacao-dos-servicos-de-telecomunicacoes-fust tag-projeto-de-confucio-moura tag-projeto-de-lei-no-4524-2020\">\n<div class=\"cmsmasters_slider_post_outer\">\n<div class=\"cmsmasters_slider_post_img_wrap\">\n<figure class=\"cmsmasters_img_rollover_wrap preloader\"><img decoding=\"async\" class=\"full-width wp-post-image lazyload\" title=\"Conf\u00facio Moura prop\u00f5e\u00a0ampliar acesso \u00e0 internet e promover a inclus\u00e3o digital\" data-src=\"https:\/\/senadorconfucio.com.br\/wp-content\/uploads\/2020\/07\/imagem_materia-3-580x360.jpg\" alt=\"Conf\u00facio Moura prop\u00f5e\u00a0ampliar acesso \u00e0 internet e promover a inclus\u00e3o digital\" width=\"580\" height=\"360\" src=\"data:image\/svg+xml;base64,PHN2ZyB3aWR0aD0iMSIgaGVpZ2h0PSIxIiB4bWxucz0iaHR0cDovL3d3dy53My5vcmcvMjAwMC9zdmciPjwvc3ZnPg==\" style=\"--smush-placeholder-width: 580px; --smush-placeholder-aspect-ratio: 580\/360;\" \/><\/p>\n<div class=\"cmsmasters_img_rollover\"><\/div>\n<\/figure>\n<\/div>\n<div class=\"cmsmasters_slider_post_inner\">\n<div class=\"cmsmasters_slider_post_inner_header\"><span class=\"cmsmasters_slider_post_date cmsmasters-icon-calendar-3\"><abbr class=\"published\" title=\"11 de setembro de 2020\"><span class=\"cmsmasters_day_mon\">setembro 11<\/span><span class=\"cmsmasters_year\">, 2020<\/span><\/abbr><\/span><\/p>\n<div class=\"cmsmasters_slider_post_meta_wrap entry-meta\"><span class=\"cmsmasters_likes cmsmasters_slider_post_likes\"><a id=\"cmsmastersLike-31836\" class=\"cmsmastersLike cmsmasters_theme_icon_like\" href=\"https:\/\/senadorconfucio.com.br\/#\">0<\/a><\/span><span class=\"cmsmasters_comments cmsmasters_slider_post_comments\"><a class=\"cmsmasters_theme_icon_comment\" title=\"Comment on Conf\u00facio Moura prop\u00f5e\u00a0ampliar acesso \u00e0 internet e promover a inclus\u00e3o digital\" href=\"https:\/\/senadorconfucio.com.br\/projeto-de-confucio-altera-a-lei-do-fust-para-ampliar-o-acesso-a-internet-e-promover-a-inclusao-digital\/#respond\">0<\/a><\/span><\/div>\n<\/div>\n<header class=\"cmsmasters_slider_post_header entry-header\">\n<h4 class=\"cmsmasters_slider_post_title entry-title\"><a href=\"https:\/\/senadorconfucio.com.br\/projeto-de-confucio-altera-a-lei-do-fust-para-ampliar-o-acesso-a-internet-e-promover-a-inclusao-digital\/\">Conf\u00facio Moura prop\u00f5e\u00a0ampliar acesso \u00e0 internet e promover a inclus\u00e3o digital<\/a><\/h4>\n<\/header>\n<\/div>\n<\/div>\n<\/article>\n<\/div>\n<\/div>\n<div class=\"owl-item\">\n<div class=\"cmsmasters_owl_slider_item\">\n<article id=\"post-31839\" class=\"cmsmasters_slider_post post-31839 post type-post status-publish format-standard has-post-thumbnail hentry category-noticias category-saiu-na-rede tag-aulas-pelo-radio tag-doacoes-de-celulares-e-computadores tag-ensino-a-distancia-na-pandemia tag-senador-confucio-moura tag-tv-senado\">\n<div class=\"cmsmasters_slider_post_outer\">\n<div class=\"cmsmasters_slider_post_img_wrap\">\n<figure class=\"cmsmasters_img_rollover_wrap preloader\"><img decoding=\"async\" class=\"full-width wp-post-image lazyload\" title=\"Aulas pelo r\u00e1dio e doa\u00e7\u00f5es de celulares e computadores garantem ensino a dist\u00e2ncia na pandemia\" data-src=\"https:\/\/senadorconfucio.com.br\/wp-content\/uploads\/2020\/09\/WhatsApp-Image-2020-09-11-at-17.27.34-580x360.jpeg\" alt=\"Aulas pelo r\u00e1dio e doa\u00e7\u00f5es de celulares e computadores garantem ensino a dist\u00e2ncia na pandemia\" width=\"580\" height=\"360\" src=\"data:image\/svg+xml;base64,PHN2ZyB3aWR0aD0iMSIgaGVpZ2h0PSIxIiB4bWxucz0iaHR0cDovL3d3dy53My5vcmcvMjAwMC9zdmciPjwvc3ZnPg==\" style=\"--smush-placeholder-width: 580px; --smush-placeholder-aspect-ratio: 580\/360;\" \/><\/p>\n<div class=\"cmsmasters_img_rollover\"><\/div>\n<\/figure>\n<\/div>\n<div class=\"cmsmasters_slider_post_inner\">\n<div class=\"cmsmasters_slider_post_inner_header\"><span class=\"cmsmasters_slider_post_date cmsmasters-icon-calendar-3\"><abbr class=\"published\" title=\"11 de setembro de 2020\"><span class=\"cmsmasters_day_mon\">setembro 11<\/span><span class=\"cmsmasters_year\">, 2020<\/span><\/abbr><\/span><\/p>\n<div class=\"cmsmasters_slider_post_meta_wrap entry-meta\"><span class=\"cmsmasters_likes cmsmasters_slider_post_likes\"><a id=\"cmsmastersLike-31839\" class=\"cmsmastersLike cmsmasters_theme_icon_like\" href=\"https:\/\/senadorconfucio.com.br\/#\">0<\/a><\/span><span class=\"cmsmasters_comments cmsmasters_slider_post_comments\"><a class=\"cmsmasters_theme_icon_comment\" title=\"Comment on Aulas pelo r\u00e1dio e doa\u00e7\u00f5es de celulares e computadores garantem ensino a dist\u00e2ncia na pandemia\" href=\"https:\/\/senadorconfucio.com.br\/aulas-pelo-radio-e-doacoes-de-celulares-e-computadores-garantem-ensino-a-distancia-na-pandemia\/#respond\">0<\/a><\/span><\/div>\n<\/div>\n<header class=\"cmsmasters_slider_post_header entry-header\">\n<h4 class=\"cmsmasters_slider_post_title entry-title\"><a href=\"https:\/\/senadorconfucio.com.br\/aulas-pelo-radio-e-doacoes-de-celulares-e-computadores-garantem-ensino-a-distancia-na-pandemia\/\">Aulas pelo r\u00e1dio e doa\u00e7\u00f5es de celulares e computadores garantem ensino a dist\u00e2ncia na pandemia<\/a><\/h4>\n<\/header>\n<\/div>\n<\/div>\n<\/article>\n<\/div>\n<\/div>\n<div class=\"owl-item\">\n<div class=\"cmsmasters_owl_slider_item\">\n<article id=\"post-31831\" class=\"cmsmasters_slider_post post-31831 post type-post status-publish format-standard has-post-thumbnail hentry category-noticias category-saiu-na-rede tag-fundo-de-universalizacao-dos-servicos-de-telecomunicacoes-fust tag-senador-confucio-moura tag-servico-as-pessoas-que-moram-em-regioes-mais-pobres-e-isoladas\">\n<div class=\"cmsmasters_slider_post_outer\">\n<div class=\"cmsmasters_slider_post_img_wrap\">\n<figure class=\"cmsmasters_img_rollover_wrap preloader\"><img decoding=\"async\" class=\"full-width wp-post-image lazyload\" title=\"Projetos em an\u00e1lise no Senado alteram o Fust para garantir acesso \u00e0 internet durante a pandemia\" data-src=\"https:\/\/senadorconfucio.com.br\/wp-content\/uploads\/2020\/09\/WhatsApp-Image-2020-09-11-at-10.35.15-580x360.jpeg\" alt=\"Projetos em an\u00e1lise no Senado alteram o Fust para garantir acesso \u00e0 internet durante a pandemia\" width=\"580\" height=\"360\" src=\"data:image\/svg+xml;base64,PHN2ZyB3aWR0aD0iMSIgaGVpZ2h0PSIxIiB4bWxucz0iaHR0cDovL3d3dy53My5vcmcvMjAwMC9zdmciPjwvc3ZnPg==\" style=\"--smush-placeholder-width: 580px; --smush-placeholder-aspect-ratio: 580\/360;\" \/><\/p>\n<div class=\"cmsmasters_img_rollover\"><\/div>\n<\/figure>\n<\/div>\n<div class=\"cmsmasters_slider_post_inner\">\n<div class=\"cmsmasters_slider_post_inner_header\"><span class=\"cmsmasters_slider_post_date cmsmasters-icon-calendar-3\"><abbr class=\"published\" title=\"11 de setembro de 2020\"><span class=\"cmsmasters_day_mon\">setembro 11<\/span><span class=\"cmsmasters_year\">, 2020<\/span><\/abbr><\/span><\/p>\n<div class=\"cmsmasters_slider_post_meta_wrap entry-meta\"><span class=\"cmsmasters_likes cmsmasters_slider_post_likes\"><a id=\"cmsmastersLike-31831\" class=\"cmsmastersLike cmsmasters_theme_icon_like\" href=\"https:\/\/senadorconfucio.com.br\/#\">0<\/a><\/span><span class=\"cmsmasters_comments cmsmasters_slider_post_comments\"><a class=\"cmsmasters_theme_icon_comment\" title=\"Comment on Projetos em an\u00e1lise no Senado alteram o Fust para garantir acesso \u00e0 internet durante a pandemia\" href=\"https:\/\/senadorconfucio.com.br\/projetos-em-analise-no-senado-alteram-o-fust-para-garantir-acesso-a-internet-durante-a-pandemia\/#respond\">0<\/a><\/span><\/div>\n<\/div>\n<header class=\"cmsmasters_slider_post_header entry-header\">\n<h4 class=\"cmsmasters_slider_post_title entry-title\"><a href=\"https:\/\/senadorconfucio.com.br\/projetos-em-analise-no-senado-alteram-o-fust-para-garantir-acesso-a-internet-durante-a-pandemia\/\">Projetos em an\u00e1lise no Senado alteram o Fust para garantir acesso \u00e0 internet durante a pandemia<\/a><\/h4>\n<\/header>\n<\/div>\n<\/div>\n<\/article>\n<\/div>\n<\/div>\n<div class=\"owl-item\">\n<div class=\"cmsmasters_owl_slider_item\">\n<article id=\"post-31824\" class=\"cmsmasters_slider_post post-31824 post type-post status-publish format-standard has-post-thumbnail hentry category-noticias tag-confucio-moura-mdb-ro tag-fundo-garantidor-de-operacoes-fgo tag-katia-abreu-pp-to-e-esperidiao-amin-pp-sc tag-microempreendedor tag-oscip tag-programa-nacional-de-apoio-as-microempresas-e-empresas-de-pequeno-porte-pronampe tag-projeto-de-lei-no-4-339 tag-sociedade-de-garantia-solidaria-sgs\">\n<div class=\"cmsmasters_slider_post_outer\">\n<div class=\"cmsmasters_slider_post_img_wrap\">\n<figure class=\"cmsmasters_img_rollover_wrap preloader\"><img decoding=\"async\" class=\"full-width wp-post-image lazyload\" title=\"Projeto de Conf\u00facio beneficia o microcr\u00e9dito, no \u00e2mbito do Pronampe, com interm\u00e9dio de OSCIPS\" data-src=\"https:\/\/senadorconfucio.com.br\/wp-content\/uploads\/2020\/09\/Microempreendedor--580x360.jpg\" alt=\"Projeto de Conf\u00facio beneficia o microcr\u00e9dito, no \u00e2mbito do Pronampe, com interm\u00e9dio de OSCIPS\" width=\"580\" height=\"360\" src=\"data:image\/svg+xml;base64,PHN2ZyB3aWR0aD0iMSIgaGVpZ2h0PSIxIiB4bWxucz0iaHR0cDovL3d3dy53My5vcmcvMjAwMC9zdmciPjwvc3ZnPg==\" style=\"--smush-placeholder-width: 580px; --smush-placeholder-aspect-ratio: 580\/360;\" \/><\/p>\n<div class=\"cmsmasters_img_rollover\"><\/div>\n<\/figure>\n<\/div>\n<div class=\"cmsmasters_slider_post_inner\">\n<div class=\"cmsmasters_slider_post_inner_header\"><span class=\"cmsmasters_slider_post_date cmsmasters-icon-calendar-3\"><abbr class=\"published\" title=\"11 de setembro de 2020\"><span class=\"cmsmasters_day_mon\">setembro 11<\/span><span class=\"cmsmasters_year\">, 2020<\/span><\/abbr><\/span><\/p>\n<div class=\"cmsmasters_slider_post_meta_wrap entry-meta\"><span class=\"cmsmasters_likes cmsmasters_slider_post_likes\"><a id=\"cmsmastersLike-31824\" class=\"cmsmastersLike cmsmasters_theme_icon_like\" href=\"https:\/\/senadorconfucio.com.br\/#\">0<\/a><\/span><span class=\"cmsmasters_comments cmsmasters_slider_post_comments\"><a class=\"cmsmasters_theme_icon_comment\" title=\"Comment on Projeto de Conf\u00facio beneficia o microcr\u00e9dito, no \u00e2mbito do Pronampe, com interm\u00e9dio de OSCIPS\" href=\"https:\/\/senadorconfucio.com.br\/projeto-de-confucio-beneficia-o-microcredito-no-ambito-do-pronampe-com-intermedio-de-oscips\/#respond\">0<\/a><\/span><\/div>\n<\/div>\n<header class=\"cmsmasters_slider_post_header entry-header\">\n<h4 class=\"cmsmasters_slider_post_title entry-title\"><a href=\"https:\/\/senadorconfucio.com.br\/projeto-de-confucio-beneficia-o-microcredito-no-ambito-do-pronampe-com-intermedio-de-oscips\/\">Projeto de Conf\u00facio beneficia o microcr\u00e9dito, no \u00e2mbito do Pronampe, com interm\u00e9dio de OSCIPS<\/a><\/h4>\n<\/header>\n<\/div>\n<\/div>\n<\/article>\n<\/div>\n<\/div>\n<div class=\"owl-item\">\n<div class=\"cmsmasters_owl_slider_item\">\n<article id=\"post-31814\" class=\"cmsmasters_slider_post post-31814 post type-post status-publish format-standard has-post-thumbnail hentry category-noticias category-saiu-na-rede tag-agencia-senado tag-desenvolvimento-do-pais tag-educacao tag-senador-confucio-moura\">\n<div class=\"cmsmasters_slider_post_outer\">\n<div class=\"cmsmasters_slider_post_img_wrap\">\n<figure class=\"cmsmasters_img_rollover_wrap preloader\"><img decoding=\"async\" class=\"full-width wp-post-image lazyload\" title=\"Conf\u00facio destaca import\u00e2ncia da educa\u00e7\u00e3o para o desenvolvimento do pa\u00eds\" data-src=\"https:\/\/senadorconfucio.com.br\/wp-content\/uploads\/2020\/09\/Educacao1Conf-580x360.jpg\" alt=\"Conf\u00facio destaca import\u00e2ncia da educa\u00e7\u00e3o para o desenvolvimento do pa\u00eds\" width=\"580\" height=\"360\" src=\"data:image\/svg+xml;base64,PHN2ZyB3aWR0aD0iMSIgaGVpZ2h0PSIxIiB4bWxucz0iaHR0cDovL3d3dy53My5vcmcvMjAwMC9zdmciPjwvc3ZnPg==\" style=\"--smush-placeholder-width: 580px; --smush-placeholder-aspect-ratio: 580\/360;\" \/><\/p>\n<div class=\"cmsmasters_img_rollover\"><\/div>\n<\/figure>\n<\/div>\n<div class=\"cmsmasters_slider_post_inner\">\n<div class=\"cmsmasters_slider_post_inner_header\"><span class=\"cmsmasters_slider_post_date cmsmasters-icon-calendar-3\"><abbr class=\"published\" title=\"9 de setembro de 2020\"><span class=\"cmsmasters_day_mon\">setembro 09<\/span><span class=\"cmsmasters_year\">, 2020<\/span><\/abbr><\/span><\/p>\n<div class=\"cmsmasters_slider_post_meta_wrap entry-meta\"><span class=\"cmsmasters_likes cmsmasters_slider_post_likes\"><a id=\"cmsmastersLike-31814\" class=\"cmsmastersLike cmsmasters_theme_icon_like\" href=\"https:\/\/senadorconfucio.com.br\/#\">0<\/a><\/span><span class=\"cmsmasters_comments cmsmasters_slider_post_comments\"><a class=\"cmsmasters_theme_icon_comment\" title=\"Comment on Conf\u00facio destaca import\u00e2ncia da educa\u00e7\u00e3o para o desenvolvimento do pa\u00eds\" href=\"https:\/\/senadorconfucio.com.br\/confucio-destaca-importancia-da-educacao-para-o-desenvolvimento-do-pais\/#respond\">0<\/a><\/span><\/div>\n<\/div>\n<header class=\"cmsmasters_slider_post_header entry-header\">\n<h4 class=\"cmsmasters_slider_post_title entry-title\"><a href=\"https:\/\/senadorconfucio.com.br\/confucio-destaca-importancia-da-educacao-para-o-desenvolvimento-do-pais\/\">Conf\u00facio destaca import\u00e2ncia da educa\u00e7\u00e3o para o desenvolvimento do pa\u00eds<\/a><\/h4>\n<\/header>\n<\/div>\n<\/div>\n<\/article>\n<\/div>\n<\/div>\n<div class=\"owl-item\">\n<div class=\"cmsmasters_owl_slider_item\">\n<article id=\"post-31803\" class=\"cmsmasters_slider_post post-31803 post type-post status-publish format-standard has-post-thumbnail hentry category-noticias category-saiu-na-rede tag-dia-mundial-da-alfabetizacao tag-educacao tag-educacao-na-expectativa-de-dias-melhores tag-senador-confucio-moura\">\n<div class=\"cmsmasters_slider_post_outer\">\n<div class=\"cmsmasters_slider_post_img_wrap\">\n<figure class=\"cmsmasters_img_rollover_wrap preloader\"><img decoding=\"async\" class=\"full-width wp-post-image lazyload\" title=\"Dia Mundial da Alfabetiza\u00e7\u00e3o \u00e9 celebrado por senadores nas redes sociais\" data-src=\"https:\/\/senadorconfucio.com.br\/wp-content\/uploads\/2020\/09\/Dia-mundial-da-Educacao-580x360.jpg\" alt=\"Dia Mundial da Alfabetiza\u00e7\u00e3o \u00e9 celebrado por senadores nas redes sociais\" width=\"580\" height=\"360\" src=\"data:image\/svg+xml;base64,PHN2ZyB3aWR0aD0iMSIgaGVpZ2h0PSIxIiB4bWxucz0iaHR0cDovL3d3dy53My5vcmcvMjAwMC9zdmciPjwvc3ZnPg==\" style=\"--smush-placeholder-width: 580px; --smush-placeholder-aspect-ratio: 580\/360;\" \/><\/p>\n<div class=\"cmsmasters_img_rollover\"><\/div>\n<\/figure>\n<\/div>\n<div class=\"cmsmasters_slider_post_inner\">\n<div class=\"cmsmasters_slider_post_inner_header\"><span class=\"cmsmasters_slider_post_date cmsmasters-icon-calendar-3\"><abbr class=\"published\" title=\"9 de setembro de 2020\"><span class=\"cmsmasters_day_mon\">setembro 09<\/span><span class=\"cmsmasters_year\">, 2020<\/span><\/abbr><\/span><\/p>\n<div class=\"cmsmasters_slider_post_meta_wrap entry-meta\"><span class=\"cmsmasters_likes cmsmasters_slider_post_likes\"><a id=\"cmsmastersLike-31803\" class=\"cmsmastersLike cmsmasters_theme_icon_like\" href=\"https:\/\/senadorconfucio.com.br\/#\">0<\/a><\/span><span class=\"cmsmasters_comments cmsmasters_slider_post_comments\"><a class=\"cmsmasters_theme_icon_comment\" title=\"Comment on Dia Mundial da Alfabetiza\u00e7\u00e3o \u00e9 celebrado por senadores nas redes sociais\" href=\"https:\/\/senadorconfucio.com.br\/dia-mundial-da-alfabetizacao-e-celebrado-por-senadores-nas-redes-sociais\/#respond\">0<\/a><\/span><\/div>\n<\/div>\n<header class=\"cmsmasters_slider_post_header entry-header\">\n<h4 class=\"cmsmasters_slider_post_title entry-title\"><a href=\"https:\/\/senadorconfucio.com.br\/dia-mundial-da-alfabetizacao-e-celebrado-por-senadores-nas-redes-sociais\/\">Dia Mundial da Alfabetiza\u00e7\u00e3o \u00e9 celebrado por senadores nas redes sociais<\/a><\/h4>\n<\/header>\n<\/div>\n<\/div>\n<\/article>\n<\/div>\n<\/div>\n<div class=\"owl-item\">\n<div class=\"cmsmasters_owl_slider_item\">\n<article id=\"post-31800\" class=\"cmsmasters_slider_post post-31800 post type-post status-publish format-standard has-post-thumbnail hentry category-noticias category-saiu-na-rede tag-agencia-senado tag-comissao-da-covid-19 tag-senador-confucio-moura\">\n<div class=\"cmsmasters_slider_post_outer\">\n<div class=\"cmsmasters_slider_post_img_wrap\">\n<figure class=\"cmsmasters_img_rollover_wrap preloader\"><img decoding=\"async\" class=\"full-width wp-post-image lazyload\" title=\"Ipea apresenta propostas de pol\u00edticas p\u00fablicas para amenizar crise da pandemia\" data-src=\"https:\/\/senadorconfucio.com.br\/wp-content\/uploads\/2020\/09\/Atual-estagio-da-pandemia-580x360.jpg\" alt=\"Ipea apresenta propostas de pol\u00edticas p\u00fablicas para amenizar crise da pandemia\" width=\"580\" height=\"360\" src=\"data:image\/svg+xml;base64,PHN2ZyB3aWR0aD0iMSIgaGVpZ2h0PSIxIiB4bWxucz0iaHR0cDovL3d3dy53My5vcmcvMjAwMC9zdmciPjwvc3ZnPg==\" style=\"--smush-placeholder-width: 580px; --smush-placeholder-aspect-ratio: 580\/360;\" \/><\/p>\n<div class=\"cmsmasters_img_rollover\"><\/div>\n<\/figure>\n<\/div>\n<div class=\"cmsmasters_slider_post_inner\">\n<div class=\"cmsmasters_slider_post_inner_header\"><span class=\"cmsmasters_slider_post_date cmsmasters-icon-calendar-3\"><abbr class=\"published\" title=\"9 de setembro de 2020\"><span class=\"cmsmasters_day_mon\">setembro 09<\/span><span class=\"cmsmasters_year\">, 2020<\/span><\/abbr><\/span><\/p>\n<div class=\"cmsmasters_slider_post_meta_wrap entry-meta\"><span class=\"cmsmasters_likes cmsmasters_slider_post_likes\"><a id=\"cmsmastersLike-31800\" class=\"cmsmastersLike cmsmasters_theme_icon_like\" href=\"https:\/\/senadorconfucio.com.br\/#\">0<\/a><\/span><span class=\"cmsmasters_comments cmsmasters_slider_post_comments\"><a class=\"cmsmasters_theme_icon_comment\" title=\"Comment on Ipea apresenta propostas de pol\u00edticas p\u00fablicas para amenizar crise da pandemia\" href=\"https:\/\/senadorconfucio.com.br\/ipea-apresenta-propostas-de-politicas-publicas-para-amenizar-crise-da-pandemia\/#respond\">0<\/a><\/span><\/div>\n<\/div>\n<header class=\"cmsmasters_slider_post_header entry-header\">\n<h4 class=\"cmsmasters_slider_post_title entry-title\"><a href=\"https:\/\/senadorconfucio.com.br\/ipea-apresenta-propostas-de-politicas-publicas-para-amenizar-crise-da-pandemia\/\">Ipea apresenta propostas de pol\u00edticas p\u00fablicas para amenizar crise da pandemia<\/a><\/h4>\n<\/header>\n<\/div>\n<\/div>\n<\/article>\n<\/div>\n<\/div>\n<div class=\"owl-item\">\n<div class=\"cmsmasters_owl_slider_item\">\n<article id=\"post-31797\" class=\"cmsmasters_slider_post post-31797 post type-post status-publish format-standard has-post-thumbnail hentry category-noticias category-saiu-na-rede tag-07-de-setembro tag-independencia-do-brasil tag-senador-confucio-moura\">\n<div class=\"cmsmasters_slider_post_outer\">\n<div class=\"cmsmasters_slider_post_img_wrap\">\n<figure class=\"cmsmasters_img_rollover_wrap preloader\"><img decoding=\"async\" class=\"full-width wp-post-image lazyload\" title=\"Em 7 de setembro, senadores se dividem entre elogios e cr\u00edticas ao governo\" data-src=\"https:\/\/senadorconfucio.com.br\/wp-content\/uploads\/2020\/09\/sete-de-setembro-580x360.jpg\" alt=\"Em 7 de setembro, senadores se dividem entre elogios e cr\u00edticas ao governo\" width=\"580\" height=\"360\" src=\"data:image\/svg+xml;base64,PHN2ZyB3aWR0aD0iMSIgaGVpZ2h0PSIxIiB4bWxucz0iaHR0cDovL3d3dy53My5vcmcvMjAwMC9zdmciPjwvc3ZnPg==\" style=\"--smush-placeholder-width: 580px; --smush-placeholder-aspect-ratio: 580\/360;\" \/><\/p>\n<div class=\"cmsmasters_img_rollover\"><\/div>\n<\/figure>\n<\/div>\n<div class=\"cmsmasters_slider_post_inner\">\n<div class=\"cmsmasters_slider_post_inner_header\"><span class=\"cmsmasters_slider_post_date cmsmasters-icon-calendar-3\"><abbr class=\"published\" title=\"9 de setembro de 2020\"><span class=\"cmsmasters_day_mon\">setembro 09<\/span><span class=\"cmsmasters_year\">, 2020<\/span><\/abbr><\/span><\/p>\n<div class=\"cmsmasters_slider_post_meta_wrap entry-meta\"><span class=\"cmsmasters_likes cmsmasters_slider_post_likes\"><a id=\"cmsmastersLike-31797\" class=\"cmsmastersLike cmsmasters_theme_icon_like\" href=\"https:\/\/senadorconfucio.com.br\/#\">0<\/a><\/span><span class=\"cmsmasters_comments cmsmasters_slider_post_comments\"><a class=\"cmsmasters_theme_icon_comment\" title=\"Comment on Em 7 de setembro, senadores se dividem entre elogios e cr\u00edticas ao governo\" href=\"https:\/\/senadorconfucio.com.br\/em-7-de-setembro-senadores-se-dividem-entre-elogios-e-criticas-ao-governo\/#respond\">0<\/a><\/span><\/div>\n<\/div>\n<header class=\"cmsmasters_slider_post_header entry-header\">\n<h4 class=\"cmsmasters_slider_post_title entry-title\"><a href=\"https:\/\/senadorconfucio.com.br\/em-7-de-setembro-senadores-se-dividem-entre-elogios-e-criticas-ao-governo\/\">Em 7 de setembro, senadores se dividem entre elogios e cr\u00edticas ao governo<\/a><\/h4>\n<\/header>\n<\/div>\n<\/div>\n<\/article>\n<\/div>\n<\/div>\n<div class=\"owl-item\">\n<div class=\"cmsmasters_owl_slider_item\">\n<article id=\"post-31790\" class=\"cmsmasters_slider_post post-31790 post type-post status-publish format-standard has-post-thumbnail hentry category-noticias tag-comissao-da-covid-19 tag-confucio-moura tag-desenvolvimento-de-tecnologias tag-palacio-do-planalto tag-regiao-amazonica tag-reuniao-da-comissao tag-zona-franca\">\n<div class=\"cmsmasters_slider_post_outer\">\n<div class=\"cmsmasters_slider_post_img_wrap\">\n<figure class=\"cmsmasters_img_rollover_wrap preloader\"><img decoding=\"async\" class=\"full-width wp-post-image lazyload\" title=\"Conf\u00facio diz que encaminhar\u00e1 ao Pal\u00e1cio do Planalto informa\u00e7\u00f5es sobre resultado de audi\u00eancia p\u00fablica\" data-src=\"https:\/\/senadorconfucio.com.br\/wp-content\/uploads\/2020\/09\/WhatsApp-Image-2020-09-08-at-18.43.25-580x360.jpeg\" alt=\"Conf\u00facio diz que encaminhar\u00e1 ao Pal\u00e1cio do Planalto informa\u00e7\u00f5es sobre resultado de audi\u00eancia p\u00fablica\" width=\"580\" height=\"360\" src=\"data:image\/svg+xml;base64,PHN2ZyB3aWR0aD0iMSIgaGVpZ2h0PSIxIiB4bWxucz0iaHR0cDovL3d3dy53My5vcmcvMjAwMC9zdmciPjwvc3ZnPg==\" style=\"--smush-placeholder-width: 580px; --smush-placeholder-aspect-ratio: 580\/360;\" \/><\/p>\n<div class=\"cmsmasters_img_rollover\"><\/div>\n<\/figure>\n<\/div>\n<div class=\"cmsmasters_slider_post_inner\">\n<div class=\"cmsmasters_slider_post_inner_header\"><span class=\"cmsmasters_slider_post_date cmsmasters-icon-calendar-3\"><abbr class=\"published\" title=\"8 de setembro de 2020\"><span class=\"cmsmasters_day_mon\">setembro 08<\/span><span class=\"cmsmasters_year\">, 2020<\/span><\/abbr><\/span><\/p>\n<div class=\"cmsmasters_slider_post_meta_wrap entry-meta\"><span class=\"cmsmasters_likes cmsmasters_slider_post_likes\"><a id=\"cmsmastersLike-31790\" class=\"cmsmastersLike cmsmasters_theme_icon_like\" href=\"https:\/\/senadorconfucio.com.br\/#\">1<\/a><\/span><span class=\"cmsmasters_comments cmsmasters_slider_post_comments\"><a class=\"cmsmasters_theme_icon_comment\" title=\"Comment on Conf\u00facio diz que encaminhar\u00e1 ao Pal\u00e1cio do Planalto informa\u00e7\u00f5es sobre resultado de audi\u00eancia p\u00fablica\" href=\"https:\/\/senadorconfucio.com.br\/confucio-disse-que-encaminhara-ao-palacio-do-planalto-informacoes-sobre-resultado-de-audiencia-publica\/#respond\">0<\/a><\/span><\/div>\n<\/div>\n<header class=\"cmsmasters_slider_post_header entry-header\">\n<h4 class=\"cmsmasters_slider_post_title entry-title\"><a href=\"https:\/\/senadorconfucio.com.br\/confucio-disse-que-encaminhara-ao-palacio-do-planalto-informacoes-sobre-resultado-de-audiencia-publica\/\">Conf\u00facio diz que encaminhar\u00e1 ao Pal\u00e1cio do Planalto informa\u00e7\u00f5es sobre resultado de audi\u00eancia p\u00fablica<\/a><\/h4>\n<\/header>\n<\/div>\n<\/div>\n<\/article>\n<\/div>\n<\/div>\n<\/div>\n<\/div>\n<div class=\"owl-controls clickable\">\n<div class=\"owl-buttons\">\n<div class=\"owl-prev\"><\/div>\n<div class=\"owl-next\"><\/div>\n<\/div>\n<\/div>\n<\/div>\n<\/div>\n<\/div>\n<\/div>\n<div id=\"cmsmasters_column_49b07a3d3c\" class=\"cmsmasters_column one_fourth\">\n<div class=\"cmsmasters_column_inner\">\n<div id=\"cmsmasters_fb_hws2gyzwt8\" class=\"cmsmasters_featured_block bounceInUp animated\" data-animation=\"bounceInUp\" data-delay=\"0\">\n<div class=\"featured_block_inner\">\n<div class=\"featured_block_text\"><\/div>\n<\/div>\n<\/div>\n<\/div>\n<\/div>\n<\/div>\n<\/div>\n<div class=\"cmsmasters_row_inner\">\n<div class=\"cmsmasters_row_margin cmsmasters_11\">\n<div id=\"cmsmasters_column_9cc1ad6238\" class=\"cmsmasters_column one_first\">\n<div class=\"cmsmasters_column_inner\">\n<div id=\"cmsmasters_divider_y6caaggoe\" class=\"cl\"><\/div>\n<\/div>\n<\/div>\n<\/div>\n<\/div>\n<\/div>\n<\/div>\n<\/div>\n<div id=\"cmsmasters_row_us01ujeo37\" class=\"cmsmasters_row cmsmasters_color_scheme_default cmsmasters_row_top_default cmsmasters_row_bot_default cmsmasters_row_boxed\">\n<div class=\"cmsmasters_row_outer_parent\">\n<div class=\"cmsmasters_row_outer\">\n<div class=\"cmsmasters_row_inner\">\n<div class=\"cmsmasters_row_margin cmsmasters_1212\">\n<div id=\"cmsmasters_column_8zcfdfgok8\" class=\"cmsmasters_column one_half\">\n<div class=\"cmsmasters_column_inner\">\n<div id=\"cmsmasters_fb_zl2w1flt7f\" class=\"cmsmasters_featured_block cmsmasters_make_an_appointment\">\n<div class=\"featured_block_inner\">\n<div class=\"featured_block_text\"><\/div>\n<\/div>\n<\/div>\n<\/div>\n<\/div>\n<\/div>\n<\/div>\n<\/div>\n<\/div>\n<\/div>\n<p>&nbsp;<\/p>\n<\/div>\n","protected":false},"excerpt":{"rendered":"<div class=\"mh-excerpt\"><p>A retomada das aulas, assunto que interessa o pa\u00eds inteiro, tamb\u00e9m ser\u00e1 debatido na reuni\u00e3o, afirma Conf\u00facio Moura A comiss\u00e3o mista do Congresso Nacional, que <a class=\"mh-excerpt-more\" href=\"https:\/\/folhaderondonianews.com\/news\/2020\/09\/15\/ministro-da-educacao-sera-ouvido-na-comissao-da-covid-19-nesta-quinta-feira\/\" title=\"Ministro da Educa\u00e7\u00e3o ser\u00e1 ouvido na comiss\u00e3o da Covid\u201319 nesta quinta-feira\">[&#8230;]<\/a><\/p>\n<\/div>","protected":false},"author":1,"featured_media":29871,"comment_status":"open","ping_status":"closed","sticky":false,"template":"","format":"standard","meta":{"footnotes":""},"categories":[1],"tags":[1041],"class_list":["post-29870","post","type-post","status-publish","format-standard","has-post-thumbnail","hentry","category-sem-categoria","tag-confucio-moura"],"_links":{"self":[{"href":"https:\/\/folhaderondonianews.com\/news\/wp-json\/wp\/v2\/posts\/29870","targetHints":{"allow":["GET"]}}],"collection":[{"href":"https:\/\/folhaderondonianews.com\/news\/wp-json\/wp\/v2\/posts"}],"about":[{"href":"https:\/\/folhaderondonianews.com\/news\/wp-json\/wp\/v2\/types\/post"}],"author":[{"embeddable":true,"href":"https:\/\/folhaderondonianews.com\/news\/wp-json\/wp\/v2\/users\/1"}],"replies":[{"embeddable":true,"href":"https:\/\/folhaderondonianews.com\/news\/wp-json\/wp\/v2\/comments?post=29870"}],"version-history":[{"count":0,"href":"https:\/\/folhaderondonianews.com\/news\/wp-json\/wp\/v2\/posts\/29870\/revisions"}],"wp:featuredmedia":[{"embeddable":true,"href":"https:\/\/folhaderondonianews.com\/news\/wp-json\/wp\/v2\/media\/29871"}],"wp:attachment":[{"href":"https:\/\/folhaderondonianews.com\/news\/wp-json\/wp\/v2\/media?parent=29870"}],"wp:term":[{"taxonomy":"category","embeddable":true,"href":"https:\/\/folhaderondonianews.com\/news\/wp-json\/wp\/v2\/categories?post=29870"},{"taxonomy":"post_tag","embeddable":true,"href":"https:\/\/folhaderondonianews.com\/news\/wp-json\/wp\/v2\/tags?post=29870"}],"curies":[{"name":"wp","href":"https:\/\/api.w.org\/{rel}","templated":true}]}}