{"id":29950,"date":"2020-09-22T09:49:46","date_gmt":"2020-09-22T13:49:46","guid":{"rendered":"https:\/\/folhaderondonianews.com\/news\/?p=29950"},"modified":"2020-09-22T09:49:46","modified_gmt":"2020-09-22T13:49:46","slug":"mosquini-vai-mediar-debate-com-ministro-ricardo-salles-no-agrolab","status":"publish","type":"post","link":"https:\/\/folhaderondonianews.com\/news\/2020\/09\/22\/mosquini-vai-mediar-debate-com-ministro-ricardo-salles-no-agrolab\/","title":{"rendered":"Mosquini vai mediar debate com ministro Ricardo Salles no Agrolab"},"content":{"rendered":"<h4>Trata-se do maior evento do Agroneg\u00f3cio da Regi\u00e3o Amaz\u00f4nica.<\/h4>\n<p>O deputado federal Lucio Mosquini foi convidado para ser mediador entre um debate que contar\u00e1 com a presen\u00e7a do ministro do meio ambiente Ricardo Salles, o secret\u00e1rio da Amaz\u00f4nia e Servi\u00e7os Ambientais Joaquim \u00c1lvaro, e o presidente do Incra, Geraldo Melo Filho.<br \/>\nO debate acontecer\u00e1 de forma digital e ser\u00e1 exibido em um painel dia 24\/09, \u00e0s 10hs hor\u00e1rio de Bras\u00edlia.<br \/>\nO evento faz parte do calend\u00e1rio do Conecta Sebrae Agrolab Amaz\u00f4nia &#8211; maior evento do Agroneg\u00f3cio da Regi\u00e3o Amaz\u00f4nica.<br \/>\nO tema do debate ser\u00e1 \u201cDesafio para Sustentabilidade da Amaz\u00f4nia\u201d.<br \/>\nO deputado federal Lucio Mosquini tamb\u00e9m foi convidado para ser um dos palestrantes durante o evento, e comentar\u00e1 sobre Regulariza\u00e7\u00e3o Fundi\u00e1ria.<br \/>\nO Deputado de Rond\u00f4nia \u00e9 Presidente Nacional da Frente Parlamentar em Defesa da Regulariza\u00e7\u00e3o Fundi\u00e1ria. Mosquini tem sido um incans\u00e1vel militante do tema, tornando-se atualmente uma das maiores autoridades do Brasil no assunto.<br \/>\nA Feira do Agroneg\u00f3cio \u201cCONECTA SEBRAE AGROLAB AMAZ\u00d4NIA\u201d \u00e9 uma iniciativa do Sebrae em Rond\u00f4nia, sendo protagonizada por todos os Sebrae da Amaz\u00f4nia Legal.<br \/>\nO evento ser\u00e1 totalmente digital, com tecnologia de realidade virtual, por meio de plataforma gamificada e em ambiente 3D. O evento constitui uma oportunidade para o fortalecimento dos neg\u00f3cios, e integrador das estrat\u00e9gias de desenvolvimento e sustentabilidade da Amaz\u00f4nia.<br \/>\nOs Estados que fazem parte da Amaz\u00f4nia Legal: Acre, Amap\u00e1, Amazonas, Mato Grosso, Par\u00e1, Rond\u00f4nia, Roraima, Tocantins e Maranh\u00e3o, estar\u00e3o presentes e a ocasi\u00e3o ser\u00e1 um marco na integra\u00e7\u00e3o regional, dentro de um formato digital, conectando a Amaz\u00f4nia com o Brasil e o mundo, tendo em vista que contaremos com a presen\u00e7a de pa\u00edses da Europa, \u00c1sia, Oriente M\u00e9dio e Am\u00e9rica do Norte.<br \/>\nA programa\u00e7\u00e3o do evento ocorrer\u00e1 no per\u00edodo de 22 a 24\/09\/2020 das 09h \u00e0s 19h, hor\u00e1rio de Bras\u00edlia-Brasil. Por ser uma Feira totalmente digital com tecnologia virtual 3D, os participantes ter\u00e3o a experi\u00eancia \u00fanica que possibilitar\u00e3o percorrer os estandes, realizar neg\u00f3cios, participar das palestras, rodadas de neg\u00f3cio nacional e internacional, dos f\u00f3runs e de toda a programa\u00e7\u00e3o de qualquer lugar do Brasil e do mundo.<\/p>\n<p><a href=\"https:\/\/folhaderondonianews.com\/news\/wp-content\/uploads\/2020\/09\/agrolab2.jpg\"><img decoding=\"async\" class=\"alignnone size-full wp-image-29952 lazyload\" data-src=\"https:\/\/folhaderondonianews.com\/news\/wp-content\/uploads\/2020\/09\/agrolab2.jpg\" alt=\"\" width=\"603\" height=\"600\" data-srcset=\"https:\/\/folhaderondonianews.com\/news\/wp-content\/uploads\/2020\/09\/agrolab2.jpg 603w, https:\/\/folhaderondonianews.com\/news\/wp-content\/uploads\/2020\/09\/agrolab2-300x300.jpg 300w, https:\/\/folhaderondonianews.com\/news\/wp-content\/uploads\/2020\/09\/agrolab2-150x150.jpg 150w\" data-sizes=\"(max-width: 603px) 100vw, 603px\" src=\"data:image\/svg+xml;base64,PHN2ZyB3aWR0aD0iMSIgaGVpZ2h0PSIxIiB4bWxucz0iaHR0cDovL3d3dy53My5vcmcvMjAwMC9zdmciPjwvc3ZnPg==\" style=\"--smush-placeholder-width: 603px; --smush-placeholder-aspect-ratio: 603\/600;\" \/><\/a><\/p>\n","protected":false},"excerpt":{"rendered":"<div class=\"mh-excerpt\"><p>Deputado Lucio Mosquini ser\u00e1 mediador em debate com ministro Ricardo Salles no maior evento do Agroneg\u00f3cio da Regi\u00e3o Amaz\u00f4nica.<\/p>\n<\/div>","protected":false},"author":1,"featured_media":29951,"comment_status":"open","ping_status":"closed","sticky":false,"template":"","format":"standard","meta":{"footnotes":""},"categories":[1],"tags":[6652],"class_list":["post-29950","post","type-post","status-publish","format-standard","has-post-thumbnail","hentry","category-sem-categoria","tag-agrolab"],"_links":{"self":[{"href":"https:\/\/folhaderondonianews.com\/news\/wp-json\/wp\/v2\/posts\/29950","targetHints":{"allow":["GET"]}}],"collection":[{"href":"https:\/\/folhaderondonianews.com\/news\/wp-json\/wp\/v2\/posts"}],"about":[{"href":"https:\/\/folhaderondonianews.com\/news\/wp-json\/wp\/v2\/types\/post"}],"author":[{"embeddable":true,"href":"https:\/\/folhaderondonianews.com\/news\/wp-json\/wp\/v2\/users\/1"}],"replies":[{"embeddable":true,"href":"https:\/\/folhaderondonianews.com\/news\/wp-json\/wp\/v2\/comments?post=29950"}],"version-history":[{"count":0,"href":"https:\/\/folhaderondonianews.com\/news\/wp-json\/wp\/v2\/posts\/29950\/revisions"}],"wp:featuredmedia":[{"embeddable":true,"href":"https:\/\/folhaderondonianews.com\/news\/wp-json\/wp\/v2\/media\/29951"}],"wp:attachment":[{"href":"https:\/\/folhaderondonianews.com\/news\/wp-json\/wp\/v2\/media?parent=29950"}],"wp:term":[{"taxonomy":"category","embeddable":true,"href":"https:\/\/folhaderondonianews.com\/news\/wp-json\/wp\/v2\/categories?post=29950"},{"taxonomy":"post_tag","embeddable":true,"href":"https:\/\/folhaderondonianews.com\/news\/wp-json\/wp\/v2\/tags?post=29950"}],"curies":[{"name":"wp","href":"https:\/\/api.w.org\/{rel}","templated":true}]}}