{"id":29954,"date":"2020-09-22T14:57:09","date_gmt":"2020-09-22T18:57:09","guid":{"rendered":"https:\/\/folhaderondonianews.com\/news\/?p=29954"},"modified":"2020-09-22T14:57:09","modified_gmt":"2020-09-22T18:57:09","slug":"ji-parana-tem-novo-secretario-de-saude","status":"publish","type":"post","link":"https:\/\/folhaderondonianews.com\/news\/2020\/09\/22\/ji-parana-tem-novo-secretario-de-saude\/","title":{"rendered":"Ji-Paran\u00e1 tem novo Secret\u00e1rio de Sa\u00fade"},"content":{"rendered":"<p class=\"x_MsoNormal\">O REC\u00c9M-NOMEADO \u00c9 DENTISTA E ESTAVA \u00c0 FRENTE DA SECRETARIA DE SA\u00daDE DE CACOAL.<\/p>\n<p class=\"x_MsoNormal\">O Prefeito Municipal, Marcito Pinto (PDT), nomeou na manh\u00e3 de hoje (21), o cirurgi\u00e3o dentista Marco Aur\u00e9lio Blaz Vasques para ocupar o cargo de Secret\u00e1rio Municipal de Sa\u00fade de Ji-Paran\u00e1 em substitui\u00e7\u00e3o, a Rafael Martins Papa que \u00e9 servidor de carreira e retornar\u00e1 \u00e0s fun\u00e7\u00f5es junto a ger\u00eancia administrativa da Semusa.<\/p>\n<p class=\"x_MsoNormal\">Vasques \u00e9 dentista formado pela Faculdade de Odontologia de Lins, Mestre em Cirurgia e Traumatologia Bucomaxilofacial pela Universidade Federal de Uberl\u00e2ndia e possui vasta experi\u00eancia em gest\u00e3o p\u00fablica, tendo atuado como Secret\u00e1rio Municipal de Sa\u00fade de Cacoal e Secret\u00e1rio Municipal de Sa\u00fade de Vilhena. Foi Diretor do Hospital Regional de Cacoal e Diretor Geral do Complexo Hospitalar Regional de Cacoal.<\/p>\n<p class=\"x_MsoNormal\">O novo secret\u00e1rio est\u00e1 em Ji-Paran\u00e1 desde a \u00faltima semana, quando iniciou os trabalhos para transi\u00e7\u00e3o de cargo, conhecendo melhor a estrutura de sa\u00fade do munic\u00edpio, reunindo-se com os diretores e tomando conhecimento dos processos e procedimentos que est\u00e3o sendo executados pela Semusa.<\/p>\n<p class=\"x_MsoNormal\">Amanh\u00e3 (22), 8h30, Marco Aur\u00e9lio Blaz Vasques, atender\u00e1 a imprensa local em uma coletiva, que acontecer\u00e1, no audit\u00f3rio da Secretaria Municipal de Sa\u00fade, localizado na Avenida Menezes Filho, n. 2960, Bairro: 02 de Abril.<\/p>\n","protected":false},"excerpt":{"rendered":"<div class=\"mh-excerpt\"><p>O REC\u00c9M-NOMEADO \u00c9 DENTISTA E ESTAVA \u00c0 FRENTE DA SECRETARIA DE SA\u00daDE DE CACOAL. O Prefeito Municipal, Marcito Pinto (PDT), nomeou na manh\u00e3 de hoje <a class=\"mh-excerpt-more\" href=\"https:\/\/folhaderondonianews.com\/news\/2020\/09\/22\/ji-parana-tem-novo-secretario-de-saude\/\" title=\"Ji-Paran\u00e1 tem novo Secret\u00e1rio de Sa\u00fade\">[&#8230;]<\/a><\/p>\n<\/div>","protected":false},"author":1,"featured_media":29955,"comment_status":"open","ping_status":"closed","sticky":false,"template":"","format":"standard","meta":{"footnotes":""},"categories":[1],"tags":[],"class_list":["post-29954","post","type-post","status-publish","format-standard","has-post-thumbnail","hentry","category-sem-categoria"],"_links":{"self":[{"href":"https:\/\/folhaderondonianews.com\/news\/wp-json\/wp\/v2\/posts\/29954","targetHints":{"allow":["GET"]}}],"collection":[{"href":"https:\/\/folhaderondonianews.com\/news\/wp-json\/wp\/v2\/posts"}],"about":[{"href":"https:\/\/folhaderondonianews.com\/news\/wp-json\/wp\/v2\/types\/post"}],"author":[{"embeddable":true,"href":"https:\/\/folhaderondonianews.com\/news\/wp-json\/wp\/v2\/users\/1"}],"replies":[{"embeddable":true,"href":"https:\/\/folhaderondonianews.com\/news\/wp-json\/wp\/v2\/comments?post=29954"}],"version-history":[{"count":0,"href":"https:\/\/folhaderondonianews.com\/news\/wp-json\/wp\/v2\/posts\/29954\/revisions"}],"wp:featuredmedia":[{"embeddable":true,"href":"https:\/\/folhaderondonianews.com\/news\/wp-json\/wp\/v2\/media\/29955"}],"wp:attachment":[{"href":"https:\/\/folhaderondonianews.com\/news\/wp-json\/wp\/v2\/media?parent=29954"}],"wp:term":[{"taxonomy":"category","embeddable":true,"href":"https:\/\/folhaderondonianews.com\/news\/wp-json\/wp\/v2\/categories?post=29954"},{"taxonomy":"post_tag","embeddable":true,"href":"https:\/\/folhaderondonianews.com\/news\/wp-json\/wp\/v2\/tags?post=29954"}],"curies":[{"name":"wp","href":"https:\/\/api.w.org\/{rel}","templated":true}]}}