{"id":29957,"date":"2020-09-22T15:04:03","date_gmt":"2020-09-22T19:04:03","guid":{"rendered":"https:\/\/folhaderondonianews.com\/news\/?p=29957"},"modified":"2020-09-22T15:04:03","modified_gmt":"2020-09-22T19:04:03","slug":"vasques-tem-a-missao-de-fortalecer-o-combate-a-covid-19-em-ji-parana","status":"publish","type":"post","link":"https:\/\/folhaderondonianews.com\/news\/2020\/09\/22\/vasques-tem-a-missao-de-fortalecer-o-combate-a-covid-19-em-ji-parana\/","title":{"rendered":"Vasques tem a miss\u00e3o de fortalecer o combate \u00e0 Covid-19 em Ji-Paran\u00e1"},"content":{"rendered":"<h4>&#8220;Aceitei o convite do prefeito Marcito Pinto, com a miss\u00e3o de fortalecer as a\u00e7\u00f5es da Secretaria de Sa\u00fade&#8221;.<\/h4>\n<p class=\"x_MsoNormal\">\nO fortalecimento de a\u00e7\u00f5es voltadas ao enfrentamento \u00e0 pandemia da Covid-19, foi o principal assunto abordado durante coletiva de imprensa, como o novo Secret\u00e1rio Municipal de Sa\u00fade de Ji-Paran\u00e1, <strong>Marco Aur\u00e9lio Vasques<\/strong>, realizada na manh\u00e3 de hoje (22), na sede da Semusa.<\/p>\n<p class=\"x_MsoNormal\">Vasques pontuou que hoje, a grande preocupa\u00e7\u00e3o mundial \u00e9 com a possibilidade de uma segunda onda de cont\u00e1gio por Covid, e que os gestores p\u00fablicos em v\u00e1rios pa\u00edses est\u00e3o buscando se precaver montando estrat\u00e9gias para o enfrentamento de uma doen\u00e7a que \u00e9 nova e, apesar de v\u00e1rios estudos, ainda \u00e9 muito desconhecida pela ci\u00eancia m\u00e9dica.<\/p>\n<p class=\"x_MsoNormal\">\u201cO Brasil todo vem sofrendo, o mundo vem sofrendo, porque \u00e9 uma doen\u00e7a que atinge a todos n\u00f3s. Em Rond\u00f4nia, a popula\u00e7\u00e3o em praticamente todos os munic\u00edpios est\u00e1 sofrendo. Por isso, aceitei o convite do prefeito Marcito Pinto, com a miss\u00e3o de fortalecer as a\u00e7\u00f5es da Secretaria de Sa\u00fade, especialmente para potencializar as a\u00e7\u00f5es voltadas ao combate a Covid-19\u201d, ressaltou.<\/p>\n<p class=\"x_MsoNormal\">O secret\u00e1rio ressaltou que encontrou em Ji-Paran\u00e1 uma adequada estrutura operacional e de sa\u00fade, inclusive, com um centro de tratamento e enfrentamento de Covid todo equipado, com profissionais contratados em diversas especialidades, estoque de medicamentos e testes suficientes para atender a demanda da popula\u00e7\u00e3o, com concurso pronto para chamamento de profissionais para serem convocados em caso de necessidade e com toda a estrutura para a implanta\u00e7\u00e3o de leitos de UTI, faltando ainda a efetiva\u00e7\u00e3o de m\u00e9dicos intensivistas e servidores especializados para o funcionamento da Unidade de Tratamento Intensivo.<\/p>\n<p class=\"x_MsoNormal\">\u201cH\u00e1 um clamor da popula\u00e7\u00e3o para que os leitos de UTI sejam implantados em Ji-Paran\u00e1. Por\u00e9m, o Governo do Estado tem enfrentado grandes dificuldades para solucionar esse problema. O prefeito Marcito assumiu um compromisso de ajudar o Governo do Estado em implantar esses leitos de UTI e, esta ser\u00e1 uma das principais miss\u00f5es, para sa\u00fade neste primeiro momento. O Prefeito encaminhar\u00e1 ainda nesta semana um projeto de lei para C\u00e2mara de Vereadores aumentando o valor a ser pago para os plant\u00f5es dos m\u00e9dicos e servidores que trabalhem nas UTIs, com a inten\u00e7\u00e3o de atrair esses profissionais para Ji-Paran\u00e1. A prefeitura ir\u00e1 bancar esses valores e praticamente ir\u00e1 arcar sozinha com esses custos e com essa responsabilidade para colocar em funcionamento os leitos de UTI no hospital Municipal\u201d, informou.<\/p>\n<p class=\"x_MsoNormal\">Por fim, Vasques informou que est\u00e1 realizando uma transi\u00e7\u00e3o tranquila com toda a equipe de sa\u00fade, e que j\u00e1 realizou reuni\u00f5es produtivas com os diretores, com a equipe do Hospital Municipal e que pretende ainda nesta semana visitar as unidades b\u00e1sicas de sa\u00fade para acompanhar os atendimentos realizados junto a popula\u00e7\u00e3o.<\/p>\n<p class=\"x_MsoNormal\">\u201cA inten\u00e7\u00e3o \u00e9 conseguir dar um dinamismo maior aos atendimentos. Sabemos que n\u00e3o \u00e9 uma tarefa f\u00e1cil, pois Ji-Paran\u00e1 recebe muitos pacientes de cidades vizinhas, o que acaba sobrecarregando nossos servidores. Mas tenho certeza que conseguiremos contribuir muito com a sa\u00fade do munic\u00edpio\u201d, finalizou.<\/p>\n","protected":false},"excerpt":{"rendered":"<div class=\"mh-excerpt\"><p>&#8220;Aceitei o convite do prefeito Marcito Pinto, com a miss\u00e3o de fortalecer as a\u00e7\u00f5es da Secretaria de Sa\u00fade&#8221;. O fortalecimento de a\u00e7\u00f5es voltadas ao enfrentamento <a class=\"mh-excerpt-more\" href=\"https:\/\/folhaderondonianews.com\/news\/2020\/09\/22\/vasques-tem-a-missao-de-fortalecer-o-combate-a-covid-19-em-ji-parana\/\" title=\"Vasques tem a miss\u00e3o de fortalecer o combate \u00e0 Covid-19 em Ji-Paran\u00e1\">[&#8230;]<\/a><\/p>\n<\/div>","protected":false},"author":1,"featured_media":29958,"comment_status":"open","ping_status":"closed","sticky":false,"template":"","format":"standard","meta":{"footnotes":""},"categories":[1],"tags":[6653],"class_list":["post-29957","post","type-post","status-publish","format-standard","has-post-thumbnail","hentry","category-sem-categoria","tag-marco-aurelio-vasques"],"_links":{"self":[{"href":"https:\/\/folhaderondonianews.com\/news\/wp-json\/wp\/v2\/posts\/29957","targetHints":{"allow":["GET"]}}],"collection":[{"href":"https:\/\/folhaderondonianews.com\/news\/wp-json\/wp\/v2\/posts"}],"about":[{"href":"https:\/\/folhaderondonianews.com\/news\/wp-json\/wp\/v2\/types\/post"}],"author":[{"embeddable":true,"href":"https:\/\/folhaderondonianews.com\/news\/wp-json\/wp\/v2\/users\/1"}],"replies":[{"embeddable":true,"href":"https:\/\/folhaderondonianews.com\/news\/wp-json\/wp\/v2\/comments?post=29957"}],"version-history":[{"count":0,"href":"https:\/\/folhaderondonianews.com\/news\/wp-json\/wp\/v2\/posts\/29957\/revisions"}],"wp:featuredmedia":[{"embeddable":true,"href":"https:\/\/folhaderondonianews.com\/news\/wp-json\/wp\/v2\/media\/29958"}],"wp:attachment":[{"href":"https:\/\/folhaderondonianews.com\/news\/wp-json\/wp\/v2\/media?parent=29957"}],"wp:term":[{"taxonomy":"category","embeddable":true,"href":"https:\/\/folhaderondonianews.com\/news\/wp-json\/wp\/v2\/categories?post=29957"},{"taxonomy":"post_tag","embeddable":true,"href":"https:\/\/folhaderondonianews.com\/news\/wp-json\/wp\/v2\/tags?post=29957"}],"curies":[{"name":"wp","href":"https:\/\/api.w.org\/{rel}","templated":true}]}}