{"id":29960,"date":"2020-09-22T17:27:14","date_gmt":"2020-09-22T21:27:14","guid":{"rendered":"https:\/\/folhaderondonianews.com\/news\/?p=29960"},"modified":"2020-09-23T11:40:43","modified_gmt":"2020-09-23T15:40:43","slug":"mp-denuncia-prefeito-e-vereadores-de-machadinho-por-desvio-de-finalidade-e-abuso-eleitoral","status":"publish","type":"post","link":"https:\/\/folhaderondonianews.com\/news\/2020\/09\/22\/mp-denuncia-prefeito-e-vereadores-de-machadinho-por-desvio-de-finalidade-e-abuso-eleitoral\/","title":{"rendered":"Prefeito e vereadores de Machadinho denunciados pelo MPE por desvio de finalidade e abuso eleitoral"},"content":{"rendered":"<h4>Se a Justi\u00e7a Eleitoral decidir como pede o Minist\u00e9rio P\u00fablico Eleitoral, Machadinho do Oeste poder\u00e1 renovar em 100%\u00a0 seus pol\u00edticos porque tanto o prefeito como os cinco vereadores estar\u00e3o fora da elei\u00e7\u00e3o.<\/h4>\n<p>Da reda\u00e7\u00e3o\/ Roberto Gutierrez &#8211; O Minist\u00e9rio P\u00fablico de Rond\u00f4nia entrou com uma Representa\u00e7\u00e3o Eleitoral contra o prefeito de Machadinho do Oeste e cinco vereadores porque fizeram promo\u00e7\u00e3o de 30% de desconto com d\u00edvida p\u00fablica, de forma gen\u00e9rica, sem especificar crit\u00e9rios, em per\u00edodo eleitoral usando como argumento do decreto de calamidade da Pandemia da Covid-19. Isso tudo aconteceu mesmo com a recomenda\u00e7\u00e3o do pr\u00f3prio Minist\u00e9rio P\u00fablico Eleitoral para que tais atos n\u00e3o fossem levado adiante pois, caraterizaria em desvio de finalidade e abuso eleitoral.<\/p>\n<p>Se a Justi\u00e7a Eleitoral de Machadinho acatar o pedido do MP, o prefeito <strong>Eliomar Patr\u00edcio (Solidariedade),<\/strong> e os vereadores <strong>Nilton Cezar Tosta Xavier (MDB), Clemente Alves Batista (PT), Eliseu dos Santos Oliveira (PTB), Enocz Dionisio (PP) e Reginaldo Marques Silva (PTB)<\/strong> podem perder o direito de serem candidatos.<\/p>\n<blockquote><p>\u201cTal desconto ser\u00e1 concedido devido \u00e0 calamidade p\u00fablica decorrente da pandemia do novo coronav\u00edrus (covid-19)\u201d.<\/p><\/blockquote>\n<p><strong>Recorde de faz de contas<\/strong><\/p>\n<p>Projeto de Lei encaminhado pelo prefeito Eleiomar aos Vereadores, at\u00e9 a aprova\u00e7\u00e3o em plen\u00e1rio, passando pelos pareceres das comiss\u00f5es, decorreram apenas 7 dias e com um debate plen\u00e1rio sobre essa mat\u00e9ria de uma hora e 16 minutos.<\/p>\n<p><strong>N\u00e3o foi por falta de aviso<\/strong><\/p>\n<p>O minist\u00e9rio Publico diz argumenta ainda que encaminhou aos partidos pol\u00edticos locais, ao Executivo e ao Legislativo de\u00a0 prevenir condutas vedadas, ainda mais diante da exist\u00eancia de regime extraordin\u00e1rio resultante da pandemia, que n\u00e3o pode ser amparo e justificativa para medidas gen\u00e9ricas e sem limites afetas especificadamente aos impactos da pandemia, o que configura desvio de finalidade e abuso eleitoral tendente a afetar a igualdade de oportunidades entre candidatos no pleito eleitoral.<\/p>\n<p><strong>Dom de iludir<\/strong><\/p>\n<p>No entendimento do MP o que o prefeito e os vereadores fizeram, ao aprovar o projeto de descont\u00e3o gen\u00e9rico do IPTU , sem crit\u00e9rios espec\u00edficos \u00e9 assimilado pela popula\u00e7\u00e3o com um ato de salvadores da p\u00e1tria, caracterizando tom eleitoreiro &#8211; inclusive de abuso eleitoral, que afeta a igualdade de oportunidade dos demais candidatos a vereador.<\/p>\n<p>&nbsp;<\/p>\n<p>&nbsp;<\/p>\n<p>&nbsp;<\/p>\n","protected":false},"excerpt":{"rendered":"<div class=\"mh-excerpt\"><p>Se a Justi\u00e7a Eleitoral decidir como pede o Minist\u00e9rio P\u00fablico Eleitoral, Machadinho do Oeste poder\u00e1 renovar em 100%\u00a0 seus pol\u00edticos porque tanto o prefeito como os cinco vereadores estar\u00e3o fora da elei\u00e7\u00e3o.<\/p>\n<\/div>","protected":false},"author":1,"featured_media":29961,"comment_status":"open","ping_status":"closed","sticky":false,"template":"","format":"standard","meta":{"footnotes":""},"categories":[9],"tags":[6656,6654,6657,6658,6655],"class_list":["post-29960","post","type-post","status-publish","format-standard","has-post-thumbnail","hentry","category-politica","tag-clemente-alves-batista-pt","tag-eliomar-patricio-solidariedade","tag-eliseu-dos-santos-oliveira-ptb","tag-enocz-dionisio-pp-e-reginaldo-marques-silva-ptb","tag-nilton-cezar-tosta-xavier-mdb"],"_links":{"self":[{"href":"https:\/\/folhaderondonianews.com\/news\/wp-json\/wp\/v2\/posts\/29960","targetHints":{"allow":["GET"]}}],"collection":[{"href":"https:\/\/folhaderondonianews.com\/news\/wp-json\/wp\/v2\/posts"}],"about":[{"href":"https:\/\/folhaderondonianews.com\/news\/wp-json\/wp\/v2\/types\/post"}],"author":[{"embeddable":true,"href":"https:\/\/folhaderondonianews.com\/news\/wp-json\/wp\/v2\/users\/1"}],"replies":[{"embeddable":true,"href":"https:\/\/folhaderondonianews.com\/news\/wp-json\/wp\/v2\/comments?post=29960"}],"version-history":[{"count":0,"href":"https:\/\/folhaderondonianews.com\/news\/wp-json\/wp\/v2\/posts\/29960\/revisions"}],"wp:featuredmedia":[{"embeddable":true,"href":"https:\/\/folhaderondonianews.com\/news\/wp-json\/wp\/v2\/media\/29961"}],"wp:attachment":[{"href":"https:\/\/folhaderondonianews.com\/news\/wp-json\/wp\/v2\/media?parent=29960"}],"wp:term":[{"taxonomy":"category","embeddable":true,"href":"https:\/\/folhaderondonianews.com\/news\/wp-json\/wp\/v2\/categories?post=29960"},{"taxonomy":"post_tag","embeddable":true,"href":"https:\/\/folhaderondonianews.com\/news\/wp-json\/wp\/v2\/tags?post=29960"}],"curies":[{"name":"wp","href":"https:\/\/api.w.org\/{rel}","templated":true}]}}