{"id":3003,"date":"2014-04-26T19:16:36","date_gmt":"2014-04-26T23:16:36","guid":{"rendered":"http:\/\/folhaderondonianews.com\/news\/?p=3003"},"modified":"2014-04-26T19:16:36","modified_gmt":"2014-04-26T23:16:36","slug":"confucio-valoriza-romildo-pereira","status":"publish","type":"post","link":"https:\/\/folhaderondonianews.com\/news\/2014\/04\/26\/confucio-valoriza-romildo-pereira\/","title":{"rendered":"Valorizada a\u00e7\u00e3o regional em Ji-Paran\u00e1"},"content":{"rendered":"<p>A administra\u00e7\u00e3o de um estado n\u00e3o se faz apenas com milh\u00f5es de reais. A\u00e7\u00f5es simples e a custos baixos tamb\u00e9m modernizam e potencializam a gest\u00e3o do governo. As afirma\u00e7\u00f5es s\u00e3o do governador Conf\u00facio Moura ao elogiar o trabalho executado pelo secret\u00e1rio regional de governo em Ji-Paran\u00e1 Romildo Pereira.<\/p>\n<figure style=\"width: 354px\" class=\"wp-caption alignleft\"><img decoding=\"async\" title=\"Paulo S\u00e9rgio\" src=\"https:\/\/mail.google.com\/mail\/u\/0\/?ui=2&amp;ik=d8f9dc60b9&amp;view=fimg&amp;th=1459ee41ee4bd714&amp;attid=0.2&amp;disp=inline&amp;realattid=f_huh4o0ia1&amp;safe=1&amp;attbid=ANGjdJ9XRU-BO64jURUwKPlTpExtKLu8xJqMuHHFtKL9AH_J9wxhKvYk6G8s28z4xoPwMffkOjNCm9RvnD0ecB3btJHouGi8xWSAhwSWc8fs4kmYDCAFaHmaBGMfAks&amp;ats=1398553450201&amp;rm=1459ee41ee4bd714&amp;zw&amp;sz=w1562-h807\" alt=\"Exibindo DSC04959.JPG\" width=\"354\" height=\"199\" \/><figcaption class=\"wp-caption-text\">&#8216;O trabalho do Romildo Pereira \u00e9 extraordin\u00e1rio e ele faz a diferen\u00e7a&#8217;, disse o governador<\/figcaption><\/figure>\n<p>\u201cO trabalho do Romildo Pereira \u00e9 extraordin\u00e1rio e ele faz a diferen\u00e7a. S\u00e3o salas de aulas, refeit\u00f3rios, reformas de \u00f3rg\u00e3os p\u00fablicos, entre outras a\u00e7\u00f5es realizadas pela secretaria regional de Ji-Paran\u00e1\u201d, declarou o governador na tarde de sexta-feira, 25, em Ji-Paran\u00e1, acrescentando que tamb\u00e9m se governa com poucos recursos.<\/p>\n<p>A afirma\u00e7\u00e3o do governador ocorreu na solenidade em que ele assinou a ordem de servi\u00e7o para amplia\u00e7\u00e3o da rede de \u00e1gua tratada no valor de R$ 38 milh\u00f5es, ocasi\u00e3o em que Conf\u00facio Moura anunciou outros R$ 180 milh\u00f5es para investimentos em saneamento b\u00e1sico de Ji-Paran\u00e1.<\/p>\n<p>Este reconhecimento do governador se deve \u00e0s obras que as equipes de servidores da secretaria regional j\u00e1 realizou e est\u00e1 realizando na regi\u00e3o. Dentre elas, destacou o governador, est\u00e3o as constru\u00e7\u00f5es de salas de recursos em v\u00e1rias escolas, de refeit\u00f3rios em duas escolas estaduais em Alvorada d\u2019Oeste, al\u00e9m de um quartel da pol\u00edcia militar no distrito de Novo Riachuelo, em Presidente M\u00e9dici.<\/p>\n<p>Para o secret\u00e1rio Romildo Pereira o que importa \u00e9 a realiza\u00e7\u00e3o das a\u00e7\u00f5es. \u201cEstamos trabalhando para o bem comum da sociedade. Quanto aos custos destas obras, com certeza est\u00e3o abaixo dos valores se fossem realizadas por terceiros por meio de licita\u00e7\u00e3o\u201d, assegura o secret\u00e1rio regional Romildo Pereira.<\/p>\n<p>&nbsp;<\/p>\n","protected":false},"excerpt":{"rendered":"<div class=\"mh-excerpt\"><p>A administra\u00e7\u00e3o de um estado n\u00e3o se faz apenas com milh\u00f5es de reais. A\u00e7\u00f5es simples e a custos baixos tamb\u00e9m modernizam e potencializam a gest\u00e3o <a class=\"mh-excerpt-more\" href=\"https:\/\/folhaderondonianews.com\/news\/2014\/04\/26\/confucio-valoriza-romildo-pereira\/\" title=\"Valorizada a\u00e7\u00e3o regional em Ji-Paran\u00e1\">[&#8230;]<\/a><\/p>\n<\/div>","protected":false},"author":1,"featured_media":0,"comment_status":"open","ping_status":"closed","sticky":false,"template":"","format":"standard","meta":{"footnotes":""},"categories":[8],"tags":[],"class_list":["post-3003","post","type-post","status-publish","format-standard","hentry","category-coluna-do-gutierrez"],"_links":{"self":[{"href":"https:\/\/folhaderondonianews.com\/news\/wp-json\/wp\/v2\/posts\/3003","targetHints":{"allow":["GET"]}}],"collection":[{"href":"https:\/\/folhaderondonianews.com\/news\/wp-json\/wp\/v2\/posts"}],"about":[{"href":"https:\/\/folhaderondonianews.com\/news\/wp-json\/wp\/v2\/types\/post"}],"author":[{"embeddable":true,"href":"https:\/\/folhaderondonianews.com\/news\/wp-json\/wp\/v2\/users\/1"}],"replies":[{"embeddable":true,"href":"https:\/\/folhaderondonianews.com\/news\/wp-json\/wp\/v2\/comments?post=3003"}],"version-history":[{"count":0,"href":"https:\/\/folhaderondonianews.com\/news\/wp-json\/wp\/v2\/posts\/3003\/revisions"}],"wp:attachment":[{"href":"https:\/\/folhaderondonianews.com\/news\/wp-json\/wp\/v2\/media?parent=3003"}],"wp:term":[{"taxonomy":"category","embeddable":true,"href":"https:\/\/folhaderondonianews.com\/news\/wp-json\/wp\/v2\/categories?post=3003"},{"taxonomy":"post_tag","embeddable":true,"href":"https:\/\/folhaderondonianews.com\/news\/wp-json\/wp\/v2\/tags?post=3003"}],"curies":[{"name":"wp","href":"https:\/\/api.w.org\/{rel}","templated":true}]}}