{"id":30033,"date":"2020-09-30T06:29:46","date_gmt":"2020-09-30T10:29:46","guid":{"rendered":"https:\/\/folhaderondonianews.com\/news\/?p=30033"},"modified":"2020-09-30T06:29:46","modified_gmt":"2020-09-30T10:29:46","slug":"decano-tira-julgamento-de-bolsonaro-do-plenario-virtual","status":"publish","type":"post","link":"https:\/\/folhaderondonianews.com\/news\/2020\/09\/30\/decano-tira-julgamento-de-bolsonaro-do-plenario-virtual\/","title":{"rendered":"Decano tira julgamento de Bolsonaro do plen\u00e1rio virtual"},"content":{"rendered":"<h2>O relator do inqu\u00e9rito quer a inclus\u00e3o do recurso de Bolsonaro no plen\u00e1rio do STF, em sistema de videoconfer\u00eancia.<\/h2>\n<p>O ministro Celso de Mello, do Supremo Tribunal Federal (STF), revogou na noite desta ter\u00e7a-feira decis\u00e3o do colega Marco Aur\u00e9lio Mello que havia agendado para esta sexta-feira, dia 2, o in\u00edcio de um julgamento pelo plen\u00e1rio virtual da corte que iria decidir se o depoimento do presidente Jair Bolsonaro no inqu\u00e9rito que apura se ele tentou interferir na Pol\u00edcia Federal ser\u00e1 por escrito ou presencial.<\/p>\n<p>O decano do STF retirou da pauta o recurso de Bolsonaro que pretende depor por escrito. Durante licen\u00e7a m\u00e9dica de Celso de Mello, Marco Aur\u00e9lio assumiu a relatoria interina do caso, marcando o julgamento virtual e ainda se posicionado a favor do pedido do presidente.<\/p>\n<p class=\"text\">O relator do inqu\u00e9rito, que j\u00e1 anunciou que vai se aposentar do Supremo daqui a duas semanas, quer a inclus\u00e3o do recurso de Bolsonaro no plen\u00e1rio do STF, em sistema de videoconfer\u00eancia, ap\u00f3s manifesta\u00e7\u00e3o do ex-ministro Sergio\u00a0Moro.<\/p>\n<p class=\"text\">Para o decano, conforme nota divulgada por sua assessoria, dessa forma o julgamento poder\u00e1 ser assistido, em tempo real, por qualquer cidad\u00e3o. No plen\u00e1rio virtual, os votos s\u00e3o dados remotamente por meio de um sistema, sem debate p\u00fablico.<\/p>\n<p class=\"text\">&#8220;Sendo assim, e pelas raz\u00f5es ora expostas, determino a exclus\u00e3o de pauta do plen\u00e1rio virtual do Inq 4.831-AgR\/DF, de que sou relator, facultada ao senhor S\u00e9rgio Fernando Moro, que \u00e9 coinvestigado, a possibilidade de, querendo, como acima j\u00e1 destacado, oferecer, no prazo de 05 (cinco) dias, por interm\u00e9dio de seus ilustres advogados, contrarraz\u00f5es ao agravo interno deduzido pelo Presidente da Rep\u00fablica&#8221;, informou Celso de Mello, no despacho.<\/p>\n<p class=\"text\">Caber\u00e1 ao presidente do Supremo, Luiz Fux, incluir o julgamento no plen\u00e1rio da corte. Na pr\u00e1tica, s\u00f3 haver\u00e1 a pr\u00f3xima semana para que isso ocorra ainda com a presen\u00e7a de Celso de Mello.<\/p>\n<p class=\"text\">Inicialmente, o decano havia determinado o depoimento pessoal do presidente, mas a defesa de Bolsonaro recorreu da decis\u00e3o.<\/p>\n","protected":false},"excerpt":{"rendered":"<div class=\"mh-excerpt\"><p>O relator do inqu\u00e9rito quer a inclus\u00e3o do recurso de Bolsonaro no plen\u00e1rio do STF, em sistema de videoconfer\u00eancia. O ministro Celso de Mello, do <a class=\"mh-excerpt-more\" href=\"https:\/\/folhaderondonianews.com\/news\/2020\/09\/30\/decano-tira-julgamento-de-bolsonaro-do-plenario-virtual\/\" title=\"Decano tira julgamento de Bolsonaro do plen\u00e1rio virtual\">[&#8230;]<\/a><\/p>\n<\/div>","protected":false},"author":1,"featured_media":30034,"comment_status":"open","ping_status":"closed","sticky":false,"template":"","format":"standard","meta":{"footnotes":""},"categories":[9],"tags":[],"class_list":["post-30033","post","type-post","status-publish","format-standard","has-post-thumbnail","hentry","category-politica"],"_links":{"self":[{"href":"https:\/\/folhaderondonianews.com\/news\/wp-json\/wp\/v2\/posts\/30033","targetHints":{"allow":["GET"]}}],"collection":[{"href":"https:\/\/folhaderondonianews.com\/news\/wp-json\/wp\/v2\/posts"}],"about":[{"href":"https:\/\/folhaderondonianews.com\/news\/wp-json\/wp\/v2\/types\/post"}],"author":[{"embeddable":true,"href":"https:\/\/folhaderondonianews.com\/news\/wp-json\/wp\/v2\/users\/1"}],"replies":[{"embeddable":true,"href":"https:\/\/folhaderondonianews.com\/news\/wp-json\/wp\/v2\/comments?post=30033"}],"version-history":[{"count":0,"href":"https:\/\/folhaderondonianews.com\/news\/wp-json\/wp\/v2\/posts\/30033\/revisions"}],"wp:featuredmedia":[{"embeddable":true,"href":"https:\/\/folhaderondonianews.com\/news\/wp-json\/wp\/v2\/media\/30034"}],"wp:attachment":[{"href":"https:\/\/folhaderondonianews.com\/news\/wp-json\/wp\/v2\/media?parent=30033"}],"wp:term":[{"taxonomy":"category","embeddable":true,"href":"https:\/\/folhaderondonianews.com\/news\/wp-json\/wp\/v2\/categories?post=30033"},{"taxonomy":"post_tag","embeddable":true,"href":"https:\/\/folhaderondonianews.com\/news\/wp-json\/wp\/v2\/tags?post=30033"}],"curies":[{"name":"wp","href":"https:\/\/api.w.org\/{rel}","templated":true}]}}