{"id":30072,"date":"2020-10-06T08:30:39","date_gmt":"2020-10-06T12:30:39","guid":{"rendered":"https:\/\/folhaderondonianews.com\/news\/?p=30072"},"modified":"2020-10-06T09:54:14","modified_gmt":"2020-10-06T13:54:14","slug":"indicacao-agrava-crise-na-base-e-bolsonaro-sai-como-traidor","status":"publish","type":"post","link":"https:\/\/folhaderondonianews.com\/news\/2020\/10\/06\/indicacao-agrava-crise-na-base-e-bolsonaro-sai-como-traidor\/","title":{"rendered":"Indica\u00e7\u00e3o agrava crise na base e Bolsonaro sai como traidor"},"content":{"rendered":"<h2>Bolsonaristas ficaram descontentes com a indica\u00e7\u00e3o do presidente para a vaga no STF e aumentam as cr\u00edticas a Bolsonaro.<\/h2>\n<p>A indica\u00e7\u00e3o do desembargador Kassio Marques para ocupar uma vaga no Supremo Tribunal Federal (STF) fez aumentar o n\u00famero de antigos bolsonaristas que partiram para o confronto aberto com\u00a0<strong>Jair Bolsonaro<\/strong>, acusando o presidente de &#8220;trai\u00e7\u00e3o&#8221; aos compromissos assumidos na campanha de 2018. O an\u00fancio para a Corte provocou fortes cr\u00edticas e uma onda de descontentamento, com amea\u00e7as de debandada e press\u00e3o para que Bolsonaro mude o nome do indicado.<\/p>\n<p class=\"text\">O grupo dos desiludidos, j\u00e1 integrado por ex-ministros, como S\u00e9rgio Moro &#8211; que no passado chegou a ser cotado para uma vaga no STF -, tem aumentado. Os ataques v\u00eam agora de todos os lados, principalmente da ala &#8220;raiz&#8221; do bolsonarismo, e a hasthag <strong>#BolsonaroTraidor<\/strong> desponta com for\u00e7a nas redes sociais.<\/p>\n<p class=\"text\">Empres\u00e1rios, militares, evang\u00e9licos e ativistas ideol\u00f3gicos apontaram a escolha de Marques como &#8220;grave erro&#8221; e uma oportunidade perdida de nomear um &#8220;conservador&#8221; para a cadeira do ministro do STF Celso de Mello, que se aposentar\u00e1 no pr\u00f3ximo dia 13. Nesta segunda, 5, Bolsonaro comparou a escolha do ministro \u00e0 escala\u00e7\u00e3o da sele\u00e7\u00e3o brasileira. O encontro de Bolsonaro na casa do ministro do STF Dias Toffolli, no s\u00e1bado, com a presen\u00e7a de Marques e do presidente do Senado, Davi Alcolumbre (DEM-AP), agravou a situa\u00e7\u00e3o.<\/p>\n<p class=\"text\">O movimento Vem Pra Rua, que liderou manifesta\u00e7\u00f5es pelo impeachment da ent\u00e3o presidente Dilma Rousseff (PT), passou a criticar o presidente. &#8220;Na campanha, Bolsonaro prometeu enfrentar o sistema. No poder, Bolsonaro negociou a indica\u00e7\u00e3o de Kassio Nunes com Gilmar, Toffoli e Davi Alcolumbre. Existe trai\u00e7\u00e3o maior que essa?&#8221;, perguntou o Vem Pra Rua em post publicado nas redes, tamb\u00e9m citando o ministro do STF Gilmar Mendes.<\/p>\n<p class=\"text\">O movimento come\u00e7ou a entoar a palavra de ordem &#8220;Fora, Bolsonaro&#8221; e est\u00e1 sugerindo protestos em todo o Pa\u00eds, no pr\u00f3ximo dia 25. &#8220;Falando s\u00e9rio. Precisamos pensar numa forma de acolher quem desembarca dessa canoa furada do bolsonarismo&#8221;, disse outra mensagem do Vem pra Rua.<\/p>\n<p class=\"text\">No Congresso, deputados como Joice Hasselmann &#8211; que foi l\u00edder do governo no Congresso e hoje \u00e9 candidata do PSL \u00e0 Prefeitura de S\u00e3o Paulo -, Alexandre Frota (atualmente no PSDB) e o senador Major Ol\u00edmpio (PSL-SP) fazem parte do time dos desiludidos com Bolsonaro. Ex-juiz da Lava Jato, Moro virou inimigo.<\/p>\n<p class=\"text\">Bolsonaristas ligados ao mercado tamb\u00e9m deram sinais de desembarque. O tom mais forte veio de um dos respons\u00e1veis por apresentar ao presidente o ministro da Economia, Paulo Guedes, at\u00e9 pouco tempo atr\u00e1s um dos pilares do governo. &#8220;Hora de desembarcar. Acabou. Um erro dessa envergadura n\u00e3o se faz por acaso&#8221;, reagiu Winston Ling, empres\u00e1rio e investidor sino-brasileiro, partid\u00e1rio da causa conservadora e do liberalismo.<\/p>\n<p class=\"text\"><b>Sabatina<\/b><\/p>\n<p class=\"text\">Antes de ser nomeado, Kassio Marques ainda precisa passar por uma sabatina no Senado. Ontem mesmo, ele come\u00e7ou a pedir apoio em visita ao Congresso. Ao mesmo tempo, aliados de Bolsonaro cobram que ele recue da decis\u00e3o. &#8220;A escolha do novo integrante do STF pelo presidente pode ser revertida se houver press\u00e3o da base ativista conservadora. Bora pressionar?&#8221;, postou Ling no Twitter.<\/p>\n<p class=\"text\">Porta-voz do grupo &#8220;300 do Brasil&#8221;, a ativista de extrema-direita Sara Giromini, que chegou a ser presa em junho, acusada de organizar atos antidemocr\u00e1ticos, usou de ironia para subir o tom contra Bolsonaro.<\/p>\n<p class=\"text\">&#8220;Que inveja eu tenho do Toffoli. Ele pelo menos ganhou um abra\u00e7o do Bolsonaro&#8221;, disse Sara, em mensagem nas redes. &#8220;N\u00e3o reconhe\u00e7o Bolsonaro. N\u00e3o sei mais quem ele \u00e9&#8221;, emendou a militante, afirmando ter sofrido press\u00e3o do general Augusto Heleno, ministro do Gabinete de Seguran\u00e7a Institucional (GSI), para n\u00e3o atacar o Supremo nem o Congresso. O general admitiu ter pedido ao grupo para moderar suas posi\u00e7\u00f5es, mas disse n\u00e3o ter havido &#8220;qualquer tipo de disc\u00f3rdia, reprimenda ou amea\u00e7a&#8221;.<\/p>\n<p class=\"text\">Bolsonaro tamb\u00e9m se queixou ontem de uma &#8220;autoridade&#8221; do Rio, por quem &#8220;prezava muito&#8221;, que protestou contra a indica\u00e7\u00e3o de Marques. &#8220;Estou chateado, sim. O pessoal que me apoia virando as costas, (dizem que) n\u00e3o votam mais&#8221;, admitiu Bolsonaro. &#8220;Essa autoridade do Rio de Janeiro queria que indicasse o dele. Fez v\u00e1rios v\u00eddeos, uma autoridade que diz que tem Deus no cora\u00e7\u00e3o.&#8221;<\/p>\n<p class=\"text\">O recado era endere\u00e7ado ao pastor Silas Malafaia, da Assembleia de Deus Vit\u00f3ria em Cristo, que criticou a indica\u00e7\u00e3o de Marques para o STF.<\/p>\n<p class=\"text\">&#8220;Sou aliado, mas n\u00e3o sou vaquinha de pres\u00e9pio&#8221;, disse Malafaia ao Estad\u00e3o. Horas depois, o pastor divulgou um v\u00eddeo contando que levou a Bolsonaro uma lista com tr\u00eas nomes aprovados pela frente parlamentar evang\u00e9lica: Jackson Di Domenico, Jos\u00e9 Eduardo Sabo Paes e William Douglas. &#8220;Como eu queria impor algu\u00e9m meu? Isso \u00e9 querer desviar o foco&#8221;, disse Malafaia, irritado.<\/p>\n<p class=\"text\">At\u00e9 mesmo o bolsonarista Allan dos Santos, do programa Ter\u00e7a Livre, criticou a escolha do presidente. &#8220;H\u00e1 uma enorme diferen\u00e7a entre bajular e compreender as circunst\u00e2ncias, entre confiar e aceitar calado decis\u00f5es ruins. N\u00e3o trate como seita quem acreditou em voc\u00ea como um ser humano, Jair Bolsonaro. Explique sem exigir f\u00e9. Exija a raz\u00e3o e seus eleitores decidem&#8221;, afirmou.<\/p>\n<p class=\"text\"><b>Presidente defende encontros com Maia e Toffoli<\/b><\/p>\n<p class=\"text\">O presidente Jair Bolsonaro defendeu ontem seus encontros com autoridades do Legislativo e do Judici\u00e1rio criticadas por parte dos seus apoiadores. No s\u00e1bado, ele se reuniu com o ministro do Supremo Tribunal Federal (STF), Dias Toffoli, e o presidente do Senado, Davi Alcolumbre (DEM-AP), o que gerou reclama\u00e7\u00f5es nas redes sociais. Ontem, esteve com o presidente da C\u00e2mara, Rodrigo Maia (DEM-RJ).<\/p>\n<p class=\"text\">&#8220;Com quem eu tomei caf\u00e9 agora, algu\u00e9m sabe? Rodrigo Maia. E da\u00ed? Estou errado? Quem \u00e9 que faz a pauta na C\u00e2mara?&#8221;, disse Bolsonaro a apoiadores, no Pal\u00e1cio da Alvorada, quando um deles questionou se era dif\u00edcil governar com o STF. &#8220;N\u00e3o entro no detalhe. \u00c9 um Poder que respeito&#8221;, afirmou o presidente.<\/p>\n<p class=\"text\">Sobre a indica\u00e7\u00e3o de Kassio Marques ao STF, disse que \u00e9 como escalar a Sele\u00e7\u00e3o Brasileira. &#8220;Todo mundo tem seu nome, e aquele que n\u00e3o entrou o nome reclama, a\u00ed come\u00e7a a acusar o cara de tudo.&#8221;<\/p>\n<p class=\"text\">As informa\u00e7\u00f5es s\u00e3o do jornal\u00a0<b>O Estado de S. Paulo.<\/b><\/p>\n","protected":false},"excerpt":{"rendered":"<div class=\"mh-excerpt\"><p>Bolsonaristas ficaram descontentes com a indica\u00e7\u00e3o do presidente para a vaga no STF e aumentam as cr\u00edticas a Bolsonaro.<\/p>\n<\/div>","protected":false},"author":1,"featured_media":30073,"comment_status":"open","ping_status":"closed","sticky":false,"template":"","format":"standard","meta":{"footnotes":""},"categories":[9],"tags":[6674,6671,546,716],"class_list":["post-30072","post","type-post","status-publish","format-standard","has-post-thumbnail","hentry","category-politica","tag-bolsonarotraidor","tag-bolsonaristas","tag-bolsonaro","tag-criticas"],"_links":{"self":[{"href":"https:\/\/folhaderondonianews.com\/news\/wp-json\/wp\/v2\/posts\/30072","targetHints":{"allow":["GET"]}}],"collection":[{"href":"https:\/\/folhaderondonianews.com\/news\/wp-json\/wp\/v2\/posts"}],"about":[{"href":"https:\/\/folhaderondonianews.com\/news\/wp-json\/wp\/v2\/types\/post"}],"author":[{"embeddable":true,"href":"https:\/\/folhaderondonianews.com\/news\/wp-json\/wp\/v2\/users\/1"}],"replies":[{"embeddable":true,"href":"https:\/\/folhaderondonianews.com\/news\/wp-json\/wp\/v2\/comments?post=30072"}],"version-history":[{"count":0,"href":"https:\/\/folhaderondonianews.com\/news\/wp-json\/wp\/v2\/posts\/30072\/revisions"}],"wp:featuredmedia":[{"embeddable":true,"href":"https:\/\/folhaderondonianews.com\/news\/wp-json\/wp\/v2\/media\/30073"}],"wp:attachment":[{"href":"https:\/\/folhaderondonianews.com\/news\/wp-json\/wp\/v2\/media?parent=30072"}],"wp:term":[{"taxonomy":"category","embeddable":true,"href":"https:\/\/folhaderondonianews.com\/news\/wp-json\/wp\/v2\/categories?post=30072"},{"taxonomy":"post_tag","embeddable":true,"href":"https:\/\/folhaderondonianews.com\/news\/wp-json\/wp\/v2\/tags?post=30072"}],"curies":[{"name":"wp","href":"https:\/\/api.w.org\/{rel}","templated":true}]}}