{"id":30513,"date":"2020-12-01T16:58:20","date_gmt":"2020-12-01T20:58:20","guid":{"rendered":"https:\/\/folhaderondonianews.com\/news\/?p=30513"},"modified":"2020-12-01T17:23:00","modified_gmt":"2020-12-01T21:23:00","slug":"pros-tenta-seduzir-cristiane-lopes-a-segunda-colocada-para-prefeita-de-porto-velho","status":"publish","type":"post","link":"https:\/\/folhaderondonianews.com\/news\/2020\/12\/01\/pros-tenta-seduzir-cristiane-lopes-a-segunda-colocada-para-prefeita-de-porto-velho\/","title":{"rendered":"Pr\u00f3s tenta seduzir Cristiane Lopes, a segunda colocada para prefeita de Porto Velho"},"content":{"rendered":"<h2>A sedu\u00e7\u00e3o, em forma de convite, tem a garantia de vaga para disputar como candidata a deputada federal em 2022.<\/h2>\n<p><span data-contrast=\"none\">Menos de uma semana do fim do segundo turno das elei\u00e7\u00f5es, a ex-candidata a prefeita de Porto Velho, vereadora <strong>Cristiane Lopes (PP)<\/strong> recebe convite para ingressar no Pr\u00f3s com a garantia de uma vaga para ser candidata a deputada federal em 2022. O seu ex-vice, o delegado aposentado Pedro Mancebo, \u00e9 membro do Pr\u00f3s.<\/span><span data-ccp-props=\"{&quot;201341983&quot;:0,&quot;335559739&quot;:160,&quot;335559740&quot;:259}\">\u00a0<\/span><\/p>\n<p><span data-contrast=\"none\">O convite foi oficializado em uma reuni\u00e3o ocorrida hoje \u00e0 tarde, no Porto Madeira hotel, na capital de Rond\u00f4nia.\u00a0 Participaram a presidente estadual do Pr\u00f3s de Rond\u00f4nia, Ros\u00e1ria Helena, o presidente e o vice-presidente municipal do Pr\u00f3s de Porto Velho, Manoel Iz\u00eddio e Claudemir, respectivamente, al\u00e9m de Suelen Santos, presidente estadual do Pr\u00f3s Mulher.\u00a0 \u00a0<\/span><span data-ccp-props=\"{&quot;201341983&quot;:0,&quot;335559739&quot;:160,&quot;335559740&quot;:259}\">\u00a0<\/span><\/p>\n<p><span data-contrast=\"none\">O convite oficial feito a Cristiane Lopes para ingressar no Pr\u00f3s, partiu do<\/span><span data-contrast=\"none\">\u00a0Presidente da Funda\u00e7\u00e3o da Ordem Social\u00a0<\/span><b><span data-contrast=\"none\">Felipe Esp\u00edrito Santo, <\/span><\/b>que falou em nome do presidente do<b><span data-contrast=\"none\"> Pr\u00f3s Nacional Eur\u00edpedes<\/span><\/b><span data-contrast=\"none\">\u00a0<strong>Gomes de Mac\u00eado J\u00fanior.<\/strong><\/span><strong>\u00a0<\/strong><\/p>\n<p><span data-contrast=\"none\">Ros\u00e1ria Helena, que \u00e9 vereadora-eleita em Ouro Preto do Oeste,\u00a0 falou sobre a satisfa\u00e7\u00e3o de poder receber a tamb\u00e9m vereadora da capital <\/span><span data-contrast=\"none\">Cristiane Lopes (PP) \u00e0s fileiras do Pr\u00f3s. Cristiane disse que ficou lisonjeada com o convite e vai pensar com carinho para dar a resposta. <\/span><span data-ccp-props=\"{&quot;201341983&quot;:0,&quot;335559739&quot;:160,&quot;335559740&quot;:259}\">\u00a0<\/span><\/p>\n","protected":false},"excerpt":{"rendered":"<div class=\"mh-excerpt\"><p>A sedu\u00e7\u00e3o, em forma de convite, tem a garantia de vaga para disputar como candidata a deputada federal em 2022.<\/p>\n<\/div>","protected":false},"author":1,"featured_media":30514,"comment_status":"open","ping_status":"closed","sticky":false,"template":"","format":"standard","meta":{"footnotes":""},"categories":[9],"tags":[6738,1374],"class_list":["post-30513","post","type-post","status-publish","format-standard","has-post-thumbnail","hentry","category-politica","tag-cristiane-lopes-pp","tag-rosaria-helena"],"_links":{"self":[{"href":"https:\/\/folhaderondonianews.com\/news\/wp-json\/wp\/v2\/posts\/30513","targetHints":{"allow":["GET"]}}],"collection":[{"href":"https:\/\/folhaderondonianews.com\/news\/wp-json\/wp\/v2\/posts"}],"about":[{"href":"https:\/\/folhaderondonianews.com\/news\/wp-json\/wp\/v2\/types\/post"}],"author":[{"embeddable":true,"href":"https:\/\/folhaderondonianews.com\/news\/wp-json\/wp\/v2\/users\/1"}],"replies":[{"embeddable":true,"href":"https:\/\/folhaderondonianews.com\/news\/wp-json\/wp\/v2\/comments?post=30513"}],"version-history":[{"count":0,"href":"https:\/\/folhaderondonianews.com\/news\/wp-json\/wp\/v2\/posts\/30513\/revisions"}],"wp:featuredmedia":[{"embeddable":true,"href":"https:\/\/folhaderondonianews.com\/news\/wp-json\/wp\/v2\/media\/30514"}],"wp:attachment":[{"href":"https:\/\/folhaderondonianews.com\/news\/wp-json\/wp\/v2\/media?parent=30513"}],"wp:term":[{"taxonomy":"category","embeddable":true,"href":"https:\/\/folhaderondonianews.com\/news\/wp-json\/wp\/v2\/categories?post=30513"},{"taxonomy":"post_tag","embeddable":true,"href":"https:\/\/folhaderondonianews.com\/news\/wp-json\/wp\/v2\/tags?post=30513"}],"curies":[{"name":"wp","href":"https:\/\/api.w.org\/{rel}","templated":true}]}}