{"id":30742,"date":"2021-01-05T17:37:38","date_gmt":"2021-01-05T21:37:38","guid":{"rendered":"https:\/\/folhaderondonianews.com\/news\/?p=30742"},"modified":"2021-01-05T17:37:38","modified_gmt":"2021-01-05T21:37:38","slug":"isau-quer-as-utis-do-hm-de-ji-parana-funcionando-de-novo","status":"publish","type":"post","link":"https:\/\/folhaderondonianews.com\/news\/2021\/01\/05\/isau-quer-as-utis-do-hm-de-ji-parana-funcionando-de-novo\/","title":{"rendered":"Isa\u00fa quer as UTIs do HM de Ji-Paran\u00e1 funcionando de novo"},"content":{"rendered":"<h3>&#8220;Estamos lutando para reabrir esses leitos&#8221;, disse Isa\u00fa, durante visita ao HM com vereadores e jornalistas.<\/h3>\n<p>No primeiro compromisso oficial como prefeito de Ji-Paran\u00e1, Isa\u00fa Fonseca (MDB) visitou, na manh\u00e3 desta ter\u00e7a-feira (5), as depend\u00eancias do Hospital Municipal doutor Claudionor Couto Roriz. O prefeito estava acompanhado do vice-prefeito, vereadores e jornalistas.<\/p>\n<p>A vistoria no HM foi para mostrar as condi\u00e7\u00f5es em que Isa\u00fa Fonseca assumiu a Sa\u00fade em Ji-Paran\u00e1, em especial, a situa\u00e7\u00e3o dos leitos de Unidade de Tratamento Intensivo (UTI) para enfrentamento do novo coronav\u00edrus (Covid-19), que est\u00e3o bloqueados desde o \u00faltimo dia 28, pouco mais de 20 dias ap\u00f3s a inaugura\u00e7\u00e3o da unidade.<\/p>\n<blockquote><p>Os leitos est\u00e3o bloqueados h\u00e1 cerca de uma semana por falta de medicamentos.<\/p><\/blockquote>\n<p>Os leitos est\u00e3o bloqueados h\u00e1 cerca de uma semana por falta de medicamentos. O espa\u00e7o contou com apoio do Governo Estadual, que destinou monitores e respiradores. Por\u00e9m, a falta de insumos fez com que a unidade parasse de receber pacientes. O prefeito de Ji-Paran\u00e1, Isa\u00fa Fonseca, criticou o modo como os leitos de UTI foram inaugurados pela antiga gest\u00e3o municipal.<\/p>\n<p>\u201cTodos os t\u00e9cnicos daqui, falaram que isso aconteceria [bloqueio dos leitos]. Mas o grande problema, \u00e9 que eles [antiga gest\u00e3o] esperavam que isso iria acontecer quando eu estivesse tomando posse, para que voc\u00eas da impressa falassem que eu sou incompetente e n\u00e3o dou conta de tocar uma UTI[&#8230;] Puxar uma faixa de uma placa, para dizer que est\u00e1 inaugurando uma UTI, \u00e9 muito simples. Mas isso \u00e9 brincar com a vida humana, brincar com a sa\u00fade do povo, um ato irrespons\u00e1vel\u201d, criticou Isa\u00fa.<\/p>\n<p>O Hospital Municipal de Ji-Paran\u00e1 conta com dez leitos de UTI, por\u00e9m apenas cinco estavam funcionando, sendo que s\u00f3 ficaram em atividade no per\u00edodo entre 4 e 28 de dezembro de 2020.<\/p>\n<p>Segundo a ex-titular interina da Secretaria Municipal de Sa\u00fade (Semusa), Franciany Chagas Ribeiro Brasil, a a\u00e7\u00e3o de bloquear os leitos de UTI foi tomada ap\u00f3s decis\u00e3o entre o corpo t\u00e9cnico respons\u00e1vel pela unidade.<\/p>\n<p>\u201cN\u00e3o \u00e9 apenas uma medica\u00e7\u00e3o, s\u00e3o v\u00e1rias medica\u00e7\u00f5es [que est\u00e3o em falta]. S\u00e3o medica\u00e7\u00f5es que mant\u00e9m o paciente sedado, como bloqueadores neuromusculares, medica\u00e7\u00f5es essenciais para manter o paciente e fazer o tratamento intensivo desse paciente\u201d, explicou Franciany.<\/p>\n<p>A nova respons\u00e1vel pela Semusa, Eliane Pereira Dias Cruz, destacou o potencial da equipe que trabalha no HM, mas, criticou a falta de estrutura e tamb\u00e9m dos insumos dispon\u00edveis na unidade de sa\u00fade.<\/p>\n<p>\u201cO nosso grande desafio \u00e9 tratar bem as pessoas que nos procuram, dando o melhor que a gente tem. Isso \u00e9 o que eu quero e que todos de Ji-Paran\u00e1 tamb\u00e9m querem. Vamos procurar acolher bem as pessoas, como todos n\u00f3s merecemos\u201d, enfatizou Eliane.<\/p>\n<p>Isa\u00fa Fonseca fez quest\u00e3o de destacar a Sa\u00fade como prioridade m\u00e1xima na Nova Ji-Paran\u00e1 e que vai trabalhar duro para reinaugurar os leitos de UTI, sem que as unidades sejam novamente bloqueadas por falta de medicamentos. O prefeito tamb\u00e9m ressaltou que n\u00e3o pensa em um novo lockdown no munic\u00edpio.<\/p>\n<p>\u201cEstamos lutando, diuturnamente, para que possamos reabrir esses leitos e n\u00e3o fechar mais. Vamos fazer de tudo para que o com\u00e9rcio de nossa cidade n\u00e3o feche. Para isso, vamos fazer um ato preventivo, em toda a cidade. Mas tamb\u00e9m quero pedir para que a popula\u00e7\u00e3o se cuide, pois o caso est\u00e1 se agravando cada dia mais. N\u00f3s estamos em uma uni\u00e3o de esfor\u00e7os, com toda a Prefeitura voltada \u00e0 sa\u00fade p\u00fablica. Determinei que todo secret\u00e1rio se mantenha atendo \u00e0 sa\u00fade, para que possamos devolver e entregar ao povo a tranquilidade\u201d, determinou Isa\u00fa.<\/p>\n","protected":false},"excerpt":{"rendered":"<div class=\"mh-excerpt\"><p>&#8220;Estamos lutando para reabrir esses leitos&#8221;, disse Isa\u00fa, durante visita ao HM com vereadores e jornalistas.<\/p>\n<\/div>","protected":false},"author":1,"featured_media":30743,"comment_status":"open","ping_status":"closed","sticky":false,"template":"","format":"standard","meta":{"footnotes":""},"categories":[9],"tags":[1653,5493,6770,4860],"class_list":["post-30742","post","type-post","status-publish","format-standard","has-post-thumbnail","hentry","category-politica","tag-hm","tag-isau","tag-reabrir","tag-uti"],"_links":{"self":[{"href":"https:\/\/folhaderondonianews.com\/news\/wp-json\/wp\/v2\/posts\/30742","targetHints":{"allow":["GET"]}}],"collection":[{"href":"https:\/\/folhaderondonianews.com\/news\/wp-json\/wp\/v2\/posts"}],"about":[{"href":"https:\/\/folhaderondonianews.com\/news\/wp-json\/wp\/v2\/types\/post"}],"author":[{"embeddable":true,"href":"https:\/\/folhaderondonianews.com\/news\/wp-json\/wp\/v2\/users\/1"}],"replies":[{"embeddable":true,"href":"https:\/\/folhaderondonianews.com\/news\/wp-json\/wp\/v2\/comments?post=30742"}],"version-history":[{"count":0,"href":"https:\/\/folhaderondonianews.com\/news\/wp-json\/wp\/v2\/posts\/30742\/revisions"}],"wp:featuredmedia":[{"embeddable":true,"href":"https:\/\/folhaderondonianews.com\/news\/wp-json\/wp\/v2\/media\/30743"}],"wp:attachment":[{"href":"https:\/\/folhaderondonianews.com\/news\/wp-json\/wp\/v2\/media?parent=30742"}],"wp:term":[{"taxonomy":"category","embeddable":true,"href":"https:\/\/folhaderondonianews.com\/news\/wp-json\/wp\/v2\/categories?post=30742"},{"taxonomy":"post_tag","embeddable":true,"href":"https:\/\/folhaderondonianews.com\/news\/wp-json\/wp\/v2\/tags?post=30742"}],"curies":[{"name":"wp","href":"https:\/\/api.w.org\/{rel}","templated":true}]}}