{"id":30991,"date":"2021-02-14T19:13:21","date_gmt":"2021-02-14T23:13:21","guid":{"rendered":"https:\/\/folhaderondonianews.com\/news\/?p=30991"},"modified":"2021-02-14T19:29:09","modified_gmt":"2021-02-14T23:29:09","slug":"isau-faz-exames-para-saber-como-esta-o-coracao","status":"publish","type":"post","link":"https:\/\/folhaderondonianews.com\/news\/2021\/02\/14\/isau-faz-exames-para-saber-como-esta-o-coracao\/","title":{"rendered":"Isa\u00fa faz exames para saber como est\u00e1 o cora\u00e7\u00e3o"},"content":{"rendered":"<h3>O prefeito de Ji-Paran\u00e1 aproveita feriado prolongado para submeter-se\u00a0 a exames em S\u00e3o Paulo para cuidar da sa\u00fade.<\/h3>\n<p>O prefeito de Ji-Paran\u00e1 Isa\u00fa Fonseca (MDB) est\u00e1 em S\u00e3o Paulo para fazer uma bateria de exames para saber com est\u00e1 o cora\u00e7\u00e3o. Ele aproveitou o feriado prolongado de Carnaval e o convite de um amigo para sanar todas as d\u00favidas quanto ao problema card\u00edaco que se apresentou no \u00faltimo m\u00eas. Isa\u00fa est\u00e1 desde de a \u00faltima sexta-feira em SP.<\/p>\n<p>Conforme apurou a <strong>Folha de Rond\u00f4nia News,<\/strong>\u00a0 Ele n\u00e3o est\u00e1 hospitalizado, j\u00e1 fez a bateria de exames num dos centros num dos centros mais especializados da Am\u00e9rica do Sul: o hospital S\u00edrio Liban\u00eas.<\/p>\n<p>&#8220;Amanh\u00e3 ele tem uma revis\u00e3o e, na ter\u00e7a-feira, o mais tardar. na Quarta-Feira de Cinzas, j\u00e1 estar\u00e1 de volta&#8221;, revelou a fonte.<\/p>\n<p>Essa informa\u00e7\u00e3o foi confirmada pelo vice-prefeito Joaquim Teixeira (MDB), que dever\u00e1 fazer um pronunciamento oficial.<\/p>\n<p>&#8220;Isa\u00fa est\u00e1 bem, inclusive, bem precavido, por isso que ele aproveitou este memento para cuidar da sa\u00fade&#8221;, comentou Joaquim Teixeira.<\/p>\n<p><a href=\"https:\/\/folhaderondonianews.com\/news\/2021\/01\/28\/atendimento-as-pressas-salva-isau-de-um-infarto\/\">No \u00faltimo dia 28 Isa\u00fa Fonseca passa mal e \u00e9 submetido a um exame de cateterismo de emerg\u00eancia para descobrir\u00a0 poss\u00edveis obstru\u00e7\u00f5es.\u00a0<\/a><\/p>\n<p>&nbsp;<\/p>\n","protected":false},"excerpt":{"rendered":"<div class=\"mh-excerpt\"><p>O prefeito de Ji-Paran\u00e1 aproveita feriado prolongado para submeter-se\u00a0 a exames em S\u00e3o Paulo para cuidar da sa\u00fade.\u00a0<\/p>\n<\/div>","protected":false},"author":1,"featured_media":30992,"comment_status":"open","ping_status":"closed","sticky":false,"template":"","format":"standard","meta":{"footnotes":""},"categories":[9],"tags":[4941,1460,5493,99,228,2820],"class_list":["post-30991","post","type-post","status-publish","format-standard","has-post-thumbnail","hentry","category-politica","tag-coracao","tag-folha-de-rondonia-news","tag-isau","tag-ji-parana","tag-prefeito","tag-sao-paulo"],"_links":{"self":[{"href":"https:\/\/folhaderondonianews.com\/news\/wp-json\/wp\/v2\/posts\/30991","targetHints":{"allow":["GET"]}}],"collection":[{"href":"https:\/\/folhaderondonianews.com\/news\/wp-json\/wp\/v2\/posts"}],"about":[{"href":"https:\/\/folhaderondonianews.com\/news\/wp-json\/wp\/v2\/types\/post"}],"author":[{"embeddable":true,"href":"https:\/\/folhaderondonianews.com\/news\/wp-json\/wp\/v2\/users\/1"}],"replies":[{"embeddable":true,"href":"https:\/\/folhaderondonianews.com\/news\/wp-json\/wp\/v2\/comments?post=30991"}],"version-history":[{"count":0,"href":"https:\/\/folhaderondonianews.com\/news\/wp-json\/wp\/v2\/posts\/30991\/revisions"}],"wp:featuredmedia":[{"embeddable":true,"href":"https:\/\/folhaderondonianews.com\/news\/wp-json\/wp\/v2\/media\/30992"}],"wp:attachment":[{"href":"https:\/\/folhaderondonianews.com\/news\/wp-json\/wp\/v2\/media?parent=30991"}],"wp:term":[{"taxonomy":"category","embeddable":true,"href":"https:\/\/folhaderondonianews.com\/news\/wp-json\/wp\/v2\/categories?post=30991"},{"taxonomy":"post_tag","embeddable":true,"href":"https:\/\/folhaderondonianews.com\/news\/wp-json\/wp\/v2\/tags?post=30991"}],"curies":[{"name":"wp","href":"https:\/\/api.w.org\/{rel}","templated":true}]}}