{"id":31156,"date":"2021-03-15T03:59:43","date_gmt":"2021-03-15T07:59:43","guid":{"rendered":"https:\/\/folhaderondonianews.com\/news\/?p=31156"},"modified":"2021-03-15T03:59:43","modified_gmt":"2021-03-15T07:59:43","slug":"capacete-ajuda-oxigenar-pacientes-com-a-covid","status":"publish","type":"post","link":"https:\/\/folhaderondonianews.com\/news\/2021\/03\/15\/capacete-ajuda-oxigenar-pacientes-com-a-covid\/","title":{"rendered":"&#8216;Capacete&#8217; ajuda oxigenar pacientes com a Covid"},"content":{"rendered":"<h2 class=\"x_MsoNormal\">Os capacetes CPAPs s\u00e3o a primeira op\u00e7\u00e3o para auxiliar na estabiliza\u00e7\u00e3o da oxigena\u00e7\u00e3o dos pacientes.<\/h2>\n<p class=\"x_MsoNormal\">Os capacetes de press\u00e3o positiva cont\u00ednua (CPAPs, na sigla em ingl\u00eas) t\u00eam auxiliado na melhor oxigena\u00e7\u00e3o de pacientes em tratamento contra o novo coronav\u00edrus (Covid-19). O aparelho \u00e9 utilizado como suporte ventilat\u00f3rio n\u00e3o invasivo (VNI), ou seja, sem a necessidade de intuba\u00e7\u00e3o.<\/p>\n<p class=\"x_MsoNormal\">Segundo o m\u00e9dico e diretor t\u00e9cnico do Hospital Municipal Dr. Claudionor Couto Roriz, Hendriw de Souza Ribeiro, os capacetes CPAPs s\u00e3o a primeira op\u00e7\u00e3o para auxiliar na estabiliza\u00e7\u00e3o da oxigena\u00e7\u00e3o dos pacientes.<\/p>\n<p class=\"x_MsoNormal\">\u201cO capacete CPAP \u00e9 a nossa primeira op\u00e7\u00e3o para tentarmos estabilizar os pacientes, por meio da ventila\u00e7\u00e3o n\u00e3o invasiva, evitando os riscos da ventila\u00e7\u00e3o mec\u00e2nica invasiva. Esse aparelho auxilia a respira\u00e7\u00e3o do paciente, de maneira externa, sem a necessidade de intuba\u00e7\u00e3o\u201d, detalhou o diretor do HM.<\/p>\n<p class=\"x_MsoNormal\">O capacete CPAP melhora os n\u00edveis de satura\u00e7\u00e3o de oxig\u00eanio no sangue, al\u00e9m de aliviar o desconforto respirat\u00f3rio dos pacientes. Com o aparelho, essas pessoas n\u00e3o precisam ser sedadas, mantendo-as conscientes durante o per\u00edodo de tratamento da doen\u00e7a.<\/p>\n<p class=\"x_MsoNormal\">\u201cUtilizando o CPAP, o paciente n\u00e3o \u00e9 sedado e continua respondendo aos est\u00edmulos. Caso a oxigena\u00e7\u00e3o dos pacientes n\u00e3o se estabilize com o CPAP, a\u00ed sim, partimos para a ventila\u00e7\u00e3o mec\u00e2nica invasiva, com a necessidade de intuba\u00e7\u00e3o dos pacientes\u201d, explicou Hendriw Ribeiro.<\/p>\n<h3 class=\"x_MsoNormal\">Doa\u00e7\u00f5es<\/h3>\n<p class=\"x_MsoNormal\">Recentemente, a Prefeitura de Ji-Paran\u00e1, por meio da Secretaria Municipal de Sa\u00fade (Semusa), recebeu a doa\u00e7\u00e3o de 15 unidades de capacetes CPAPs. Os aparelhos foram doados pela cooperativa de cr\u00e9dito Sicoob Centro, Ordem de Ministros de Ji-Paran\u00e1, Segunda Igreja Batista e pela empresa Casa da Sogra, al\u00e9m de um doador que preferiu n\u00e3o se identificar.<\/p>\n<p class=\"x_MsoNormal\">\u201cEstamos enfrentando um momento muito dif\u00edcil, onde a ajuda de todos sempre ser\u00e1 bem-vinda. Estas pessoas e empresas, que est\u00e3o doando os aparelhos, n\u00e3o est\u00e3o ajudando a Prefeitura ou a Semusa. Na verdade, eles est\u00e3o ajudando a nossa cidade, auxiliando na Sa\u00fade de nossa popula\u00e7\u00e3o\u201d, agradeceu Ivo da Silva, titular da Semusa.<\/p>\n<p class=\"x_MsoNormal\">Empres\u00e1rios ou qualquer morador de Ji-Paran\u00e1, que tenha interesse em realizar alguma doa\u00e7\u00e3o para auxiliar no combate \u00e0 Covid-19, podem procurar a sede da Semusa ou entrar em contato pelo telefone: 3416-4052, das 7h30 \u00e0s 12h30.<\/p>\n","protected":false},"excerpt":{"rendered":"<div class=\"mh-excerpt\"><p>Os capacetes CPAPs s\u00e3o a primeira op\u00e7\u00e3o para auxiliar na estabiliza\u00e7\u00e3o da oxigena\u00e7\u00e3o dos pacientes.<\/p>\n<\/div>","protected":false},"author":1,"featured_media":31159,"comment_status":"open","ping_status":"closed","sticky":false,"template":"","format":"standard","meta":{"footnotes":""},"categories":[9],"tags":[],"class_list":["post-31156","post","type-post","status-publish","format-standard","has-post-thumbnail","hentry","category-politica"],"_links":{"self":[{"href":"https:\/\/folhaderondonianews.com\/news\/wp-json\/wp\/v2\/posts\/31156","targetHints":{"allow":["GET"]}}],"collection":[{"href":"https:\/\/folhaderondonianews.com\/news\/wp-json\/wp\/v2\/posts"}],"about":[{"href":"https:\/\/folhaderondonianews.com\/news\/wp-json\/wp\/v2\/types\/post"}],"author":[{"embeddable":true,"href":"https:\/\/folhaderondonianews.com\/news\/wp-json\/wp\/v2\/users\/1"}],"replies":[{"embeddable":true,"href":"https:\/\/folhaderondonianews.com\/news\/wp-json\/wp\/v2\/comments?post=31156"}],"version-history":[{"count":0,"href":"https:\/\/folhaderondonianews.com\/news\/wp-json\/wp\/v2\/posts\/31156\/revisions"}],"wp:featuredmedia":[{"embeddable":true,"href":"https:\/\/folhaderondonianews.com\/news\/wp-json\/wp\/v2\/media\/31159"}],"wp:attachment":[{"href":"https:\/\/folhaderondonianews.com\/news\/wp-json\/wp\/v2\/media?parent=31156"}],"wp:term":[{"taxonomy":"category","embeddable":true,"href":"https:\/\/folhaderondonianews.com\/news\/wp-json\/wp\/v2\/categories?post=31156"},{"taxonomy":"post_tag","embeddable":true,"href":"https:\/\/folhaderondonianews.com\/news\/wp-json\/wp\/v2\/tags?post=31156"}],"curies":[{"name":"wp","href":"https:\/\/api.w.org\/{rel}","templated":true}]}}