{"id":31175,"date":"2021-03-15T15:07:59","date_gmt":"2021-03-15T19:07:59","guid":{"rendered":"https:\/\/folhaderondonianews.com\/news\/?p=31175"},"modified":"2021-03-15T15:10:31","modified_gmt":"2021-03-15T19:10:31","slug":"ji-parana-com-toque-de-recolher-aos-fins-de-semana","status":"publish","type":"post","link":"https:\/\/folhaderondonianews.com\/news\/2021\/03\/15\/ji-parana-com-toque-de-recolher-aos-fins-de-semana\/","title":{"rendered":"Ji-Paran\u00e1 com toque de recolher aos fins de semana"},"content":{"rendered":"<div class=\"_3FAYod7kjH9o5HZX_Phvf6 allowTextSelection\">\n<div class=\"R1HJHZGdYNQQM8ygXI5c6\">\n<div class=\"_3tBxnKAWFWDe41Zarl9mN\">\n<div>\n<div>\n<div data-automation-id=\"visibleContent\">\n<div class=\"ms-FocusZone css-57 ms-CommandBar _3CHzUb8E75dSDcMFHT_8Qx root-184\" role=\"menubar\" aria-label=\"A\u00e7\u00f5es de mensagem\" data-focuszone-id=\"FocusZone1455\">\n<div class=\"ms-OverflowSet ms-CommandBar-primaryCommand eeijf3m13i_oYyGsPmueH primarySet-71\" role=\"none\">\n<div class=\"ms-OverflowSet-item item-72\">\n<h2 class=\"ms-TooltipHost root-185\">O isolamento social tempor\u00e1ria \u00e9 parte das explica\u00e7\u00f5es e recomenda\u00e7\u00f5es feitas em coletiva de imprensa como forma de combate ao avan\u00e7o da Covid-19.<\/h2>\n<\/div>\n<\/div>\n<\/div>\n<\/div>\n<\/div>\n<\/div>\n<\/div>\n<\/div>\n<\/div>\n<div class=\"_3U2q6dcdZCrTrR_42Nxby JWNdg1hee9_Rz6bIGvG1c allowTextSelection\">\n<div>\n<div class=\"rps_e280\">\n<div>\n<div dir=\"ltr\">\n<p class=\"x_MsoNormal\">O Prefeito de Ji-Paran\u00e1, Isa\u00fa Fonseca (MDB), concedeu entrevista coletiva, na manh\u00e3 desta segunda-feira (15), na sede da Secretaria Municipal de Sa\u00fade (Semusa), para falar sobre as medidas tempor\u00e1rias de isolamento social, visando o combate ao novo coronav\u00edrus (Covid-19) no munic\u00edpio. O titular da Semusa, Ivo da Silva, o diretor do Departamento de Vigil\u00e2ncia Sanit\u00e1ria, Antelmo Ferreira, e o diretor t\u00e9cnico do Hospital Municipal Dr. Claudionor Couto Roriz, Hendriw de Souza Ribeiro, tamb\u00e9m participaram da entrevista.<\/p>\n<p class=\"x_MsoNormal\">Na oportunidade, Isa\u00fa Fonseca esclareceu d\u00favidas sobre o Decreto Municipal N.\u00ba 14.860, de 11 de mar\u00e7o de 2021, que segue as determina\u00e7\u00f5es do Governo de Rond\u00f4nia, por meio do Decreto Estadual N.\u00ba 25.859, publicado em 6 de mar\u00e7o.<\/p>\n<p class=\"x_MsoNormal\">Segundo as novas normas, munic\u00edpios enquadrados nas fases I, II e III do \u2018Plano Todos por Rond\u00f4nia\u2019, devem restringir a locomo\u00e7\u00e3o e a circula\u00e7\u00e3o de pessoas durante os fins de semana, do per\u00edodo entre 21h de sexta-feira at\u00e9 as 6h de segunda, al\u00e9m do fechamento do com\u00e9rcio considerado n\u00e3o essencial durante este per\u00edodo.<\/p>\n<p class=\"x_MsoNormal\">\u201cA fiscaliza\u00e7\u00e3o j\u00e1 come\u00e7a na sexta-feira, levando em considera\u00e7\u00e3o o novo decreto. Usamos do bom senso, com as empresas que prontamente fecharam. Algumas empresas pequenas n\u00e3o estavam informadas. As grandes empresas estavam cientes, algumas fecharam e outras insistiram em ficar abertas, mas a lei \u00e9 para todos\u201d, explicou o diretor da Vigil\u00e2ncia Sanit\u00e1ria, Antelmo Ferreira.<\/p>\n<p class=\"x_MsoNormal\">O risco iminente do desabastecimento de oxig\u00eanio tamb\u00e9m foi um dos temas debatidos na reuni\u00e3o. Recentemente, a empresa respons\u00e1vel pelo fornecimento do material no Estado enviou um of\u00edcio ao Minist\u00e9rio da Sa\u00fade, explicando que s\u00f3 tinha insumos suficientes para fornecer oxig\u00eanio por mais 15 dias.<\/p>\n<p class=\"x_MsoNormal\">\u201cTemos que nos policiar, pois n\u00e3o sabemos o que pode acontecer no futuro. Podemos prever a falta de oxig\u00eanio e muitas mortes, se n\u00f3s n\u00e3o nos atentarmos \u00e0s aglomera\u00e7\u00f5es, festas clandestinas e o respeito ao protocolo do Governo\u201d, destacou o prefeito Isa\u00fa Fonseca.<\/p>\n<p class=\"x_MsoNormal\">O diretor t\u00e9cnico do HM, Hendriw Ribeiro, fez um alerta, destacando que o estoque de oxig\u00eanio do hospital poder\u00e1 acabar ainda nesta semana.\u00a0 Antes da pandemia, o consumo de oxig\u00eanio na unidade era de aproximadamente 150 metros c\u00fabicos (m\u00b3) por semana, atualmente a demanda di\u00e1ria se aproxima da marca de 600 m\u00b3 diariamente.<\/p>\n<p class=\"x_MsoNormal\">\u201cExiste um prazo, que \u00e9 nesta pr\u00f3xima quinta-feira [18]. Neste dia, \u00e9 o momento em que duas das maiores empresas, que fornecem oxig\u00eanio, informaram que acabar\u00e1 a mat\u00e9ria-prima para a fabrica\u00e7\u00e3o de oxig\u00eanio. Ent\u00e3o, a partir de agora \u00e9 tudo ou nada! Ou n\u00f3s partimos para tentar salvar a vida das pessoas, tomando medidas talvez um pouco dr\u00e1sticas, ou muita gente vai agonizar sem oxig\u00eanio. Quinta-feira \u00e9 o prazo\u201d, alertou o diretor.<\/p>\n<p class=\"x_MsoNormal\">O secret\u00e1rio da Semusa, Ivo Silva, destacou as a\u00e7\u00f5es promovidas pela pasta, em parceria com outros \u00f3rg\u00e3os da administra\u00e7\u00e3o municipal, para tentar frear o cont\u00e1gio da doen\u00e7a em Ji-Paran\u00e1, em especial sobre as orienta\u00e7\u00f5es de isolamento social, para as pessoas que testarem positivo para a Covid-19.<\/p>\n<p class=\"x_MsoNormal\">\u201cV\u00e1rias a\u00e7\u00f5es t\u00eam sido trabalhadas, para que possamos controlar essa pandemia. As normas do decreto, a\u00e7\u00f5es da vigil\u00e2ncia sanit\u00e1ria, a entrega incans\u00e1vel da equipe do Hospital Municipal e, em especial, os trabalhos de orienta\u00e7\u00e3o no sentido do isolamento\u201d, frisou o titular da Sa\u00fade.<\/p>\n<p class=\"x_MsoNormal\">Ivo da Silva tamb\u00e9m ressaltou sobre o caso do bairro Novo Bras\u00edlia, no segundo distrito de Ji-Paran\u00e1, que apresenta a maior incid\u00eancia de casos positivos de Covid-19. Segundo o \u00faltimo Boletim Epidemiol\u00f3gico do munic\u00edpio, publicado no domingo (14), Ji-Paran\u00e1 j\u00e1 registrou 11.265 casos, sendo que 1.466 destes foram no Nova Bras\u00edlia.<\/p>\n<p class=\"x_MsoNormal\">\u201cN\u00f3s temos um ponto de estrangulamento no bairro Novo Bras\u00edlia, que vai da T-4 at\u00e9 a T-7, onde temos Banco do Brasil, Caixa Econ\u00f4mica, Casa Lot\u00e9rica, supermercados de grande porte e uma grande quantidade de com\u00e9rcios, que fazem com que tenhamos uma aglomera\u00e7\u00e3o muito grande de pessoas\u201d, detalhou o secret\u00e1rio.<\/p>\n<\/div>\n<\/div>\n<\/div>\n<\/div>\n<\/div>\n","protected":false},"excerpt":{"rendered":"<div class=\"mh-excerpt\"><p>O isolamento social tempor\u00e1ria \u00e9 parte das explica\u00e7\u00f5es e recomenda\u00e7\u00f5es feitas em coletiva de imprensa como forma de combate o avan\u00e7o da Covid-19.<\/p>\n<\/div>","protected":false},"author":1,"featured_media":31176,"comment_status":"open","ping_status":"closed","sticky":false,"template":"","format":"standard","meta":{"footnotes":""},"categories":[9],"tags":[],"class_list":["post-31175","post","type-post","status-publish","format-standard","has-post-thumbnail","hentry","category-politica"],"_links":{"self":[{"href":"https:\/\/folhaderondonianews.com\/news\/wp-json\/wp\/v2\/posts\/31175","targetHints":{"allow":["GET"]}}],"collection":[{"href":"https:\/\/folhaderondonianews.com\/news\/wp-json\/wp\/v2\/posts"}],"about":[{"href":"https:\/\/folhaderondonianews.com\/news\/wp-json\/wp\/v2\/types\/post"}],"author":[{"embeddable":true,"href":"https:\/\/folhaderondonianews.com\/news\/wp-json\/wp\/v2\/users\/1"}],"replies":[{"embeddable":true,"href":"https:\/\/folhaderondonianews.com\/news\/wp-json\/wp\/v2\/comments?post=31175"}],"version-history":[{"count":0,"href":"https:\/\/folhaderondonianews.com\/news\/wp-json\/wp\/v2\/posts\/31175\/revisions"}],"wp:featuredmedia":[{"embeddable":true,"href":"https:\/\/folhaderondonianews.com\/news\/wp-json\/wp\/v2\/media\/31176"}],"wp:attachment":[{"href":"https:\/\/folhaderondonianews.com\/news\/wp-json\/wp\/v2\/media?parent=31175"}],"wp:term":[{"taxonomy":"category","embeddable":true,"href":"https:\/\/folhaderondonianews.com\/news\/wp-json\/wp\/v2\/categories?post=31175"},{"taxonomy":"post_tag","embeddable":true,"href":"https:\/\/folhaderondonianews.com\/news\/wp-json\/wp\/v2\/tags?post=31175"}],"curies":[{"name":"wp","href":"https:\/\/api.w.org\/{rel}","templated":true}]}}