{"id":31179,"date":"2021-03-15T19:06:31","date_gmt":"2021-03-15T23:06:31","guid":{"rendered":"https:\/\/folhaderondonianews.com\/news\/?p=31179"},"modified":"2021-03-15T19:16:06","modified_gmt":"2021-03-15T23:16:06","slug":"bolsonaro-decide-colocar-queiroga-no-lugar-pazuello","status":"publish","type":"post","link":"https:\/\/folhaderondonianews.com\/news\/2021\/03\/15\/bolsonaro-decide-colocar-queiroga-no-lugar-pazuello\/","title":{"rendered":"Bolsonaro decide colocar Queiroga no lugar Pazuello"},"content":{"rendered":"<h2>O presidente Jair Bolsonaro informou agora h\u00e1 pouco para apoiadores escolheu o m\u00e9dico Marcelo Queiroga para substituir Eduardo Pazuello como ministro da Sa\u00fade.<\/h2>\n<h6>Com informa\u00e7\u00f5es<br \/>\ndo G1 e Ultimo Segundo<\/h6>\n<p>Queiroga se reuniu na tarde desta segunda-feira (15) com o presidente Bolsonaro no Pal\u00e1cio do Planalto. Segundo assegurou o presidente, a nomea\u00e7\u00e3o de Queiroga ser\u00e1 publicada na edi\u00e7\u00e3o desta ter\u00e7a-feira do &#8220;<strong>Di\u00e1rio Oficial da Uni\u00e3o<\/strong>&#8220;.<\/p>\n<div class=\"mc-column content-text active-extra-styles \" data-block-type=\"unstyled\" data-block-weight=\"82\" data-block-id=\"4\">\n<p class=\"content-text__container \" data-track-category=\"Link no Texto\" data-track-links=\"\">&#8220;Foi decidido agora \u00e0 tarde a indica\u00e7\u00e3o do m\u00e9dico, doutor <strong>Marcelo Queiroga,<\/strong> para o Minist\u00e9rio da Sa\u00fade. Ele \u00e9 presidente da Sociedade Brasileira de Cardiologia. A conversa foi excelente, j\u00e1 conhecia h\u00e1 alguns anos, ent\u00e3o n\u00e3o \u00e9 uma pessoa que tomei conhecimento h\u00e1 poucos dias. Tem tudo no meu entender para fazer um bom trabalho, dando prosseguimento em tudo que o Pazuello fez at\u00e9 hoje&#8221;, afirmou Bolsonaro a apoiadores ao chegar no in\u00edcio da noite \u00e0 resid\u00eancia oficial do Pal\u00e1cio da Alvorada.<\/p>\n<\/div>\n<div class=\"mc-column content-text active-extra-styles \" data-block-type=\"unstyled\" data-block-weight=\"53\" data-block-id=\"5\">\n<p class=\"content-text__container \" data-track-category=\"Link no Texto\" data-track-links=\"\">Antes de se reunir com Queiroga, Bolsonaro conversou no domingo e nesta segunda com a m\u00e9dica Ludhmila Hajjar. Mas a negocia\u00e7\u00e3o fracassou, e a m\u00e9dica afirmou que n\u00e3o aceitaria convite para se tornar ministra. A m\u00e9dica, que se especializou no tratamento da Covid, afirmou que n\u00e3o houve &#8220;converg\u00eancia t\u00e9cnica&#8221; entre ela e Bolsonaro.<\/p>\n<\/div>\n","protected":false},"excerpt":{"rendered":"<div class=\"mh-excerpt\"><p>O presidente Jair Bolsonaro informou agora h\u00e1 pouco para apoiadores escolheu o m\u00e9dico Marcelo Queiroga para substituir Eduardo Pazuello como ministro da Sa\u00fade.<\/p>\n<\/div>","protected":false},"author":1,"featured_media":31180,"comment_status":"open","ping_status":"closed","sticky":false,"template":"","format":"standard","meta":{"footnotes":""},"categories":[9],"tags":[4536,6480,1823,6838],"class_list":["post-31179","post","type-post","status-publish","format-standard","has-post-thumbnail","hentry","category-politica","tag-diario-oficial-da-uniao","tag-eduardo-pazuello","tag-jair-bolsonaro","tag-marcelo-queiroga"],"_links":{"self":[{"href":"https:\/\/folhaderondonianews.com\/news\/wp-json\/wp\/v2\/posts\/31179","targetHints":{"allow":["GET"]}}],"collection":[{"href":"https:\/\/folhaderondonianews.com\/news\/wp-json\/wp\/v2\/posts"}],"about":[{"href":"https:\/\/folhaderondonianews.com\/news\/wp-json\/wp\/v2\/types\/post"}],"author":[{"embeddable":true,"href":"https:\/\/folhaderondonianews.com\/news\/wp-json\/wp\/v2\/users\/1"}],"replies":[{"embeddable":true,"href":"https:\/\/folhaderondonianews.com\/news\/wp-json\/wp\/v2\/comments?post=31179"}],"version-history":[{"count":0,"href":"https:\/\/folhaderondonianews.com\/news\/wp-json\/wp\/v2\/posts\/31179\/revisions"}],"wp:featuredmedia":[{"embeddable":true,"href":"https:\/\/folhaderondonianews.com\/news\/wp-json\/wp\/v2\/media\/31180"}],"wp:attachment":[{"href":"https:\/\/folhaderondonianews.com\/news\/wp-json\/wp\/v2\/media?parent=31179"}],"wp:term":[{"taxonomy":"category","embeddable":true,"href":"https:\/\/folhaderondonianews.com\/news\/wp-json\/wp\/v2\/categories?post=31179"},{"taxonomy":"post_tag","embeddable":true,"href":"https:\/\/folhaderondonianews.com\/news\/wp-json\/wp\/v2\/tags?post=31179"}],"curies":[{"name":"wp","href":"https:\/\/api.w.org\/{rel}","templated":true}]}}