{"id":31401,"date":"2021-04-05T23:28:06","date_gmt":"2021-04-06T03:28:06","guid":{"rendered":"https:\/\/folhaderondonianews.com\/news\/?p=31401"},"modified":"2021-04-05T23:28:06","modified_gmt":"2021-04-06T03:28:06","slug":"brasil-registra-1a-queda-de-mortes-as-2as-apos-6-semanas","status":"publish","type":"post","link":"https:\/\/folhaderondonianews.com\/news\/2021\/04\/05\/brasil-registra-1a-queda-de-mortes-as-2as-apos-6-semanas\/","title":{"rendered":"Brasil registra 1\u00aa queda de mortes \u00e0s 2\u00aas ap\u00f3s 6 semanas"},"content":{"rendered":"<div class=\"subtitle subtitle--M\">\n<h2>N\u00fameros de hoje ca\u00edram em rela\u00e7\u00e3o \u00e0 segunda-feira da \u00faltima semana.<\/h2>\n<p class=\"text\">O Brasil registrou mais 1.319 mortes e 28.645 casos de dovid-19 em 24 horas, informou o Conselho Nacional de Secret\u00e1rios de Sa\u00fade (<strong>Conass<\/strong>) nesta segunda-feira (5). Com os dados, o Pa\u00eds soma 13.013.601 cont\u00e1gios confirmados e 332.752 v\u00edtimas desde o in\u00edcio da pandemia.<\/p>\n<p class=\"text\">Os n\u00fameros representam uma queda nos dados em rela\u00e7\u00e3o \u00e0s \u00faltimas seis\u00a0segundas-feiras: 528 \u00f3bitos no dia 15 de fevereiro, 639 em 22 de fevereiro, 778 em\u00a01\u00ba de mar\u00e7o,\u00a0\u00a0987 em 8 de mar\u00e7o, 1.057 em 15 de mar\u00e7o, 1.383 no dia 22 de mar\u00e7o e 1.660 na segunda passada.<\/p>\n<p class=\"text\">Domingos e segundas-feiras s\u00e3o os dias de menor notifica\u00e7\u00e3o por conta da demora das secretarias de sa\u00fade dos estados repassarem os n\u00fameros. No entanto, os dados do Cear\u00e1 n\u00e3o foram revelados por problemas t\u00e9cnicos.<\/p>\n<p class=\"text\">As m\u00e9dias dos \u00faltimos sete dias de falecimentos e infec\u00e7\u00f5es registraram uma queda, atingindo 2.698 e 62.855, respectivamente.<\/p>\n<p class=\"text\">O estado de S\u00e3o Paulo continua sendo o que mais contabiliza contamina\u00e7\u00f5es (2.532.047) e v\u00edtimas (77.165) quando considerados os n\u00fameros totais.<\/p>\n<p class=\"text\">Nos \u00f3bitos, o segundo lugar fica com o Rio de Janeiro (37.693), seguido por Minas Gerais (25.713), Rio Grande do Sul (20.600) e Paran\u00e1 (17.405). J\u00e1 nos casos, aparecem na sequ\u00eancia Minas Gerais (1.159.039), Rio Grande do Sul (860.924) e Paran\u00e1 (860.424).<\/p>\n<p class=\"text\">No entanto, o estado fluminense \u00e9 o que tem a maior taxa de letalidade, com 5,7%, seguido por Pernambuco (3,5%), Amazonas (3,4%) e por S\u00e3o Paulo (3%). A m\u00e9dia nacional, por sua vez, aumentou de 2,5% para 2,6%.<\/p>\n<p class=\"text\"><strong>M\u00e9dia m\u00f3vel tamb\u00e9m registra queda<\/strong><\/p>\n<p class=\"text\">O Brasil registrou 1.623 novos \u00f3bitos em decorr\u00eancia da covid-19 nesta segunda-feira, 5, segundo dados reunidos pelo cons\u00f3rcio de ve\u00edculos de imprensa. A m\u00e9dia m\u00f3vel di\u00e1ria de mortes, que usa registros dos \u00faltimos sete dias, ficou em 2.698, quarto dia de queda no n\u00famero, que se mant\u00eam acima de 2 mil desde o dia 17 de mar\u00e7o.<\/p>\n<p class=\"text\">Em feriados e fins de semana, os registros apresentam tend\u00eancia de redu\u00e7\u00e3o em rela\u00e7\u00e3o aos dados normais de dias \u00fateis, o que pode n\u00e3o representar uma diminui\u00e7\u00e3o real de casos. Os dados di\u00e1rios nacionais s\u00e3o do cons\u00f3rcio de ve\u00edculos de imprensa, formado por <em>Estad\u00e3o, G1, O Globo, Extra, Folha <\/em>e <em>UOL<\/em> em parceria com 27 secretarias estaduais de Sa\u00fade. No total, o Pa\u00eds chegou nesta segunda-feira a 333.153 mortes.<\/p>\n<p class=\"text\">Os n\u00fameros desta segunda-feira mostram 39.629 novos casos confirmados, fazendo o total chegar a 13.023.189. Segundo dados do Minist\u00e9rio da Sa\u00fade, o Pa\u00eds tem 11.436.189 pessoas recuperadas da doen\u00e7a e 1.244.660 em acompanhamento m\u00e9dico. O cen\u00e1rio da pandemia continua preocupante nas cidades brasileiras, que viveram em mar\u00e7o o m\u00eas mais letal de todo o per\u00edodo at\u00e9 aqui. Uma proje\u00e7\u00e3o que o Brasil pode chegar a julho com mais de 560 mil mortes.<\/p>\n<p class=\"text\"><em>Com informa\u00e7\u00f5es da Ansa e Estad\u00e3o Conte\u00fado.<\/em><\/p>\n<\/div>\n","protected":false},"excerpt":{"rendered":"<div class=\"mh-excerpt\"><p>N\u00fameros de hoje ca\u00edram em rela\u00e7\u00e3o \u00e0 segunda-feira da \u00faltima semana.<\/p>\n<\/div>","protected":false},"author":1,"featured_media":31402,"comment_status":"open","ping_status":"closed","sticky":false,"template":"","format":"standard","meta":{"footnotes":""},"categories":[5],"tags":[6224,6890,6223,1180,3148],"class_list":["post-31401","post","type-post","status-publish","format-standard","has-post-thumbnail","hentry","category-brasil","tag-covid-19","tag-numeros","tag-pandemia","tag-queda","tag-vacina"],"_links":{"self":[{"href":"https:\/\/folhaderondonianews.com\/news\/wp-json\/wp\/v2\/posts\/31401","targetHints":{"allow":["GET"]}}],"collection":[{"href":"https:\/\/folhaderondonianews.com\/news\/wp-json\/wp\/v2\/posts"}],"about":[{"href":"https:\/\/folhaderondonianews.com\/news\/wp-json\/wp\/v2\/types\/post"}],"author":[{"embeddable":true,"href":"https:\/\/folhaderondonianews.com\/news\/wp-json\/wp\/v2\/users\/1"}],"replies":[{"embeddable":true,"href":"https:\/\/folhaderondonianews.com\/news\/wp-json\/wp\/v2\/comments?post=31401"}],"version-history":[{"count":0,"href":"https:\/\/folhaderondonianews.com\/news\/wp-json\/wp\/v2\/posts\/31401\/revisions"}],"wp:featuredmedia":[{"embeddable":true,"href":"https:\/\/folhaderondonianews.com\/news\/wp-json\/wp\/v2\/media\/31402"}],"wp:attachment":[{"href":"https:\/\/folhaderondonianews.com\/news\/wp-json\/wp\/v2\/media?parent=31401"}],"wp:term":[{"taxonomy":"category","embeddable":true,"href":"https:\/\/folhaderondonianews.com\/news\/wp-json\/wp\/v2\/categories?post=31401"},{"taxonomy":"post_tag","embeddable":true,"href":"https:\/\/folhaderondonianews.com\/news\/wp-json\/wp\/v2\/tags?post=31401"}],"curies":[{"name":"wp","href":"https:\/\/api.w.org\/{rel}","templated":true}]}}