{"id":31501,"date":"2021-04-20T08:55:49","date_gmt":"2021-04-20T12:55:49","guid":{"rendered":"https:\/\/folhaderondonianews.com\/news\/?p=31501"},"modified":"2021-04-20T08:55:49","modified_gmt":"2021-04-20T12:55:49","slug":"especialistas-criticam-tratamento-preventivo-da-covid-19","status":"publish","type":"post","link":"https:\/\/folhaderondonianews.com\/news\/2021\/04\/20\/especialistas-criticam-tratamento-preventivo-da-covid-19\/","title":{"rendered":"Especialistas criticam tratamento preventivo da Covid-19"},"content":{"rendered":"<h2 class=\"x_MsoNormal\">A padroniza\u00e7\u00e3o terap\u00eautica em UTIs tamb\u00e9m foi debatida na audi\u00eancia desta segunda-feira<\/h2>\n<p class=\"x_MsoNormal\">O debate virtual sobre os protocolos para o tratamento dos infectados pela Covid-19, ocorrido nesta segunda-feira (19), em audi\u00eancia p\u00fablica na Comiss\u00e3o Tempor\u00e1ria da Covid-19 (CTCovid-19), com representantes do Conselho Federal de Medicina (CFM), do Instituto Quest\u00e3o de Ci\u00eancia (IQC), da Funda\u00e7\u00e3o Oswaldo Cruz, e especialista na \u00e1rea de medicina intensiva, foi esclarecedor e muito oportuno, afirmou o senador Conf\u00facio Moura (MDB-RO).<\/p>\n<p class=\"x_MsoNormal\">\n<p class=\"x_MsoNormal\">Conf\u00facio Moura que \u00e9 o presidente do Colegiado, disse que atualmente a comiss\u00e3o agora est\u00e1 focada em resultados pr\u00e1ticos e que chegou a hora de resolver as pend\u00eancias de ordem pr\u00e1tica para obter solu\u00e7\u00f5es e fazer as cobran\u00e7as necess\u00e1rias ao Minist\u00e9rio da Sa\u00fade e a quem possa interessar.<\/p>\n<p class=\"x_MsoNormal\">\n<p class=\"x_MsoNormal\">O parlamentar afirmou que o kit intuba\u00e7\u00e3o para as pessoas graves n\u00e3o pode faltar nos hospitais, nem oxig\u00eanio, e foi al\u00e9m. \u201cN\u00e3o pode faltar o pagamento de leitos de UTI pelo Governo Federal aos estados e munic\u00edpios e a vacina\u00e7\u00e3o. Essa \u00e9 a espinha dorsal do nosso trabalho nesta comiss\u00e3o. De agora para a frente, pra valer mesmo, n\u00f3s queremos vacinas, vacinas e vacinas\u201d, enfatizou.<\/p>\n<p>Ao fazer a sua exposi\u00e7\u00e3o, a presidente do Instituto Quest\u00e3o de Ci\u00eancia (IQC &#8211; USP\/S\u00e3o Paulo), Natalia Pasternak, disse que \u00e9 o Pa\u00eds precisa de pol\u00edticas p\u00fablicas de conscientiza\u00e7\u00e3o da popula\u00e7\u00e3o nos diferentes n\u00edveis de lideran\u00e7a e n\u00e3o de posturas p\u00fablicas que confundam a popula\u00e7\u00e3o sobre orienta\u00e7\u00f5es sanit\u00e1rias.<\/p>\n<p><b>Kit Covid<\/b><\/p>\n<p>Natalia Pasternak disse que a trag\u00e9dia da pandemia n\u00e3o pode utilizada como mecanismo de busca de poder, ou seja, politizada. \u201cN\u00f3s n\u00e3o precisamos de que empresas patrocinem a publicidade do\u00a0kit\u00a0Covid; n\u00e3o precisamos de posturas p\u00fablicas alarmistas. Precisamos, sim, de transpar\u00eancia. Precisamos de informa\u00e7\u00e3o\u201d, asseverou.<\/p>\n<p class=\"x_MsoNormal\">De acordo com Pasternak, n\u00e3o existe tratamento espec\u00edfico para a Covid-19. Para ela, isso n\u00e3o deveria ser uma surpresa, porque grande parte das viroses, das doen\u00e7as causadas por v\u00edrus no mundo tamb\u00e9m n\u00e3o tem rem\u00e9dio. \u201cA gente nunca teve rem\u00e9dio para sarampo, para caxumba, a gente n\u00e3o tem rem\u00e9dio para dengue, a gente n\u00e3o tem rem\u00e9dio para febre amarela. A gente tem vacinas. Doen\u00e7as virais, em geral, se controlam com vacinas\u201d, afirmou.<\/p>\n<p class=\"x_MsoNormal\">\n<h3 class=\"x_MsoNormal\"><b>Riscos <\/b><\/h3>\n<p class=\"x_MsoNormal\">A m\u00e9dica e pesquisadora da Funda\u00e7\u00e3o Oswaldo Cruz, Margareth Dalcolmo, disse que o kit Covid, denominado por ela de \u201csaquinhos da ilus\u00e3o\u201d, em que s\u00e3o colocados antibi\u00f3ticos, n\u00e3o t\u00eam a menor indica\u00e7\u00e3o para uma doen\u00e7a que \u00e9 viral. \u201cAntibi\u00f3tico \u00e9 rem\u00e9dio usado em doen\u00e7a causada por bact\u00e9ria, misturando com vitaminas, com zinco, com corticosteroides, que \u00e9 um medicamento que s\u00f3 tem indica\u00e7\u00e3o em casos espec\u00edficos de Covid-19, com crit\u00e9rio m\u00e9dico abalizado naturalmente, e isso mais com anticoagulante, o que piora mais ainda a situa\u00e7\u00e3o\u201d, lembrou.<\/p>\n<p class=\"x_MsoNormal\">Dalcolmo garantiu que est\u00e1 comprovado cientificamente que h\u00e1 perigo \u00a0para o cidad\u00e3o tomar o kit Covid. \u201cH\u00e1 riscos, inclusive, da inocuidade. E eu quero dizer que ser in\u00f3cuo n\u00e3o quer dizer que n\u00e3o faz mal. Ser in\u00f3cuo \u00e9 tomar rem\u00e9dio \u00e0 toa, que n\u00e3o vai funcionar, mesmo que eles n\u00e3o guardassem em si, pela sua pr\u00f3pria farmacologia, algum grau de toxicidade medicamentosa, como \u00e9 fato, mesmo a inocuidade seria equivocada na sua recomenda\u00e7\u00e3o\u201d, disse.<\/p>\n<p class=\"x_MsoNormal\">\n<h4 class=\"x_MsoNormal\"><b>Campanhas informativas <\/b><\/h4>\n<p class=\"x_MsoNormal\"><b>\u00a0<\/b><\/p>\n<p class=\"x_MsoNormal\">Al\u00e9m das vacinas e das medidas preventivas, uso de m\u00e1scara, distanciamento f\u00edsico e social, n\u00e3o h\u00e1 mais nada que se possa fazer para prevenir Covid-19, disse a pesquisadora Natalia Pasternak. Ela afirmou o mais importante nesse momento \u00e9 de uma campanha de informa\u00e7\u00e3o partindo do Governo Federal que incentive as pessoas a usarem m\u00e1scara e a evitar aglomera\u00e7\u00f5es.<\/p>\n<p class=\"x_MsoNormal\"><b>Padroniza\u00e7\u00e3o no tratamento da Covid em UTIs<\/b><\/p>\n<p class=\"x_MsoNormal\">O m\u00e9dico intensivista e supervisor da UTI Cardiol\u00f3gica do Hospital DF Star, de Bras\u00edlia, Fabr\u00edcio Silva, que coordena o trabalho de terapia intensivista, apresentou uma proposta de protocolos e treinamentos padronizados para todo pa\u00eds. Segundo ele, de cada dez pacientes intubados com covid-19, oito morrem e sugeriu criar uma cartilha para padronizar a abordagem inicial e a estabiliza\u00e7\u00e3o do paciente de maior gravidade com a Covid-19.<\/p>\n<p class=\"x_MsoNormal\">Fabr\u00edcio Silva sugeriu criar uma central telef\u00f4nica, via Minist\u00e9rio da Sa\u00fade, ou via Conselho Federal de Medicina (CFM), com plant\u00e3o de 24 horas para discuss\u00e3o dos casos cl\u00ednicos baseando numa cartilha do paciente cr\u00edtico.<\/p>\n<p class=\"x_MsoNormal\">A audi\u00eancia teve a participa\u00e7\u00e3o de senadores membros e n\u00e3o membros, de internautas e ainda do vice-presidente do Conselho Federal de Medicina, Donizetti Dimer Giamberardino Filho.<\/p>\n","protected":false},"excerpt":{"rendered":"<div class=\"mh-excerpt\"><p>A padroniza\u00e7\u00e3o terap\u00eautica em UTIs tamb\u00e9m foi debatida na audi\u00eancia desta segunda-feira.<\/p>\n<\/div>","protected":false},"author":1,"featured_media":31502,"comment_status":"open","ping_status":"closed","sticky":false,"template":"","format":"standard","meta":{"footnotes":""},"categories":[9],"tags":[],"class_list":["post-31501","post","type-post","status-publish","format-standard","has-post-thumbnail","hentry","category-politica"],"_links":{"self":[{"href":"https:\/\/folhaderondonianews.com\/news\/wp-json\/wp\/v2\/posts\/31501","targetHints":{"allow":["GET"]}}],"collection":[{"href":"https:\/\/folhaderondonianews.com\/news\/wp-json\/wp\/v2\/posts"}],"about":[{"href":"https:\/\/folhaderondonianews.com\/news\/wp-json\/wp\/v2\/types\/post"}],"author":[{"embeddable":true,"href":"https:\/\/folhaderondonianews.com\/news\/wp-json\/wp\/v2\/users\/1"}],"replies":[{"embeddable":true,"href":"https:\/\/folhaderondonianews.com\/news\/wp-json\/wp\/v2\/comments?post=31501"}],"version-history":[{"count":0,"href":"https:\/\/folhaderondonianews.com\/news\/wp-json\/wp\/v2\/posts\/31501\/revisions"}],"wp:featuredmedia":[{"embeddable":true,"href":"https:\/\/folhaderondonianews.com\/news\/wp-json\/wp\/v2\/media\/31502"}],"wp:attachment":[{"href":"https:\/\/folhaderondonianews.com\/news\/wp-json\/wp\/v2\/media?parent=31501"}],"wp:term":[{"taxonomy":"category","embeddable":true,"href":"https:\/\/folhaderondonianews.com\/news\/wp-json\/wp\/v2\/categories?post=31501"},{"taxonomy":"post_tag","embeddable":true,"href":"https:\/\/folhaderondonianews.com\/news\/wp-json\/wp\/v2\/tags?post=31501"}],"curies":[{"name":"wp","href":"https:\/\/api.w.org\/{rel}","templated":true}]}}