{"id":31600,"date":"2021-05-01T10:50:23","date_gmt":"2021-05-01T14:50:23","guid":{"rendered":"https:\/\/folhaderondonianews.com\/news\/?p=31600"},"modified":"2021-05-01T10:50:23","modified_gmt":"2021-05-01T14:50:23","slug":"de-joao-doria-a-paulo-guedes-veja-quem-sao-os-proximos-alvos-da-cpi-da-covid","status":"publish","type":"post","link":"https:\/\/folhaderondonianews.com\/news\/2021\/05\/01\/de-joao-doria-a-paulo-guedes-veja-quem-sao-os-proximos-alvos-da-cpi-da-covid\/","title":{"rendered":"De Jo\u00e3o Doria a Paulo Guedes: veja quem s\u00e3o os pr\u00f3ximos &#8216;alvos&#8217; da CPI da Covid"},"content":{"rendered":"<h2 id=\"noticia-olho\">Entre os 209 requerimentos que ainda aguardam delibera\u00e7\u00e3o do colegiado, 134 s\u00e3o pedidos de convoca\u00e7\u00e3o; lista tem nomes de outros ministros do governo Bolsonaro, de governadores e prefeitos, al\u00e9m de secret\u00e1rios estaduais de Sa\u00fade.<\/h2>\n<p class=\"\"><strong>\u00daltimo Segundo &#8211;<\/strong> Nesta semana, a primeira de atua\u00e7\u00e3o da <a href=\"https:\/\/ultimosegundo.ig.com.br\/politica\/2021-04-30\/cpi-da-covid-mobilizacao-planalto-blindar-jair-bolsonaro-atrito-ministros-queixas-senadores.html\">Comiss\u00e3o Parlamentar de Inqu\u00e9rito (CPI) da Covid-19<\/a>\u00a0, os senadores definiram os primeiros nomes que ser\u00e3o convocados a prestarem depoimentos. Al\u00e9m de tr\u00eas ex-ministros da Sa\u00fade &#8211; Mandetta, Teich e Pazuello -, o atual respons\u00e1vel pela pasta, Marcelo Queiroga, e o ex-secret\u00e1rio especial de Comunica\u00e7\u00e3o Social da Presid\u00eancia da Rep\u00fablica, F\u00e1bio Wajngarten, tamb\u00e9m fazem parte desta &#8216;primeira leva&#8217; de convoca\u00e7\u00f5es.<\/p>\n<p>Segundo informa\u00e7\u00f5es da Ag\u00eancia Senado, o colegiado tem ao menos 209 requerimentos que ainda aguardam delibera\u00e7\u00e3o, sendo que 134 destes s\u00e3o sobre novos pedidos de convoca\u00e7\u00f5es para depoimentos. Ao todo, outros cinco ministros, quatro\u00a0<a href=\"https:\/\/ultimosegundo.ig.com.br\/politica\/2021-04-29\/jair-bolsonaro-chama-doria-ditadorzinho-sao-paulo-critica-restricoes.html\">governadores<\/a>\u00a0, quatro prefeitos, 13 secret\u00e1rios estaduais e municipais de Sa\u00fade, al\u00e9m de um integrante do Supremo Tribunal Federal.<\/p>\n<h3>Confira a lista dos pr\u00f3ximos &#8216;alvos&#8217; da comiss\u00e3o<\/h3>\n<ul>\n<li>Ministro Paulo Guedes (Economia)<\/li>\n<li>Ministro Walter Braga Netto (Defesa e ex-Casa Civil)<\/li>\n<li>Ministro Luiz Eduardo Ramos (Casa Civil e ex-Secretaria de Governo)<\/li>\n<li>Ministro Marcos Pontes (Ci\u00eancia, Tecnologia e Inova\u00e7\u00f5es)<\/li>\n<li>Ministra Damares Alves (Mulher, Fam\u00edlia e Direitos Humanos)<\/li>\n<li>Governador Jo\u00e3o Doria (S\u00e3o Paulo)<\/li>\n<li>Governador\u00a0Wilson Lima (Amazonas)<\/li>\n<li>Governador\u00a0Rui Costa (Bahia)<\/li>\n<li>Governador\u00a0H\u00e9lder Barbalho (Par\u00e1)<\/li>\n<li>Prefeito\u00a0David Almeida (Manaus-AM)<\/li>\n<li>Prefeito\u00a0Jo\u00e3o Rodrigues (Chapec\u00f3-SC)<\/li>\n<li>Prefeito\u00a0Toninho Colucci (Ilha Bela-RJ)<\/li>\n<li>Prefeito\u00a0Walter Lessa (S\u00e3o Louren\u00e7o-MG)<\/li>\n<li>Secret\u00e1rios estaduais de Sa\u00fade de Alagoas, Amazonas, Bahia, Cear\u00e1, Maranh\u00e3o, Par\u00e1, Para\u00edba, Pernambuco, Piau\u00ed, Sergipe e Rio Grande do Norte<\/li>\n<li>Secret\u00e1rios municipais de Sa\u00fade de Manaus-AM e de Porto Seguro-BA.<\/li>\n<\/ul>\n","protected":false},"excerpt":{"rendered":"<div class=\"mh-excerpt\"><p>Entre os 209 requerimentos que ainda aguardam delibera\u00e7\u00e3o do colegiado, 134 s\u00e3o pedidos de convoca\u00e7\u00e3o; lista tem nomes de outros ministros do governo Bolsonaro, de governadores e prefeitos, al\u00e9m de secret\u00e1rios estaduais de Sa\u00fade.<\/p>\n<\/div>","protected":false},"author":1,"featured_media":31601,"comment_status":"open","ping_status":"closed","sticky":false,"template":"","format":"standard","meta":{"footnotes":""},"categories":[9],"tags":[6925,448,4160],"class_list":["post-31600","post","type-post","status-publish","format-standard","has-post-thumbnail","hentry","category-politica","tag-convocado","tag-cpi","tag-paulo-guedes"],"_links":{"self":[{"href":"https:\/\/folhaderondonianews.com\/news\/wp-json\/wp\/v2\/posts\/31600","targetHints":{"allow":["GET"]}}],"collection":[{"href":"https:\/\/folhaderondonianews.com\/news\/wp-json\/wp\/v2\/posts"}],"about":[{"href":"https:\/\/folhaderondonianews.com\/news\/wp-json\/wp\/v2\/types\/post"}],"author":[{"embeddable":true,"href":"https:\/\/folhaderondonianews.com\/news\/wp-json\/wp\/v2\/users\/1"}],"replies":[{"embeddable":true,"href":"https:\/\/folhaderondonianews.com\/news\/wp-json\/wp\/v2\/comments?post=31600"}],"version-history":[{"count":0,"href":"https:\/\/folhaderondonianews.com\/news\/wp-json\/wp\/v2\/posts\/31600\/revisions"}],"wp:featuredmedia":[{"embeddable":true,"href":"https:\/\/folhaderondonianews.com\/news\/wp-json\/wp\/v2\/media\/31601"}],"wp:attachment":[{"href":"https:\/\/folhaderondonianews.com\/news\/wp-json\/wp\/v2\/media?parent=31600"}],"wp:term":[{"taxonomy":"category","embeddable":true,"href":"https:\/\/folhaderondonianews.com\/news\/wp-json\/wp\/v2\/categories?post=31600"},{"taxonomy":"post_tag","embeddable":true,"href":"https:\/\/folhaderondonianews.com\/news\/wp-json\/wp\/v2\/tags?post=31600"}],"curies":[{"name":"wp","href":"https:\/\/api.w.org\/{rel}","templated":true}]}}