{"id":32329,"date":"2021-07-24T08:58:34","date_gmt":"2021-07-24T12:58:34","guid":{"rendered":"https:\/\/folhaderondonianews.com\/news\/?p=32329"},"modified":"2021-07-24T09:50:00","modified_gmt":"2021-07-24T13:50:00","slug":"senador-e-prefeito-vistoriam-obras-em-ji-parana","status":"publish","type":"post","link":"https:\/\/folhaderondonianews.com\/news\/2021\/07\/24\/senador-e-prefeito-vistoriam-obras-em-ji-parana\/","title":{"rendered":"Senador e prefeito vistoriam obras em Ji-Paran\u00e1"},"content":{"rendered":"<h2><span class=\"_15gqBTUta5ZVWkGNTkvx90\">Prefeito Isa\u00fa Fonseca (MDB) e o senador Marcos Rog\u00e9rio (DEM-RO) fazem acompanhamento das obras de pavimenta\u00e7\u00e3o.<\/span><\/h2>\n<p class=\"x_MsoNormal\">O Prefeito Isa\u00fa Fonseca e o senador Marcos Rog\u00e9rio foram a alguns bairros de Ji-Paran\u00e1 para verificar como est\u00e1 ficando o asfaltamento que est\u00e1 sendo feito no segundo Distrito. Uma das ruas visitadas foi a Cedro , que est\u00e1 sendo restaurada com recapeamento do asfalto.<\/p>\n<p class=\"x_MsoNormal\">O Senador afirmou que considera de suma import\u00e2ncia estar com o Prefeito Isa\u00fa visitando e acompanhando as obras que est\u00e3o sendo realizadas por Isa\u00fa em nosso Munic\u00edpio. Ver que os recursos assegurados por ele atrav\u00e9s de emendas parlamentares destinados ao Munic\u00edpio est\u00e3o sendo usados de maneira eficiente para melhorar a cidade, no cuidado com sua infraestrutura, e que organizando o tr\u00e2nsito na sua trafegabilidade, tamb\u00e9m na constru\u00e7\u00e3o de meios fios e cal\u00e7adas significa estar dando mais condi\u00e7\u00f5es de seguran\u00e7a e conforto nos deslocamento naquela regi\u00e3o o que melhora a qualidade de vida dos moradores dos mais diversos bairros que est\u00e3o tendo suas ruas asfaltadas e recapeadas.<\/p>\n<figure id=\"attachment_32331\" aria-describedby=\"caption-attachment-32331\" style=\"width: 640px\" class=\"wp-caption alignnone\"><a href=\"https:\/\/folhaderondonianews.com\/news\/wp-content\/uploads\/2021\/07\/isau-e-marcos-rogerio.jpg\"><img decoding=\"async\" class=\"wp-image-32331 size-full lazyload\" data-src=\"https:\/\/folhaderondonianews.com\/news\/wp-content\/uploads\/2021\/07\/isau-e-marcos-rogerio.jpg\" alt=\"Prefeito Isa\u00fa Fonseca e senador Marcos Rog\u00e9rio. Foto; Ascom\" width=\"640\" height=\"407\" data-srcset=\"https:\/\/folhaderondonianews.com\/news\/wp-content\/uploads\/2021\/07\/isau-e-marcos-rogerio.jpg 640w, https:\/\/folhaderondonianews.com\/news\/wp-content\/uploads\/2021\/07\/isau-e-marcos-rogerio-300x191.jpg 300w\" data-sizes=\"(max-width: 640px) 100vw, 640px\" src=\"data:image\/svg+xml;base64,PHN2ZyB3aWR0aD0iMSIgaGVpZ2h0PSIxIiB4bWxucz0iaHR0cDovL3d3dy53My5vcmcvMjAwMC9zdmciPjwvc3ZnPg==\" style=\"--smush-placeholder-width: 640px; --smush-placeholder-aspect-ratio: 640\/407;\" \/><\/a><figcaption id=\"caption-attachment-32331\" class=\"wp-caption-text\">Prefeito Isa\u00fa Fonseca e senador Marcos Rog\u00e9rio. Foto; Ascom<\/figcaption><\/figure>\n<p class=\"x_MsoNormal\">Marcos Rog\u00e9rio afirmou que os trabalhos realizados em parceria s\u00e3o muito importantes, pois o Senador assegura os recursos e o prefeito executa as obras, e assim a popula\u00e7\u00e3o ganha o que lhe \u00e9 de direito. Ele ainda afirmou que \u00e9 apenas o in\u00edcio de um conjunto de investimentos que est\u00e3o sendo feitos. Que tem mais recursos assegurados para a continuidade dos trabalhos da melhoria no tr\u00e2nsito do munic\u00edpio, &#8211; tamb\u00e9m tem outro grande investimento assegurado ainda esse ano para as obras de duplica\u00e7\u00e3o consorciada na pista de acesso que leva ao aeroporto, bem como de ilumina\u00e7\u00e3o p\u00fablica daquela via e tamb\u00e9m a constru\u00e7\u00e3o da ciclovia, al\u00e9m de outros dez milh\u00f5es \u00a0de\u00a0 reais que ele colocou para integrar o \u201cPrograma Poeira Zero\u201d do Prefeito Isa\u00fa Fonseca.<\/p>\n<p class=\"x_MsoNormal\">O senador finalizou dizendo que apesar de estar a trabalho morando fora do munic\u00edpio, e da agenda intensa o crescimento e o desenvolvimento de Ji-Paran\u00e1 est\u00e1 e sempre estar\u00e1 entre suas prioridades, pois essa \u00e9 sua terra natal, e \u00e9 aqui que est\u00e1 o seu povo. E \u00e9 para c\u00e1 que sempre retorna e que, portanto, o bem comum da nossa cidade \u00e9 prioridade para ele.<\/p>\n","protected":false},"excerpt":{"rendered":"<div class=\"mh-excerpt\"><p>Prefeito Isa\u00fa Fonseca (MDB) e o senador Marcos Rog\u00e9rio (DEM-RO) fazem acompanhamento das obras de pavimenta\u00e7\u00e3o.<\/p>\n<\/div>","protected":false},"author":1,"featured_media":32330,"comment_status":"open","ping_status":"closed","sticky":false,"template":"","format":"standard","meta":{"footnotes":""},"categories":[9],"tags":[5596,1054],"class_list":["post-32329","post","type-post","status-publish","format-standard","has-post-thumbnail","hentry","category-politica","tag-isau-fonseca","tag-marcos-rogerio"],"_links":{"self":[{"href":"https:\/\/folhaderondonianews.com\/news\/wp-json\/wp\/v2\/posts\/32329","targetHints":{"allow":["GET"]}}],"collection":[{"href":"https:\/\/folhaderondonianews.com\/news\/wp-json\/wp\/v2\/posts"}],"about":[{"href":"https:\/\/folhaderondonianews.com\/news\/wp-json\/wp\/v2\/types\/post"}],"author":[{"embeddable":true,"href":"https:\/\/folhaderondonianews.com\/news\/wp-json\/wp\/v2\/users\/1"}],"replies":[{"embeddable":true,"href":"https:\/\/folhaderondonianews.com\/news\/wp-json\/wp\/v2\/comments?post=32329"}],"version-history":[{"count":0,"href":"https:\/\/folhaderondonianews.com\/news\/wp-json\/wp\/v2\/posts\/32329\/revisions"}],"wp:featuredmedia":[{"embeddable":true,"href":"https:\/\/folhaderondonianews.com\/news\/wp-json\/wp\/v2\/media\/32330"}],"wp:attachment":[{"href":"https:\/\/folhaderondonianews.com\/news\/wp-json\/wp\/v2\/media?parent=32329"}],"wp:term":[{"taxonomy":"category","embeddable":true,"href":"https:\/\/folhaderondonianews.com\/news\/wp-json\/wp\/v2\/categories?post=32329"},{"taxonomy":"post_tag","embeddable":true,"href":"https:\/\/folhaderondonianews.com\/news\/wp-json\/wp\/v2\/tags?post=32329"}],"curies":[{"name":"wp","href":"https:\/\/api.w.org\/{rel}","templated":true}]}}