{"id":32400,"date":"2021-08-04T18:08:11","date_gmt":"2021-08-04T22:08:11","guid":{"rendered":"https:\/\/folhaderondonianews.com\/news\/?p=32400"},"modified":"2021-08-04T18:08:36","modified_gmt":"2021-08-04T22:08:36","slug":"bolsonaro-sera-investigado-no-inquerito-sobre-fake-news","status":"publish","type":"post","link":"https:\/\/folhaderondonianews.com\/news\/2021\/08\/04\/bolsonaro-sera-investigado-no-inquerito-sobre-fake-news\/","title":{"rendered":"Bolsonaro ser\u00e1 investigado no inqu\u00e9rito sobre fake news"},"content":{"rendered":"<h2>A investiga\u00e7\u00e3o pode tornar <strong>Bolsonaro ineleg\u00edvel<\/strong>\u00a0nas pr\u00f3ximas elei\u00e7\u00f5es presidenciais, em 2022, caso o STF o condene na a\u00e7\u00e3o.<\/h2>\n<p>Terra &#8211; O ministro<strong>\u00a0Alexandre de Moraes<\/strong>, do<strong>\u00a0Supremo Tribunal Federal\u00a0<\/strong>(STF), decidiu incluir o nome do presidente\u00a0<strong>Jair Bolsonaro<\/strong>\u00a0no\u00a0<strong>inqu\u00e9rito das fake news<\/strong>, que investiga a produ\u00e7\u00e3o e compartilhamento de not\u00edcias falsas.<\/p>\n<p class=\"text\">Moraes atende a um pedido do\u00a0<strong>Tribunal Superior Eleitoral<\/strong>\u00a0(TSE) que, na segunda-feira, 2, solicitou a inclus\u00e3o de Bolsonaro na a\u00e7\u00e3o. Na mesma data, a Corte tamb\u00e9m\u00a0<strong>decidiu abrir um inqu\u00e9rito administrativo<\/strong>\u00a0para apurar os ataques do chefe do Executivo ao atual sistema eleitoral do Pa\u00eds.<\/p>\n<p class=\"text\">A investiga\u00e7\u00e3o pode tornar <strong>Bolsonaro ineleg\u00edvel<\/strong>\u00a0nas pr\u00f3ximas elei\u00e7\u00f5es presidenciais, em 2022, caso o STF o condene na a\u00e7\u00e3o.<\/p>\n<p class=\"text\">Mais informa\u00e7\u00f5es em breve.<\/p>\n","protected":false},"excerpt":{"rendered":"<div class=\"mh-excerpt\"><p>A investiga\u00e7\u00e3o pode tornar Bolsonaro ineleg\u00edvel\u00a0nas pr\u00f3ximas elei\u00e7\u00f5es presidenciais, em 2022, caso o STF o condene na a\u00e7\u00e3o.<\/p>\n<\/div>","protected":false},"author":1,"featured_media":32401,"comment_status":"open","ping_status":"closed","sticky":false,"template":"","format":"standard","meta":{"footnotes":""},"categories":[9],"tags":[],"class_list":["post-32400","post","type-post","status-publish","format-standard","has-post-thumbnail","hentry","category-politica"],"_links":{"self":[{"href":"https:\/\/folhaderondonianews.com\/news\/wp-json\/wp\/v2\/posts\/32400","targetHints":{"allow":["GET"]}}],"collection":[{"href":"https:\/\/folhaderondonianews.com\/news\/wp-json\/wp\/v2\/posts"}],"about":[{"href":"https:\/\/folhaderondonianews.com\/news\/wp-json\/wp\/v2\/types\/post"}],"author":[{"embeddable":true,"href":"https:\/\/folhaderondonianews.com\/news\/wp-json\/wp\/v2\/users\/1"}],"replies":[{"embeddable":true,"href":"https:\/\/folhaderondonianews.com\/news\/wp-json\/wp\/v2\/comments?post=32400"}],"version-history":[{"count":0,"href":"https:\/\/folhaderondonianews.com\/news\/wp-json\/wp\/v2\/posts\/32400\/revisions"}],"wp:featuredmedia":[{"embeddable":true,"href":"https:\/\/folhaderondonianews.com\/news\/wp-json\/wp\/v2\/media\/32401"}],"wp:attachment":[{"href":"https:\/\/folhaderondonianews.com\/news\/wp-json\/wp\/v2\/media?parent=32400"}],"wp:term":[{"taxonomy":"category","embeddable":true,"href":"https:\/\/folhaderondonianews.com\/news\/wp-json\/wp\/v2\/categories?post=32400"},{"taxonomy":"post_tag","embeddable":true,"href":"https:\/\/folhaderondonianews.com\/news\/wp-json\/wp\/v2\/tags?post=32400"}],"curies":[{"name":"wp","href":"https:\/\/api.w.org\/{rel}","templated":true}]}}