{"id":32408,"date":"2021-08-06T09:52:19","date_gmt":"2021-08-06T13:52:19","guid":{"rendered":"https:\/\/folhaderondonianews.com\/news\/?p=32408"},"modified":"2021-08-06T09:52:19","modified_gmt":"2021-08-06T13:52:19","slug":"caso-das-rachadinhas-de-flavio-bolsonaro-volta-a-andar-na-justica-do-rio","status":"publish","type":"post","link":"https:\/\/folhaderondonianews.com\/news\/2021\/08\/06\/caso-das-rachadinhas-de-flavio-bolsonaro-volta-a-andar-na-justica-do-rio\/","title":{"rendered":"Caso das rachadinhas de Fl\u00e1vio Bolsonaro volta a andar na Justi\u00e7a do Rio"},"content":{"rendered":"<h2 id=\"noticia-olho\">Ap\u00f3s Minist\u00e9rio P\u00fablico defender validade das provas, desembargadora expediu notifica\u00e7\u00e3o para que denunciados respondam \u00e0 acusa\u00e7\u00e3o.<\/h2>\n<p class=\" \">\u00daltimo Segundo &#8211; A a\u00e7\u00e3o movida pelo Minist\u00e9rio P\u00fablico (MP) do Rio <a href=\"https:\/\/ultimosegundo.ig.com.br\/brasil\/2021-08-02\/flavio-bolsonaro-rachadinha.html\">contra o senador Fl\u00e1vio Bolsonaro <\/a>(Patriota-RJ) no caso das rachadinhas\u00a0voltou a andar. O Tribunal de Justi\u00e7a do Rio de Janeiro (TJ-RJ) autorizou o prosseguimento da a\u00e7\u00e3o, que estava h\u00e1 mais de seis meses parada. O parlamentar \u00e9 acusado de comandar um esquema de recolhimento de sal\u00e1rios de seu assessores \u00e0 \u00e9poca em que era deputado estadual na Assembleia Legislativa do Estado do Rio de Janeiro (Alerj). O filho do presidente nega qualquer irregularidade.<\/p>\n<p>Em uma decis\u00e3o sigilosa proferida em 30 de junho, a desembargadora Maria Augusta Vaz Monteiro de Figueiredo acolheu o pedido do MP e determinou que os acusados sejam notificados para apresentar resposta \u00e0 acusa\u00e7\u00e3o. Essas comunica\u00e7\u00f5es foram expedidas na \u00faltima ter\u00e7a-feira, 3 .<\/p>\n<p>Procurada, a defesa de Fl\u00e1vio Bolsonaro classificou a notifica\u00e7\u00e3o de &#8220;precipitada&#8221; e disse que reclamar\u00e1 ao Superior Tribunal de Justi\u00e7a (STJ). Em fevereiro, a Quinta Turma do STJ anulou as quebras de sigilo banc\u00e1rio e fiscal do senador efetuadas ao longo da investiga\u00e7\u00e3o.<\/p>\n<p>Uma das provas citadas pelo MP \u00e9 um acordo de dela\u00e7\u00e3o premiada assinado com a ex-assessora Luiza Souza Paes, que confessou o esquema das rachadinhas no gabinete. Seu depoimento foi revelado pelo GLOBO. &#8220;Seguindo essa linha de racioc\u00ednio, a mesma sorte merece o acordo de colabora\u00e7\u00e3o firmado entre o Minist\u00e9rio P\u00fablico e denunciada Luiza Souza Paes, (&#8230;) que cont\u00e9m provas absolutamente independentes da quebra do sigilo banc\u00e1rio do fiscal dos investigados, fornecidas de forma espont\u00e2nea pela colaboradora&#8221;, escreveu o subprocurador.<\/p>\n","protected":false},"excerpt":{"rendered":"<div class=\"mh-excerpt\"><p>Ap\u00f3s Minist\u00e9rio P\u00fablico defender validade das provas, desembargadora expediu notifica\u00e7\u00e3o para que denunciados respondam \u00e0 acusa\u00e7\u00e3o.<\/p>\n<\/div>","protected":false},"author":1,"featured_media":32409,"comment_status":"open","ping_status":"closed","sticky":false,"template":"","format":"standard","meta":{"footnotes":""},"categories":[9],"tags":[4267,6976],"class_list":["post-32408","post","type-post","status-publish","format-standard","has-post-thumbnail","hentry","category-politica","tag-flavio-bolsonaro","tag-rachadinhas"],"_links":{"self":[{"href":"https:\/\/folhaderondonianews.com\/news\/wp-json\/wp\/v2\/posts\/32408","targetHints":{"allow":["GET"]}}],"collection":[{"href":"https:\/\/folhaderondonianews.com\/news\/wp-json\/wp\/v2\/posts"}],"about":[{"href":"https:\/\/folhaderondonianews.com\/news\/wp-json\/wp\/v2\/types\/post"}],"author":[{"embeddable":true,"href":"https:\/\/folhaderondonianews.com\/news\/wp-json\/wp\/v2\/users\/1"}],"replies":[{"embeddable":true,"href":"https:\/\/folhaderondonianews.com\/news\/wp-json\/wp\/v2\/comments?post=32408"}],"version-history":[{"count":0,"href":"https:\/\/folhaderondonianews.com\/news\/wp-json\/wp\/v2\/posts\/32408\/revisions"}],"wp:featuredmedia":[{"embeddable":true,"href":"https:\/\/folhaderondonianews.com\/news\/wp-json\/wp\/v2\/media\/32409"}],"wp:attachment":[{"href":"https:\/\/folhaderondonianews.com\/news\/wp-json\/wp\/v2\/media?parent=32408"}],"wp:term":[{"taxonomy":"category","embeddable":true,"href":"https:\/\/folhaderondonianews.com\/news\/wp-json\/wp\/v2\/categories?post=32408"},{"taxonomy":"post_tag","embeddable":true,"href":"https:\/\/folhaderondonianews.com\/news\/wp-json\/wp\/v2\/tags?post=32408"}],"curies":[{"name":"wp","href":"https:\/\/api.w.org\/{rel}","templated":true}]}}